{"id":163526,"date":"2025-06-09T15:35:09","date_gmt":"2025-06-09T15:35:09","guid":{"rendered":"https:\/\/www.europesays.com\/fr\/163526\/"},"modified":"2025-06-09T15:35:09","modified_gmt":"2025-06-09T15:35:09","slug":"deces-de-stu-wilson-legende-des-all-blacks","status":"publish","type":"post","link":"https:\/\/www.europesays.com\/fr\/163526\/","title":{"rendered":"d\u00e9c\u00e8s de Stu Wilson, l\u00e9gende des All Blacks"},"content":{"rendered":"<p>L\u2019ancien capitaine des All Blacks est d\u00e9c\u00e9d\u00e9 dimanche \u00e0 l\u2019\u00e2ge de 70 ans. La F\u00e9d\u00e9ration n\u00e9o-z\u00e9landaise a rendu hommage \u00e0 \u00abl\u2019un des meilleurs ailiers\u00bb de la discipline.<\/p>\n<p class=\"fig-paragraph\">L&rsquo;ancien capitaine des All Blacks Stu Wilson est d\u00e9c\u00e9d\u00e9 dimanche \u00e0 l&rsquo;\u00e2ge de 70 ans, a annonc\u00e9 lundi la F\u00e9d\u00e9ration n\u00e9o-z\u00e9landaise de rugby, qui pleure \u00abl&rsquo;un des meilleurs ailiers\u00bb de la discipline.<\/p>\n<p class=\"fig-paragraph\">Stu Wilson est connu pour avoir \u00e9t\u00e9 l&rsquo;un des plus brillants ailiers n\u00e9o-z\u00e9landais de l&rsquo;\u00e8re du rugby amateur, marquant 51 essais en 85 matches des All Blacks, dont 34 test-matches.<\/p>\n<p class=\"fig-paragraph\">Il avait effectu\u00e9 ses d\u00e9buts sous le maillot \u00e0 la foug\u00e8re argent\u00e9e en 1976 et a disput\u00e9 34 tests officiels, marquant 19 essais. Il est devenu le premier ailier \u00e0 devenir capitaine des All Blacks lors de leur tourn\u00e9e victorieuse en \u00c9cosse et en Angleterre en 1983. Il a \u00e9galement particip\u00e9 \u00e0 la victoire 4-0 contre les Lions britanniques et irlandais en Nouvelle-Z\u00e9lande en 1983, marquant un tripl\u00e9 d\u2019essais lors du quatri\u00e8me test.<\/p>\n<p class=\"fig-paragraph\">Stu Wilson compte \u00e9galement 89 apparitions sous le maillot de la province de Wellington, entre 1975 et 1984, marquant 216 points.<\/p>\n<blockquote class=\"fig-quote&#10;    \">\n<p class=\"fig-quote__text\">\u00ab Nous l\u2019avons appel\u00e9 \u2019\u2019Super Stu\u2019\u2019 parce que c\u2019\u00e9tait un super joueur de rugby. Il semblait simplement glisser \u00e0 travers les br\u00e8ches sans effort.\u00a0\u00bb\u00a0<\/p>\n<p>            Murray Mexted, troisi\u00e8me-ligne des All Blacks de 1979 \u00e0 1985\n    <\/p><\/blockquote>\n<p class=\"fig-paragraph\">\u00abStu \u00e9tait l&rsquo;un des meilleurs ailiers (&#8230;) et l&rsquo;un des personnages les plus m\u00e9morables du rugby\u00bb, a d\u00e9clar\u00e9 David Kirk, le pr\u00e9sident du conseil d&rsquo;administration de la f\u00e9d\u00e9ration n\u00e9o-z\u00e9landaise de rugby, qui a jou\u00e9 aux c\u00f4t\u00e9s de Wilson.<\/p>\n<p class=\"fig-paragraph\">L\u2019ancien troisi\u00e8me-ligne des All Blacks, Murray Mexted, a d\u00e9clar\u00e9 que son ancien co\u00e9quipier \u00abvivait sa vie avec le sourire aux l\u00e8vres\u00bb. \u00abNous l\u2019avons appel\u00e9 \u2019\u2019Super Stu\u2019\u2019 parce que c\u2019\u00e9tait un super joueur de rugby, a-t-il d\u00e9clar\u00e9 ce lundi \u00e0 Radio New Zealand. Il semblait simplement glisser \u00e0 travers les br\u00e8ches sans effort et il \u00e9tait si bon dans ce domaine qu\u2019\u00e0 un moment donn\u00e9, ils l\u2019ont plac\u00e9 au centre.\u00bb<\/p>\n<p class=\"fig-paragraph\">Pour Mark Robinson, directeur g\u00e9n\u00e9ral de la f\u00e9d\u00e9ration, M. Wilson \u00e9tait en avance sur son temps. \u00abSon style et sa joie de jouer ont inspir\u00e9 toute une g\u00e9n\u00e9ration.\u00bb<\/p>\n<p class=\"fig-paragraph\">\u00ab\u00c0 la retraite, il est rest\u00e9 une figure publique positive et respect\u00e9e pour le rugby et a continu\u00e9 \u00e0 rester en contact avec son club et sa province\u00bb, a ajout\u00e9 Robinson.<\/p>\n","protected":false},"excerpt":{"rendered":"L\u2019ancien capitaine des All Blacks est d\u00e9c\u00e9d\u00e9 dimanche \u00e0 l\u2019\u00e2ge de 70 ans. La F\u00e9d\u00e9ration n\u00e9o-z\u00e9landaise a rendu&hellip;\n","protected":false},"author":2,"featured_media":163527,"comment_status":"","ping_status":"","sticky":false,"template":"","format":"standard","meta":{"footnotes":""},"categories":[1416],"tags":[2306,2305,525,2309,1981,2313,1089,451,814,1011,27,955,13071,2308,2311,1980,479,1468,2259,2307,60,478,2310,2312,513],"class_list":{"0":"post-163526","1":"post","2":"type-post","3":"status-publish","4":"format-standard","5":"has-post-thumbnail","7":"category-rugby","8":"tag-6-nations","9":"tag-all-blacks","10":"tag-calendrier","11":"tag-challenge-europeen","12":"tag-classement","13":"tag-clermont","14":"tag-coupe-deurope","15":"tag-coupe-du-monde","16":"tag-direct","17":"tag-fr","18":"tag-france","19":"tag-match","20":"tag-nouvelle-zelande","21":"tag-pro-d2","22":"tag-racing","23":"tag-resultats","24":"tag-rugby","25":"tag-rugby-football","26":"tag-score","27":"tag-six-nations","28":"tag-sports","29":"tag-top-14","30":"tag-toulon","31":"tag-toulouse","32":"tag-xv-de-france"},"share_on_mastodon":{"url":"https:\/\/pubeurope.com\/@fr\/114654145657131977","error":""},"_links":{"self":[{"href":"https:\/\/www.europesays.com\/fr\/wp-json\/wp\/v2\/posts\/163526","targetHints":{"allow":["GET"]}}],"collection":[{"href":"https:\/\/www.europesays.com\/fr\/wp-json\/wp\/v2\/posts"}],"about":[{"href":"https:\/\/www.europesays.com\/fr\/wp-json\/wp\/v2\/types\/post"}],"author":[{"embeddable":true,"href":"https:\/\/www.europesays.com\/fr\/wp-json\/wp\/v2\/users\/2"}],"replies":[{"embeddable":true,"href":"https:\/\/www.europesays.com\/fr\/wp-json\/wp\/v2\/comments?post=163526"}],"version-history":[{"count":0,"href":"https:\/\/www.europesays.com\/fr\/wp-json\/wp\/v2\/posts\/163526\/revisions"}],"wp:featuredmedia":[{"embeddable":true,"href":"https:\/\/www.europesays.com\/fr\/wp-json\/wp\/v2\/media\/163527"}],"wp:attachment":[{"href":"https:\/\/www.europesays.com\/fr\/wp-json\/wp\/v2\/media?parent=163526"}],"wp:term":[{"taxonomy":"category","embeddable":true,"href":"https:\/\/www.europesays.com\/fr\/wp-json\/wp\/v2\/categories?post=163526"},{"taxonomy":"post_tag","embeddable":true,"href":"https:\/\/www.europesays.com\/fr\/wp-json\/wp\/v2\/tags?post=163526"}],"curies":[{"name":"wp","href":"https:\/\/api.w.org\/{rel}","templated":true}]}}