{"id":163543,"date":"2025-06-09T15:45:22","date_gmt":"2025-06-09T15:45:22","guid":{"rendered":"https:\/\/www.europesays.com\/fr\/163543\/"},"modified":"2025-06-09T15:45:22","modified_gmt":"2025-06-09T15:45:22","slug":"grosse-desillusion-pour-emilien-dans-les-12-coups-de-midi-le-champion-a-enchaine-les-mauvaises-reponses","status":"publish","type":"post","link":"https:\/\/www.europesays.com\/fr\/163543\/","title":{"rendered":"Grosse d\u00e9sillusion pour \u00c9milien dans Les 12 coups de midi, le champion a encha\u00een\u00e9 les mauvaises r\u00e9ponses"},"content":{"rendered":"<p>Champion incontest\u00e9 des 12 coups de midi, \u00c9milien continue d&rsquo;impressionner par ses vastes connaissances. Mais le Ma\u00eetre de midi n&rsquo;a pas \u00e9t\u00e9 \u00e9pargn\u00e9 par les questions qui lui \u00e9taient pos\u00e9es ce lundi 9 juin.<\/p>\n<p>\u00c9milien brille dans Les 12 coups de midi depuis son arriv\u00e9e en septembre 2023. Avec<a href=\"https:\/\/www.programme-tv.net\/news\/tv\/370414-c-est-completement-surrealiste-emilien-les-12-coups-de-midi-reagit-apres-avoir-gagne-plus-de-2-millions-d-euros-dans-le-jeu-de-tf1\/\" data-api-deeplink=\"teleloisirs:\/\/news\/370414\" target=\"_blank\" rel=\"noopener\"> une cagnotte d\u00e9passant les deux millions d&rsquo;euros de gains et de cadeaux<\/a>, le Ma\u00eetre de midi est devenu le candidat qui a empoch\u00e9 le plus d&rsquo;argent dans un jeu t\u00e9l\u00e9vis\u00e9 fran\u00e7ais. <a href=\"https:\/\/www.programme-tv.net\/news\/tv\/379729-ma-mere-travaille-enormement-pour-gagner-moins-emilien-les-12-coups-de-midi-engrange-120-000-euros-par-mois-dans-sa-cagnotte-son-avis-cash\/\" data-api-deeplink=\"teleloisirs:\/\/news\/379729\" target=\"_blank\" rel=\"noopener\">Un exploit qu&rsquo;il ne r\u00e9alise toujours pas<\/a>, comme il l&rsquo;avait expliqu\u00e9 devant les cam\u00e9ras de Sept \u00e0 Huit. \u00ab\u00a0Je vois ma m\u00e8re travailler \u00e9norm\u00e9ment pour gagner moins, c&rsquo;est tr\u00e8s particulier comme sensation. En moyenne, \u00e7a doit faire 120 000 euros par mois, ce qui est compl\u00e8tement d\u00e9mesur\u00e9.\u00a0\u00bb Malgr\u00e9 <a href=\"https:\/\/www.programme-tv.net\/news\/tv\/367360-il-y-en-a-qui-sont-jaloux-de-cette-reussite-jean-luc-reichmann-prend-la-defense-d-emilien-les-12-coups-de-midi-apres-des-critiques-sur-le-champion\/\" data-api-deeplink=\"teleloisirs:\/\/news\/367360\" target=\"_blank\" rel=\"noopener\">les critiques qu&rsquo;il re\u00e7oit<\/a>, \u00c9milien continue son parcours hors normes, parfois marqu\u00e9 par des difficult\u00e9s.<\/p>\n<p><b>\u00c9milien (<\/b><b>Les 12 coups de midi<\/b><b>) en grande difficult\u00e9 lors de la derni\u00e8re \u00e9tape du jeu<\/b><\/p>\n<p>\u00c9milien \u00e9tait de retour sur le plateau des 12 coups de midi ce lundi 9 juin. Comme \u00e0 l&rsquo;accoutum\u00e9e, le jeune champion a \u00e9vinc\u00e9 ses adversaires du jour et s&rsquo;est retrouv\u00e9 face \u00e0 <a href=\"https:\/\/www.programme-tv.net\/biographie\/2099-reichmann-jean-luc\/\" data-link-people=\"f5b49b93-58e5-45b7-be63-499f37b1b108\" target=\"_blank\" rel=\"noopener\">Jean-Luc Reichmann<\/a> pour la derni\u00e8re \u00e9preuve du jeu intitul\u00e9e \u00ab\u00a0Le Coup de ma\u00eetre\u00a0\u00bb. Comme vous le savez s\u00fbrement, durant cette \u00e9tape, le Ma\u00eetre de midi doit donner cinq bonnes r\u00e9ponses afin de faire une proposition de nom pour deviner la personnalit\u00e9 qui se cache derri\u00e8re l&rsquo;\u00c9toile myst\u00e9rieuse. Mais apr\u00e8s avoir donn\u00e9 deux bonnes r\u00e9ponses, le compagnon de Jessica s&rsquo;est retrouv\u00e9 en grande difficult\u00e9. En effet, \u00c9milien a r\u00e9pondu faux \u00e0 la question : \u00ab\u00a0Qui fut la deuxi\u00e8me \u00e9pouse de Johnny Hallyday ?\u00a0\u00bb Au lieu de r\u00e9pondre <a href=\"https:\/\/www.programme-tv.net\/news\/people\/263694-babeth-lex-femme-de-johnny-hallyday-raconte-comment-elle-a-appris-quil-la-quittait-pour-nathalie-baye-jai-cru-mourir\/\" data-api-deeplink=\"teleloisirs:\/\/news\/263694\" target=\"_blank\" rel=\"noopener\">Elisabeth Etienne<\/a>, le champion a donn\u00e9 le nom de la com\u00e9dienne <a href=\"https:\/\/www.programme-tv.net\/news\/cinema\/210289-nathalie-baye-se-confie-sur-sa-fille-laura-smet-et-cette-mediatisation-qui-la-fait-vomir\/\" data-api-deeplink=\"teleloisirs:\/\/news\/210289\" target=\"_blank\" rel=\"noopener\">Nathalie Baye, qui est aussi la m\u00e8re de Laura Smet<\/a>.<\/p>\n<p>                        <b>\u00c9milien (<\/b><b>Les 12 coups de midi<\/b><b>) n&rsquo;a pas tent\u00e9 sa chance pour l&rsquo;\u00c9toile myst\u00e9rieuse <\/b><\/p>\n<p>Apr\u00e8s une question autour de la vie amoureuse de <a href=\"https:\/\/www.programme-tv.net\/biographie\/3360-hallyday-johnny\/\" data-link-people=\"a4faf8a0-392e-4667-b1ac-10fd635b3319\" target=\"_blank\" rel=\"noopener\">Johnny Hallyday<\/a>, \u00c9milien a \u00e9t\u00e9 interrog\u00e9 sur deux l\u00e9gendes du 7e art avec la question suivante : \u00ab\u00a0Pour quel classique du cin\u00e9ma, le duo <a href=\"https:\/\/www.programme-tv.net\/biographie\/4578-bardot-brigitte\/\" data-link-people=\"6811d527-8899-435d-a663-b877dff1c6d8\" target=\"_blank\" rel=\"noopener\">Brigitte Bardot<\/a> et <a href=\"https:\/\/www.programme-tv.net\/biographie\/1684-hepburn-audrey\/\" data-link-people=\"59f8b91a-72e0-42d5-a469-6f2b362f9b2a\" target=\"_blank\" rel=\"noopener\">Audrey Hepburn<\/a> avait-il \u00e9t\u00e9 envisag\u00e9 \u00e0 l&rsquo;origine ?\u00a0\u00bb Malheureusement pour le champion, il a propos\u00e9 le film Thelma et Louise alors que la bonne r\u00e9ponse \u00e9tait Les demoiselles de Rochefort de <a href=\"https:\/\/www.programme-tv.net\/biographie\/11667-demy-jacques\/\" data-link-people=\"e659f5b4-a2c0-45c3-ac87-dfa213141b02\" target=\"_blank\" rel=\"noopener\">Jacques Demy<\/a>. Si l&rsquo;on pensait que l&rsquo;\u00e9tudiant se rattraperait avec la derni\u00e8re question, ce ne fut malheureusement pas le cas. \u00c0 la question : \u00ab\u00a0Qu&rsquo;est-ce que 38% des Fran\u00e7ais pensent de leur logement ?\u00a0\u00bb, il a donn\u00e9 une mauvaise r\u00e9ponse en choisissant la proposition \u00ab\u00a0Il est trop grand\u00a0\u00bb alors qu&rsquo;il s&rsquo;agissait en r\u00e9alit\u00e9 de la r\u00e9ponse suivante : \u00ab\u00a0Il correspond \u00e0 leur r\u00eave\u00a0\u00bb. S&rsquo;il conserve bien sa place de Ma\u00eetre de midi, \u00c9milien n&rsquo;a n\u00e9anmoins pas pu tenter l&rsquo;\u00c9toile myst\u00e9rieuse, empochant seulement 10 euros&#8230;<\/p>\n<p>Article \u00e9crit en collaboration avec 6M\u00e9dias<\/p>\n","protected":false},"excerpt":{"rendered":"Champion incontest\u00e9 des 12 coups de midi, \u00c9milien continue d&rsquo;impressionner par ses vastes connaissances. Mais le Ma\u00eetre de&hellip;\n","protected":false},"author":2,"featured_media":163544,"comment_status":"","ping_status":"","sticky":false,"template":"","format":"standard","meta":{"footnotes":""},"categories":[1356],"tags":[244,58,8049,59,1011,27,8050,252,199,2175,1364],"class_list":{"0":"post-163543","1":"post","2":"type-post","3":"status-publish","4":"format-standard","5":"has-post-thumbnail","7":"category-television","8":"tag-commentaire","9":"tag-divertissement","10":"tag-emilien-les-12-coups-de-midi","11":"tag-entertainment","12":"tag-fr","13":"tag-france","14":"tag-les-douze-coups-de-midi","15":"tag-television","16":"tag-tf1","17":"tag-tl-story","18":"tag-tv"},"share_on_mastodon":{"url":"https:\/\/pubeurope.com\/@fr\/114654185053071890","error":""},"_links":{"self":[{"href":"https:\/\/www.europesays.com\/fr\/wp-json\/wp\/v2\/posts\/163543","targetHints":{"allow":["GET"]}}],"collection":[{"href":"https:\/\/www.europesays.com\/fr\/wp-json\/wp\/v2\/posts"}],"about":[{"href":"https:\/\/www.europesays.com\/fr\/wp-json\/wp\/v2\/types\/post"}],"author":[{"embeddable":true,"href":"https:\/\/www.europesays.com\/fr\/wp-json\/wp\/v2\/users\/2"}],"replies":[{"embeddable":true,"href":"https:\/\/www.europesays.com\/fr\/wp-json\/wp\/v2\/comments?post=163543"}],"version-history":[{"count":0,"href":"https:\/\/www.europesays.com\/fr\/wp-json\/wp\/v2\/posts\/163543\/revisions"}],"wp:featuredmedia":[{"embeddable":true,"href":"https:\/\/www.europesays.com\/fr\/wp-json\/wp\/v2\/media\/163544"}],"wp:attachment":[{"href":"https:\/\/www.europesays.com\/fr\/wp-json\/wp\/v2\/media?parent=163543"}],"wp:term":[{"taxonomy":"category","embeddable":true,"href":"https:\/\/www.europesays.com\/fr\/wp-json\/wp\/v2\/categories?post=163543"},{"taxonomy":"post_tag","embeddable":true,"href":"https:\/\/www.europesays.com\/fr\/wp-json\/wp\/v2\/tags?post=163543"}],"curies":[{"name":"wp","href":"https:\/\/api.w.org\/{rel}","templated":true}]}}