{"id":163549,"date":"2025-06-09T15:48:09","date_gmt":"2025-06-09T15:48:09","guid":{"rendered":"https:\/\/www.europesays.com\/fr\/163549\/"},"modified":"2025-06-09T15:48:09","modified_gmt":"2025-06-09T15:48:09","slug":"elle-se-nettoie-le-nez-a-leau-du-robinet-et-meurt-dune-amibe-mangeuse-de-cerveau","status":"publish","type":"post","link":"https:\/\/www.europesays.com\/fr\/163549\/","title":{"rendered":"Elle se nettoie le nez \u00e0 l\u2019eau du robinet et meurt d\u2019une amibe \u00ab\u00a0mangeuse de cerveau\u00a0\u00bb"},"content":{"rendered":"<p>Un geste anodin lui a co\u00fbt\u00e9 la vie. Une femme est d\u00e9c\u00e9d\u00e9e au Texas (USA) d\u2019une infection caus\u00e9e par une amibe \u00ab\u00a0<a href=\"https:\/\/www.20minutes.fr\/sante\/4013937-20221213-maladies-infectieuses-pourquoi-empecher-amibes-bunkeriser-permettra-mieux-eliminer\" target=\"_blank\" class=\"color-ultramarine c-link\" rel=\"nofollow noopener\">mangeuse de cerveau<\/a>\u00a0\u00bb, quelques jours apr\u00e8s s\u2019\u00eatre nettoy\u00e9 les sinus avec de <a href=\"https:\/\/www.20minutes.fr\/dossier\/eau\" class=\"color-ultramarine c-link\" rel=\"nofollow noopener\" target=\"_blank\">l\u2019eau du robinet<\/a>, rapporte <a href=\"https:\/\/www.nbcnews.com\/health\/health-news\/texas-brain-eating-amoeba-death-rcna211312\" target=\"_blank\" class=\"color-ultramarine c-link\" rel=\"nofollow noopener\">NBC News<\/a><\/p>\n<p>Selon un rapport de cas des Centers for Disease Control and Prevention (CDC) que citent nos confr\u00e8res, la victime, une femme \u00e2g\u00e9e de 71 ans, \u00e9tait en bonne sant\u00e9. Les premiers <a href=\"https:\/\/www.20minutes.fr\/dossier\/cerveau\" class=\"color-ultramarine c-link\" rel=\"nofollow noopener\" target=\"_blank\">sympt\u00f4mes neurologiques<\/a> sont apparus quatre jours apr\u00e8s avoir rempli avec l\u2019eau du robinet de son camping-car, dont le r\u00e9servoir d\u2019eau potable avait \u00e9t\u00e9 rempli avant qu\u2019elle n\u2019ach\u00e8te ce v\u00e9hicule trois mois plus t\u00f4t, un dispositif d\u2019irrigation nasal.<\/p>\n<\/p>\n<p>Trait\u00e9e rapidement pour une m\u00e9ningo-enc\u00e9phalite amibienne primitive (une <a href=\"https:\/\/www.20minutes.fr\/dossier\/infection\" class=\"color-ultramarine c-link\" rel=\"nofollow noopener\" target=\"_blank\">infection<\/a> c\u00e9r\u00e9brale souvent appel\u00e9e \u00ab\u00a0amibe mangeuse de cerveau\u00a0\u00bb), elle est <a href=\"https:\/\/www.20minutes.fr\/faits_divers\/\" class=\"color-ultramarine c-link\" rel=\"nofollow noopener\" target=\"_blank\">finalement d\u00e9c\u00e9d\u00e9e<\/a> huit jours apr\u00e8s l\u2019apparition des sympt\u00f4mes. Si cette infection survient g\u00e9n\u00e9ralement apr\u00e8s des \u00ab\u00a0activit\u00e9s r\u00e9cr\u00e9atives dans l\u2019eau\u00a0\u00bb, le CDC insiste sur l\u2019importance d\u2019utiliser de l\u2019eau distill\u00e9e, st\u00e9rilis\u00e9e ou bouillie puis refroidie, lors d\u2019irrigations nasales.<\/p>\n<p><\/p>\n","protected":false},"excerpt":{"rendered":"Un geste anodin lui a co\u00fbt\u00e9 la vie. Une femme est d\u00e9c\u00e9d\u00e9e au Texas (USA) d\u2019une infection caus\u00e9e&hellip;\n","protected":false},"author":2,"featured_media":163550,"comment_status":"","ping_status":"","sticky":false,"template":"","format":"standard","meta":{"footnotes":""},"categories":[10],"tags":[47,231,4858,73,1011,27,72,13849,224,71,5699,104,3926],"class_list":{"0":"post-163549","1":"post","2":"type-post","3":"status-publish","4":"format-standard","5":"has-post-thumbnail","7":"category-sante","8":"tag-actualite","9":"tag-cerveau","10":"tag-eau","11":"tag-etats-unis","12":"tag-fr","13":"tag-france","14":"tag-health","15":"tag-infection","16":"tag-medecine","17":"tag-sante","18":"tag-sante-publique","19":"tag-societe","20":"tag-texas"},"share_on_mastodon":{"url":"https:\/\/pubeurope.com\/@fr\/114654196782673634","error":""},"_links":{"self":[{"href":"https:\/\/www.europesays.com\/fr\/wp-json\/wp\/v2\/posts\/163549","targetHints":{"allow":["GET"]}}],"collection":[{"href":"https:\/\/www.europesays.com\/fr\/wp-json\/wp\/v2\/posts"}],"about":[{"href":"https:\/\/www.europesays.com\/fr\/wp-json\/wp\/v2\/types\/post"}],"author":[{"embeddable":true,"href":"https:\/\/www.europesays.com\/fr\/wp-json\/wp\/v2\/users\/2"}],"replies":[{"embeddable":true,"href":"https:\/\/www.europesays.com\/fr\/wp-json\/wp\/v2\/comments?post=163549"}],"version-history":[{"count":0,"href":"https:\/\/www.europesays.com\/fr\/wp-json\/wp\/v2\/posts\/163549\/revisions"}],"wp:featuredmedia":[{"embeddable":true,"href":"https:\/\/www.europesays.com\/fr\/wp-json\/wp\/v2\/media\/163550"}],"wp:attachment":[{"href":"https:\/\/www.europesays.com\/fr\/wp-json\/wp\/v2\/media?parent=163549"}],"wp:term":[{"taxonomy":"category","embeddable":true,"href":"https:\/\/www.europesays.com\/fr\/wp-json\/wp\/v2\/categories?post=163549"},{"taxonomy":"post_tag","embeddable":true,"href":"https:\/\/www.europesays.com\/fr\/wp-json\/wp\/v2\/tags?post=163549"}],"curies":[{"name":"wp","href":"https:\/\/api.w.org\/{rel}","templated":true}]}}