{"id":163554,"date":"2025-06-09T15:51:13","date_gmt":"2025-06-09T15:51:13","guid":{"rendered":"https:\/\/www.europesays.com\/fr\/163554\/"},"modified":"2025-06-09T15:51:13","modified_gmt":"2025-06-09T15:51:13","slug":"creer-un-cv-pro-en-1-minute-chrono-test-sans-triche-de-lia-de-canva","status":"publish","type":"post","link":"https:\/\/www.europesays.com\/fr\/163554\/","title":{"rendered":"Cr\u00e9er un CV pro en 1 minute chrono ? Test sans triche de l\u2019IA de Canva"},"content":{"rendered":"<p class=\"ed__a-p ed__bdy__l\"><img loading=\"lazy\" decoding=\"async\" src=\"data:image\/svg+xml,%3Csvg xmlns='http:\/\/www.w3.org\/2000\/svg'%3E%3C\/svg%3E\" draggable=\"false\" width=\"810\" height=\"557\" class=\"ed__title-xxs\" alt=\"L'outil de g\u00e9n\u00e9ration de CV par IA de Canva\" style=\"background-color: #f2f2f2; aspect-ratio:810\/557;\"\/><\/p>\n<p>L&rsquo;outil de g\u00e9n\u00e9ration de CV par IA de Canva.<\/p>\n<p>\u00a9 Canva<\/p>\n<\/p>\n<p class=\"ed__a-p ed__bdy__l\">S\u2019il y a bien une corv\u00e9e qu\u2019une grande majorit\u00e9 des travailleurs doit r\u00e9guli\u00e8rement r\u00e9aliser, c\u2019est cr\u00e9er ou mettre \u00e0 jour son CV. Pour faciliter cette \u00e9tape incontournable dans la recherche d\u2019un emploi, le suite de cr\u00e9ation <a href=\"https:\/\/www.canva.com\" target=\"_blank\" rel=\"nofollow noopener\">Canva<\/a> propose depuis peu un outil dop\u00e9 \u00e0 l\u2019IA. Celui-ci doit aider \u00e0 la cr\u00e9ation de CV, mais aussi \u00e0 la g\u00e9n\u00e9ration de lettres de motivation.<\/p>\n<p>        Publicit\u00e9, votre contenu continue ci-dessous<\/p>\n<p class=\"ed__a-p ed__bdy__l\">Voyons comment cela fonctionne et, surtout, si la proposition, qui est pour le moment gratuite, est efficace, tant en temps gagn\u00e9 qu\u2019en pertinence.<\/p>\n<p class=\"ed__a-p ed__bdy__l\">Apr\u00e8s s\u2019\u00eatre connect\u00e9 au site, il va falloir ouvrir une page vierge ou bien s\u00e9lectionner un mod\u00e8le de CV existant. Ensuite, direction la barre lat\u00e9rale gauche dans Jobs and Resume AI. Il va ici falloir donner plusieurs informations \u00e0 l\u2019intelligence artificielle pour qu\u2019elle puisse g\u00e9n\u00e9rer du contenu.<\/p>\n<p class=\"ed__a-p ed__bdy__l\"><img loading=\"lazy\" decoding=\"async\" src=\"data:image\/svg+xml,%3Csvg xmlns='http:\/\/www.w3.org\/2000\/svg'%3E%3C\/svg%3E\" draggable=\"false\" width=\"3394\" height=\"1236\" class=\"ed__title-xxs\" alt=\"Mod\u00e8le de CV ou page blanche, \u00e0 vous de choisir.\" style=\"background-color: #f2f2f2; aspect-ratio:3394\/1236;\"\/><\/p>\n<p>Mod\u00e8le de CV ou page blanche, \u00e0 vous de choisir.<\/p>\n<p>\u00a9 Capture d&rsquo;\u00e9cran Les Num\u00e9riques<\/p>\n<\/p>\n<p class=\"ed__a-p ed__bdy__l\">Outre le nom du poste recherch\u00e9, il faut surtout fournir, id\u00e9alement en quantit\u00e9s importantes pour plus de pr\u00e9cision, le contenu de son ancien CV : comp\u00e9tences, exp\u00e9riences, centres d\u2019int\u00e9r\u00eat ou encore formations.<\/p>\n<p class=\"ed__a-p ed__bdy__l\"><img loading=\"lazy\" decoding=\"async\" src=\"data:image\/svg+xml,%3Csvg xmlns='http:\/\/www.w3.org\/2000\/svg'%3E%3C\/svg%3E\" draggable=\"false\" width=\"1371\" height=\"1234\" class=\"ed__title-xxs\" alt=\"Le CV original qui va servir \u00e0 l'IA de Canva.\" style=\"background-color: #f2f2f2; aspect-ratio:1371\/1234;\"\/><\/p>\n<p>Le CV original qui va servir \u00e0 l&rsquo;IA de Canva.<\/p>\n<p>\u00a9 Les Num\u00e9riques<\/p>\n<\/p>\n<p>        Publicit\u00e9, votre contenu continue ci-dessous<\/p>\n<p class=\"ed__a-p ed__bdy__l\">En fonction du format de votre CV d\u2019origine, il va donc falloir jouer du copier\/coller, et id\u00e9alement supprimer les bouts de textes parasites que peuvent g\u00e9n\u00e9rer des boutons sur des sites web (nous avons test\u00e9 avec et sans m\u00e9nage, l\u2019IA s\u2019en sort dans les deux cas). De quoi d\u00e9j\u00e0 potentiellement perdre quelques minutes. Une fois cela fait, ne reste plus qu\u2019\u00e0 laisser quelques secondes \u00e0 l\u2019IA pour g\u00e9n\u00e9rer des suggestions.<\/p>\n<p class=\"ed__a-p ed__bdy__l\"><img loading=\"lazy\" decoding=\"async\" src=\"data:image\/svg+xml,%3Csvg xmlns='http:\/\/www.w3.org\/2000\/svg'%3E%3C\/svg%3E\" draggable=\"false\" width=\"3393\" height=\"1240\" class=\"ed__title-xxs\" alt=\"Deux zones \u00e0 remplir\" style=\"background-color: #f2f2f2; aspect-ratio:3393\/1240;\"\/><\/p>\n<p>Deux zones \u00e0 remplir.<\/p>\n<p>\u00a9 Capture d&rsquo;\u00e9cran Les Num\u00e9riques<\/p>\n<\/p>\n<p class=\"ed__a-p ed__bdy__l\">Il s\u2019agit avant tout, dans notre cas o\u00f9 notre CV de d\u00e9part donne d\u00e9j\u00e0 des informations tr\u00e8s concises et bien organis\u00e9es, de paraphrase et d\u2019enrichissement. Chaque \u00e9l\u00e9ment reste bien l\u00e0 o\u00f9 il le doit, mais l\u2019intelligence artificielle tente d\u2019\u00e9toffer le contenu en y ajoutant des \u00e9l\u00e9ments totalement sortis de son chapeau. Nombre de clients fid\u00e9lis\u00e9s dans le cas d\u2019un emploi dans la vente, nombre d\u2019articles ou de visiteurs pour un m\u00e9tier dans la r\u00e9daction\u2026 attention aux inventions qui font jolies, mais qui peuvent jouer des tours lors de l\u2019entretien d\u2019embauche. Si votre liste de comp\u00e9tences n\u2019est pas tr\u00e8s longue, elle en ajoutera \u00e9galement, que vous les maitrisiez ou non.<\/p>\n<ul data-gt-img-container=\"\">\n<li class=\"is--current has--lightbox\" data-gt-lightbox-id=\"17503\" data-gt-index=\"0\" data-gt-img-item=\"\">\n<p>            <img loading=\"lazy\" decoding=\"async\" src=\"https:\/\/www.europesays.com\/fr\/wp-content\/uploads\/2025\/06\/ab31e727-canva-cv-ia__452_254.jpg\" draggable=\"false\" width=\"452\" height=\"254\" class=\"ed__title-xxs\" data-img-src-defaultstyle=\"background-color: #f2f2f2; aspect-ratio:452\/254;&#10;                 user-select: none;\"\/><\/p>\n<\/li>\n<\/ul>\n<p>4\u00a0images<\/p>\n<p class=\"ed__a-p ed__bdy__l\">De plus, on rel\u00e8vera quelques rat\u00e9s de cet outil en anglais qui n\u2019a pas traduit automatiquement en fran\u00e7ais toutes ses suggestions. Les sections de notre CV d\u00e9di\u00e9es \u00e0 la formation et aux loisirs sont \u00e9galement pass\u00e9es \u00e0 la trappe lorsque nous lui avons donn\u00e9 l\u2019int\u00e9gralit\u00e9 de notre CV \u00e0 manger. Pour compenser, l\u2019outil propose un r\u00e9sum\u00e9 de quelques lignes de son profil en se basant sur l\u2019ensemble des donn\u00e9es fournies.<\/p>\n<p>        Publicit\u00e9, votre contenu continue ci-dessous<\/p>\n<p class=\"ed__a-p ed__bdy__l\"><img loading=\"lazy\" decoding=\"async\" src=\"data:image\/svg+xml,%3Csvg xmlns='http:\/\/www.w3.org\/2000\/svg'%3E%3C\/svg%3E\" draggable=\"false\" width=\"3390\" height=\"1238\" class=\"ed__title-xxs\" alt=\"Les mod\u00e8les de CV de Canva\" style=\"background-color: #f2f2f2; aspect-ratio:3390\/1238;\"\/><\/p>\n<p>Les mod\u00e8les de CV de Canva.<\/p>\n<p>\u00a9 Capture d&rsquo;\u00e9cran Les Num\u00e9riques<\/p>\n<\/p>\n<p class=\"ed__a-p ed__bdy__l\">Lorsque du contenu vous convient, il suffit alors de le faire glisser ou de le copier\/coller dans le CV sur la droite. Malheureusement, entre la mise en page capricieuse et les titres de ces suggestions (comp\u00e9tences, nom d\u2019une entreprise\u2026) qui ne peuvent pas \u00eatre copi\u00e9s et doivent \u00eatre r\u00e9dig\u00e9s \u00e0 la main, l&rsquo;outil n&rsquo;est pas toujours tr\u00e8s pratique \u00e0 utiliser. De plus, les dates et lieux d\u2019emplois et de formations entr\u00e9es au d\u00e9but de la g\u00e9n\u00e9ration ont disparu.<\/p>\n<p class=\"ed__a-p ed__bdy__l\"><img loading=\"lazy\" decoding=\"async\" src=\"data:image\/svg+xml,%3Csvg xmlns='http:\/\/www.w3.org\/2000\/svg'%3E%3C\/svg%3E\" draggable=\"false\" width=\"1359\" height=\"722\" class=\"ed__title-xxs\" alt=\"Comment fonctionne l'IA de Canva\" style=\"background-color: #f2f2f2; aspect-ratio:1359\/722;\"\/><\/p>\n<p>Comment fonctionne l&rsquo;IA de Canva.<\/p>\n<p>\u00a9 Capture d&rsquo;\u00e9cran Les Num\u00e9riques<\/p>\n<\/p>\n<p>Un outil de suggestion plus que de cr\u00e9ation<\/p>\n<p class=\"ed__a-p ed__bdy__l\">Bref, vous l\u2019aurez compris, la solution ne permet pas de cr\u00e9er un CV pertinent en une minute. Entre le renseignement des donn\u00e9es, la retouche des suggestions et surtout leur int\u00e9gration fastidieuse dans un CV, il va falloir y passer du temps. De plus, nous ne saurions recommander de copier\/coller tel quel les suggestions g\u00e9n\u00e9r\u00e9es par l\u2019IA, qui n\u2019h\u00e9site pas \u00e0 mentir en inventant des chiffres et des comp\u00e9tences pour rendre votre profil plus s\u00e9duisant. L&rsquo;outil pourra \u00e9ventuellement servir aux personnes en qu\u00eate de suggestions pour mieux tourner le contenu de leur CV (tout en restant attentif), ce que peut faire quasi n&rsquo;importe quel IA g\u00e9n\u00e9rative aujourd&rsquo;hui.<\/p>\n<p>            <img decoding=\"async\" src=\"https:\/\/www.europesays.com\/fr\/wp-content\/uploads\/2025\/06\/d4680558-canva_png__280_280.jpg\" alt=\"Canva\"\/><\/p>\n<p>        Canva<\/p>\n<p class=\"ed__i-dwnld__sm-lst__c__txt ln__body-lg\">Disponible en application mobile, en logiciel desktop et en service en ligne, Canva est un outil graphique gratuit pour r\u00e9aliser des compositions visuelles et des vid\u00e9os courtes \u00e0 partir de vos photographies et de vos illustrations.<\/p>\n<ul class=\"ed__i-dwnld__sm-lst__c__crtstc ln__body-lg row\">\n<li class=\"col-xs-12\">\n                    Licence :<br \/>\n                    Licence gratuite\n                <\/li>\n<li class=\"col-xs-12\">\n                    Auteur :<br \/>\n                    Canva\n                <\/li>\n<li class=\"col-xs-12\">\n                    Syst\u00e8mes d&rsquo;exploitation :<br \/>\n                    Windows 7 \/ 8 \/ 8.1 \/ 10 \/ 11, macOS, Service en ligne, Android, iOS iPhone \/ iPad\n                <\/li>\n<li class=\"col-xs-12\">\n                    Cat\u00e9gories :<br \/>\n                    Photo, IA\n                <\/li>\n<\/ul>\n<p>Le cas de la lettre de motivation<\/p>\n<p class=\"ed__a-p ed__bdy__l\">Enfin, quant \u00e0 la lettre de motivation automatiquement g\u00e9n\u00e9r\u00e9e apr\u00e8s avoir analys\u00e9 notre CV, nous vous laissons ma\u00eetres d\u2019en juger la qualit\u00e9 du premier jet, sans retouche :<\/p>\n<p class=\"ed__a-p ed__bdy__l\">Objet : Candidature au poste de Journaliste sp\u00e9cialis\u00e9 en pop culture et technologie<\/p>\n<p>        Publicit\u00e9, votre contenu continue ci-dessous<\/p>\n<p class=\"ed__a-p ed__bdy__l\">Madame, Monsieur,<\/p>\n<p class=\"ed__a-p ed__bdy__l\">Je vous \u00e9cris pour exprimer mon int\u00e9r\u00eat pour le poste de journaliste sp\u00e9cialis\u00e9 en pop culture et technologie. Avec une exp\u00e9rience de plus de dix ans dans le domaine du journalisme num\u00e9rique, je suis passionn\u00e9 par la cr\u00e9ation de contenu engageant qui informe et divertit les lecteurs.<\/p>\n<p class=\"ed__a-p ed__bdy__l\">Actuellement r\u00e9dacteur web pour AVCesar.com, je r\u00e9dige des articles sur les derni\u00e8res tendances en mati\u00e8re de s\u00e9ries et de films, tout en ayant \u00e9galement contribu\u00e9 \u00e0 des sites tels que Les Num\u00e9riques, 01net.com, et Clubic.com. Mon parcours m&rsquo;a permis de couvrir une large gamme de sujets li\u00e9s \u00e0 la technologie et \u00e0 la pop culture, allant des tests de produits aux critiques de films, en passant par des dossiers approfondis sur les tendances num\u00e9riques. Vous pouvez consulter mes articles sur les sites mentionn\u00e9s pour avoir un aper\u00e7u de mon style et de mon expertise :<\/p>\n<p class=\"ed__a-p ed__bdy__l\">Ma passion pour la pop culture, associ\u00e9e \u00e0 ma connaissance approfondie des technologies \u00e9mergentes, me permet de cr\u00e9er des contenus qui r\u00e9sonnent avec un large public. En tant que community manager pour Ron&rsquo;Rh\u00f4ne, j&rsquo;ai \u00e9galement acquis des comp\u00e9tences en gestion de communaut\u00e9 et en interaction avec les utilisateurs sur les r\u00e9seaux sociaux, ce qui me permet de comprendre les attentes et les int\u00e9r\u00eats de notre audience.<\/p>\n<p class=\"ed__a-p ed__bdy__l\">Je suis convaincu que ma capacit\u00e9 \u00e0 produire des articles de qualit\u00e9, combin\u00e9e \u00e0 ma passion pour la pop culture et la technologie, fera de moi un atout pr\u00e9cieux pour votre \u00e9quipe. Je serais ravi de discuter plus en d\u00e9tail de ma candidature et de la mani\u00e8re dont je peux contribuer \u00e0 votre publication.<br \/>Je vous remercie pour votre attention et j&rsquo;esp\u00e8re avoir l&rsquo;opportunit\u00e9 de vous rencontrer prochainement.<\/p>\n<p class=\"ed__a-p ed__bdy__l\">Cordialement,<\/p>\n<p class=\"ed__a-p ed__bdy__l\">Outre un texte correct mais pas d\u00e9coiffant et parfaitement g\u00e9n\u00e9rique, on rel\u00e8vera que l\u2019IA a \u00e9t\u00e9 capable d\u2019aller chercher les liens vers les articles de votre serviteur pour les ins\u00e9rer correctement. Ici, l\u2019outil semble un peu plus pertinent que pour les CV, la cr\u00e9ation pure \u00e9tant utilisable en l\u2019\u00e9tat en quelques minutes apr\u00e8s de petites retouches et personnalisations \u00e9ventuelles.<\/p>\n<p>        Publicit\u00e9, votre contenu continue ci-dessous<\/p>\n<p class=\"ed__a-p ed__bdy__l\">Envie de faire encore plus d\u2019\u00e9conomies ? D\u00e9couvrez <a href=\"https:\/\/www.lesnumeriques.com\/codes-promo.html\" rel=\"nofollow noopener\" target=\"_blank\">nos codes promo<\/a> s\u00e9lectionn\u00e9s pour vous.<\/p>\n","protected":false},"excerpt":{"rendered":"L&rsquo;outil de g\u00e9n\u00e9ration de CV par IA de Canva. \u00a9 Canva S\u2019il y a bien une corv\u00e9e qu\u2019une&hellip;\n","protected":false},"author":2,"featured_media":163555,"comment_status":"","ping_status":"","sticky":false,"template":"","format":"standard","meta":{"footnotes":""},"categories":[7],"tags":[1011,27,43,40,41,39,42,44],"class_list":{"0":"post-163554","1":"post","2":"type-post","3":"status-publish","4":"format-standard","5":"has-post-thumbnail","7":"category-sciences-et-technologies","8":"tag-fr","9":"tag-france","10":"tag-science","11":"tag-science-and-technology","12":"tag-sciences","13":"tag-sciences-et-technologies","14":"tag-technologies","15":"tag-technology"},"share_on_mastodon":{"url":"https:\/\/pubeurope.com\/@fr\/114654208830249844","error":""},"_links":{"self":[{"href":"https:\/\/www.europesays.com\/fr\/wp-json\/wp\/v2\/posts\/163554","targetHints":{"allow":["GET"]}}],"collection":[{"href":"https:\/\/www.europesays.com\/fr\/wp-json\/wp\/v2\/posts"}],"about":[{"href":"https:\/\/www.europesays.com\/fr\/wp-json\/wp\/v2\/types\/post"}],"author":[{"embeddable":true,"href":"https:\/\/www.europesays.com\/fr\/wp-json\/wp\/v2\/users\/2"}],"replies":[{"embeddable":true,"href":"https:\/\/www.europesays.com\/fr\/wp-json\/wp\/v2\/comments?post=163554"}],"version-history":[{"count":0,"href":"https:\/\/www.europesays.com\/fr\/wp-json\/wp\/v2\/posts\/163554\/revisions"}],"wp:featuredmedia":[{"embeddable":true,"href":"https:\/\/www.europesays.com\/fr\/wp-json\/wp\/v2\/media\/163555"}],"wp:attachment":[{"href":"https:\/\/www.europesays.com\/fr\/wp-json\/wp\/v2\/media?parent=163554"}],"wp:term":[{"taxonomy":"category","embeddable":true,"href":"https:\/\/www.europesays.com\/fr\/wp-json\/wp\/v2\/categories?post=163554"},{"taxonomy":"post_tag","embeddable":true,"href":"https:\/\/www.europesays.com\/fr\/wp-json\/wp\/v2\/tags?post=163554"}],"curies":[{"name":"wp","href":"https:\/\/api.w.org\/{rel}","templated":true}]}}