{"id":16356,"date":"2025-04-11T02:38:16","date_gmt":"2025-04-11T02:38:16","guid":{"rendered":"https:\/\/www.europesays.com\/fr\/16356\/"},"modified":"2025-04-11T02:38:16","modified_gmt":"2025-04-11T02:38:16","slug":"apres-la-decouverte-dun-cadavre-dans-une-poubelle-le-suspect-en-garde-a-vue","status":"publish","type":"post","link":"https:\/\/www.europesays.com\/fr\/16356\/","title":{"rendered":"Apr\u00e8s la d\u00e9couverte d\u2019un cadavre dans une poubelle, le suspect en garde \u00e0 vue"},"content":{"rendered":"<p>Quatre jours apr\u00e8s <a href=\"https:\/\/www.20minutes.fr\/faits_divers\/faits-divers-toulouse\/4147377-20250407-toulouse-corps-vie-decouvert-local-poubelle-enquete-meurtre-ouverte\" target=\"_blank\" class=\"color-ultramarine c-link\" rel=\"noopener\">la d\u00e9couverte du corps sans vie d\u2019un homme de 34 ans dans le local \u00e0 poubelles<\/a> d\u2019un immeuble \u00e0 Toulouse, un suspect a \u00e9t\u00e9 plac\u00e9 en garde \u00e0 vue, a indiqu\u00e9 ce mercredi le parquet \u00e0 nos confr\u00e8res de BFMTV.<\/p>\n<p>La victime, un jeune homme n\u00e9 en\u00a01991, pr\u00e9sentait un visage tum\u00e9fi\u00e9 au moment de sa d\u00e9couverte par les policiers, dans une r\u00e9sidence du quartier de Lalande. Si elle \u00e9tait connue des services de police et de justice, elle ne faisait pas l\u2019objet d\u2019un suivi particulier ni d\u2019un signalement comme individu dangereux.<\/p>\n<\/p>\n<p>Une enqu\u00eate pour meurtre a \u00e9t\u00e9 ouverte<\/p>\n<p>L\u2019enqu\u00eate pour meurtre a \u00e9t\u00e9 confi\u00e9e \u00e0 la Division de la criminalit\u00e9 organis\u00e9e et sp\u00e9cialis\u00e9e (DCOS) de <a href=\"https:\/\/www.20minutes.fr\/toulouse\/\" class=\"color-ultramarine c-link\" target=\"_blank\" rel=\"noopener\">Toulouse<\/a>. Le parquet reste pour l\u2019instant discret sur l\u2019identit\u00e9 du suspect et sur les conditions de son interpellation. Il ne confirme pas si cet individu s\u2019est pr\u00e9sent\u00e9 spontan\u00e9ment aux enqu\u00eateurs.<\/p>\n<p><a href=\"https:\/\/www.20minutes.fr\/faits_divers\/\" class=\"c-link c-btn c-btn--primary\" target=\"_blank\" rel=\"noopener\">Notre dossier faits divers<\/a><\/p>\n<p>\u00c0 ce stade, le mobile du <a href=\"https:\/\/www.20minutes.fr\/dossier\/crime\" class=\"color-ultramarine c-link\" target=\"_blank\" rel=\"noopener\">crime<\/a> demeure inconnu. Selon le parquet, \u00ab\u00a0de nombreuses investigations sont encore en cours\u00a0\u00bb, ce qui justifie l\u2019absence de communication plus d\u00e9taill\u00e9e pour pr\u00e9server la suite de l\u2019enqu\u00eate.<\/p>\n","protected":false},"excerpt":{"rendered":"Quatre jours apr\u00e8s la d\u00e9couverte du corps sans vie d\u2019un homme de 34 ans dans le local \u00e0&hellip;\n","protected":false},"author":2,"featured_media":16357,"comment_status":"","ping_status":"","sticky":false,"template":"","format":"standard","meta":{"footnotes":""},"categories":[2816],"tags":[1111,47,11,1067,1777,674,118,6738,1011,27,2722,303,2721,12,2680,25,2312],"class_list":{"0":"post-16356","1":"post","2":"type-post","3":"status-publish","4":"format-standard","5":"has-post-thumbnail","7":"category-toulouse","8":"tag-actu","9":"tag-actualite","10":"tag-actualites","11":"tag-enquete","12":"tag-eu","13":"tag-europe","14":"tag-faits-divers","15":"tag-faits-divers-toulouse","16":"tag-fr","17":"tag-france","18":"tag-haute-garonne","19":"tag-justice","20":"tag-midi-pyrenees","21":"tag-news","22":"tag-occitanie","23":"tag-republique-francaise","24":"tag-toulouse"},"share_on_mastodon":{"url":"https:\/\/pubeurope.com\/@fr\/114317013984454339","error":""},"_links":{"self":[{"href":"https:\/\/www.europesays.com\/fr\/wp-json\/wp\/v2\/posts\/16356","targetHints":{"allow":["GET"]}}],"collection":[{"href":"https:\/\/www.europesays.com\/fr\/wp-json\/wp\/v2\/posts"}],"about":[{"href":"https:\/\/www.europesays.com\/fr\/wp-json\/wp\/v2\/types\/post"}],"author":[{"embeddable":true,"href":"https:\/\/www.europesays.com\/fr\/wp-json\/wp\/v2\/users\/2"}],"replies":[{"embeddable":true,"href":"https:\/\/www.europesays.com\/fr\/wp-json\/wp\/v2\/comments?post=16356"}],"version-history":[{"count":0,"href":"https:\/\/www.europesays.com\/fr\/wp-json\/wp\/v2\/posts\/16356\/revisions"}],"wp:featuredmedia":[{"embeddable":true,"href":"https:\/\/www.europesays.com\/fr\/wp-json\/wp\/v2\/media\/16357"}],"wp:attachment":[{"href":"https:\/\/www.europesays.com\/fr\/wp-json\/wp\/v2\/media?parent=16356"}],"wp:term":[{"taxonomy":"category","embeddable":true,"href":"https:\/\/www.europesays.com\/fr\/wp-json\/wp\/v2\/categories?post=16356"},{"taxonomy":"post_tag","embeddable":true,"href":"https:\/\/www.europesays.com\/fr\/wp-json\/wp\/v2\/tags?post=16356"}],"curies":[{"name":"wp","href":"https:\/\/api.w.org\/{rel}","templated":true}]}}