{"id":163560,"date":"2025-06-09T15:54:14","date_gmt":"2025-06-09T15:54:14","guid":{"rendered":"https:\/\/www.europesays.com\/fr\/163560\/"},"modified":"2025-06-09T15:54:14","modified_gmt":"2025-06-09T15:54:14","slug":"une-femme-meurt-apres-une-chute-dans-les-douves-du-chateau","status":"publish","type":"post","link":"https:\/\/www.europesays.com\/fr\/163560\/","title":{"rendered":"Une femme meurt apr\u00e8s une chute dans les douves du ch\u00e2teau"},"content":{"rendered":"<p>S\u2019agit-il d\u2019un <a href=\"https:\/\/www.20minutes.fr\/dossier\/accident\" class=\"color-ultramarine c-link\" target=\"_blank\" rel=\"noopener\">accident <\/a>ou d\u2019un <a href=\"https:\/\/www.20minutes.fr\/dossier\/suicide\" class=\"color-ultramarine c-link\" target=\"_blank\" rel=\"noopener\">suicide\u00a0<\/a>? Ce lundi, les secours sont intervenus peu apr\u00e8s 10 heures, alert\u00e9s par un visiteur qui avait rep\u00e9r\u00e9 un corps dans les douves du ch\u00e2teau d\u2019Angers, selon <a href=\"https:\/\/www.ouest-france.fr\/societe\/faits-divers\/une-personne-decede-apres-etre-tombee-dans-les-douves-du-chateau-dangers-cebbe286-450c-11f0-b321-9f4333574570\" rel=\"nofollow noopener\" target=\"_blank\" class=\"color-ultramarine c-link\">Le Courrier de l\u2019Ouest<\/a>. La victime, une femme d\u2019environ 65 ans, se trouvait au pied de l\u2019\u00e9difice, dans un espace difficile d\u2019acc\u00e8s. En arr\u00eat cardio-respiratoire \u00e0 l\u2019arriv\u00e9e des pompiers, elle n\u2019a pas pu \u00eatre r\u00e9anim\u00e9e.<\/p>\n<p>Une enqu\u00eate judiciaire a \u00e9t\u00e9 ouverte. \u00ab\u00a0On ne conna\u00eet pas encore les circonstances\u00a0\u00bb de ce drame, a pr\u00e9cis\u00e9 le procureur de la R\u00e9publique d\u2019Angers, \u00c9ric Bouillard, <a href=\"https:\/\/www.bfmtv.com\/police-justice\/faits-divers\/angers-une-sexagenaire-meurt-apres-avoir-chute-dans-les-douves-du-chateau-une-enquete-ouverte_AN-202506090332.html\" rel=\"nofollow noopener\" target=\"_blank\" class=\"color-ultramarine c-link\">cit\u00e9 par BFMTV.<\/a> Une \u00e9quipe de police technique et scientifique a \u00e9t\u00e9 d\u00e9p\u00each\u00e9e sur place.<\/p>\n<p>Les enqu\u00eateurs doivent encore d\u00e9terminer si la victime a pu faire un malaise, glisser accidentellement ou si elle a volontairement enjamb\u00e9 la rambarde. Le site du ch\u00e2teau, tr\u00e8s fr\u00e9quent\u00e9 en cette saison, est rest\u00e9 accessible au public, mais une partie a \u00e9t\u00e9 provisoirement boucl\u00e9e le temps de l\u2019intervention des forces de l\u2019ordre.<\/p>\n","protected":false},"excerpt":{"rendered":"S\u2019agit-il d\u2019un accident ou d\u2019un suicide\u00a0? Ce lundi, les secours sont intervenus peu apr\u00e8s 10 heures, alert\u00e9s par&hellip;\n","protected":false},"author":2,"featured_media":163561,"comment_status":"","ping_status":"","sticky":false,"template":"","format":"standard","meta":{"footnotes":""},"categories":[4],"tags":[119,47,11,1438,4811,118,1011,27,13291,12,2636,25,5748],"class_list":{"0":"post-163560","1":"post","2":"type-post","3":"status-publish","4":"format-standard","5":"has-post-thumbnail","7":"category-france","8":"tag-accident","9":"tag-actualite","10":"tag-actualites","11":"tag-angers","12":"tag-chateau","13":"tag-faits-divers","14":"tag-fr","15":"tag-france","16":"tag-maine-et-loire","17":"tag-news","18":"tag-pays-de-la-loire","19":"tag-republique-francaise","20":"tag-suicide"},"share_on_mastodon":{"url":"https:\/\/pubeurope.com\/@fr\/114654220376963654","error":""},"_links":{"self":[{"href":"https:\/\/www.europesays.com\/fr\/wp-json\/wp\/v2\/posts\/163560","targetHints":{"allow":["GET"]}}],"collection":[{"href":"https:\/\/www.europesays.com\/fr\/wp-json\/wp\/v2\/posts"}],"about":[{"href":"https:\/\/www.europesays.com\/fr\/wp-json\/wp\/v2\/types\/post"}],"author":[{"embeddable":true,"href":"https:\/\/www.europesays.com\/fr\/wp-json\/wp\/v2\/users\/2"}],"replies":[{"embeddable":true,"href":"https:\/\/www.europesays.com\/fr\/wp-json\/wp\/v2\/comments?post=163560"}],"version-history":[{"count":0,"href":"https:\/\/www.europesays.com\/fr\/wp-json\/wp\/v2\/posts\/163560\/revisions"}],"wp:featuredmedia":[{"embeddable":true,"href":"https:\/\/www.europesays.com\/fr\/wp-json\/wp\/v2\/media\/163561"}],"wp:attachment":[{"href":"https:\/\/www.europesays.com\/fr\/wp-json\/wp\/v2\/media?parent=163560"}],"wp:term":[{"taxonomy":"category","embeddable":true,"href":"https:\/\/www.europesays.com\/fr\/wp-json\/wp\/v2\/categories?post=163560"},{"taxonomy":"post_tag","embeddable":true,"href":"https:\/\/www.europesays.com\/fr\/wp-json\/wp\/v2\/tags?post=163560"}],"curies":[{"name":"wp","href":"https:\/\/api.w.org\/{rel}","templated":true}]}}