{"id":163564,"date":"2025-06-09T15:56:17","date_gmt":"2025-06-09T15:56:17","guid":{"rendered":"https:\/\/www.europesays.com\/fr\/163564\/"},"modified":"2025-06-09T15:56:17","modified_gmt":"2025-06-09T15:56:17","slug":"qui-est-le-nouveau-patron-dedf-hydro-2","status":"publish","type":"post","link":"https:\/\/www.europesays.com\/fr\/163564\/","title":{"rendered":"qui est le nouveau patron d\u2019EDF Hydro\u202f?"},"content":{"rendered":"<blockquote class=\"question\"><p>Vous avez fait toute votre carri\u00e8re \u00e0 EDF Hydro, quel est votre parcours\u00a0?<\/p><\/blockquote>\n<p>\u00ab\u00a0J\u2019ai commenc\u00e9 en 1998 dans le Jura, puis j\u2019ai exerc\u00e9 une premi\u00e8re fois en Haute-Loire, \u00e0 Brives-Charensac, o\u00f9 j\u2019ai pass\u00e9 une douzaine d\u2019ann\u00e9es. Je suis parti trois ans \u00e0\u00a0l\u2019usine mar\u00e9motrice de la Rance (Ille-et-Vilaine) avant de revenir une seconde fois en Haute-Loire, cette fois \u00e0 Monistrol-d\u2019Allier, durant cinq ans.\u00a0\u00bb<\/p>\n<blockquote class=\"question\"><p>Aujourd\u2019hui vous prenez la t\u00eate d\u2019EDF Hydro Loire, \u00e7a repr\u00e9sente quoi\u00a0?<\/p><\/blockquote>\n<p>\u00ab\u00a0L\u2019entit\u00e9, c\u2019est dix barrages hydro\u00e9lectriques sur la Loire et le Lignon. Cela comprend notamment les ouvrages de Villerest et Grangent dans la Loire, <a href=\"https:\/\/www.leprogres.fr\/economie\/2024\/09\/01\/la-base-de-lavalette-entre-atout-touristique-et-desagrements\" target=\"_blank\" rel=\"noopener\">et Lavalette en Haute-Loire<\/a>. En 2024, ces installations ont produit l\u2019\u00e9quivalent de la consommation annuelle en \u00e9lectricit\u00e9 de 170\u00a0000 habitants, soit la taille d\u2019une ville comme Saint-Etienne.\u00a0\u00bb<\/p>\n<p>  \u00ab\u00a0Si la nature est g\u00e9n\u00e9reuse, on pourra produire plus\u00a0\u00bb<\/p>\n<blockquote class=\"question\"><p>Mais cette production d\u00e9pend du niveau des barrages\u2026<\/p><\/blockquote>\n<p>\u00ab\u00a0En effet. Si la nature est g\u00e9n\u00e9reuse, c\u2019est-\u00e0-dire s\u2019il pleut beaucoup (sourire), on pourra produire plus d\u2019\u00e9lectricit\u00e9. Les ann\u00e9es\u00a02022 et\u00a02023 ont \u00e9t\u00e9 un peu compliqu\u00e9es, 2024 moins, et 2025 s\u2019annonce bien.\u00a0\u00bb<\/p>\n<blockquote class=\"question\"><p>C\u2019est quand m\u00eame un probl\u00e8me de ne pas savoir combien on peut produire d\u2019\u00e9lectricit\u00e9 exactement\u00a0?<\/p><\/blockquote>\n<p>\u00ab\u00a0Si tout se passait comme \u00e0 l\u2019usine mar\u00e9motrice de la Rance, o\u00f9 on conna\u00eet les horaires des mar\u00e9es, donc ce qu\u2019on va produire, ce serait plus simple\u2026 Mais on s\u2019adapte. Et puis nous produisons une \u00e9lectricit\u00e9 d\u00e9carbon\u00e9e, donc bonne pour la plan\u00e8te.\u00a0\u00bb<\/p>\n<blockquote class=\"question\"><p>Les visites de la centrale de Grangent sont toujours d\u2019actualit\u00e9\u00a0?<\/p><\/blockquote>\n<p>\u00ab\u00a0\u00c9videmment. Nous avons re\u00e7u des lyc\u00e9es tout r\u00e9cemment, et cet \u00e9t\u00e9, en partenariat avec l\u2019office de tourisme Loire Forez, le grand public pourra venir visiter l\u2019ouvrage tous les mardis (1). J\u2019en profite aussi pour pr\u00e9ciser qu\u2019un guide passera des messages tout l\u2019\u00e9t\u00e9, en amont et en aval du barrage, pour pr\u00e9venir des risques li\u00e9s aux l\u00e2chers des eaux.\u00a0\u00bb<\/p>\n<p class=\"note\">(1) Renseignements au 04.77.96.08.69.<\/p>\n","protected":false},"excerpt":{"rendered":"Vous avez fait toute votre carri\u00e8re \u00e0 EDF Hydro, quel est votre parcours\u00a0? \u00ab\u00a0J\u2019ai commenc\u00e9 en 1998 dans&hellip;\n","protected":false},"author":2,"featured_media":163447,"comment_status":"","ping_status":"","sticky":false,"template":"","format":"standard","meta":{"footnotes":""},"categories":[9653],"tags":[1111,11,2430,33,7539,893,1777,674,107,1011,27,4002,3367,12,25,4001,7538],"class_list":{"0":"post-163564","1":"post","2":"type-post","3":"status-publish","4":"format-standard","5":"has-post-thumbnail","7":"category-saint-etienne","8":"tag-actu","9":"tag-actualites","10":"tag-auvergne-rhone-alpes","11":"tag-economie","12":"tag-edition-loire-sud","13":"tag-energie","14":"tag-eu","15":"tag-europe","16":"tag-fil-info","17":"tag-fr","18":"tag-france","19":"tag-haute-loire","20":"tag-loire","21":"tag-news","22":"tag-republique-francaise","23":"tag-saint-etienne","24":"tag-saint-etienne-ville"},"share_on_mastodon":{"url":"https:\/\/pubeurope.com\/@fr\/114654228362084659","error":""},"_links":{"self":[{"href":"https:\/\/www.europesays.com\/fr\/wp-json\/wp\/v2\/posts\/163564","targetHints":{"allow":["GET"]}}],"collection":[{"href":"https:\/\/www.europesays.com\/fr\/wp-json\/wp\/v2\/posts"}],"about":[{"href":"https:\/\/www.europesays.com\/fr\/wp-json\/wp\/v2\/types\/post"}],"author":[{"embeddable":true,"href":"https:\/\/www.europesays.com\/fr\/wp-json\/wp\/v2\/users\/2"}],"replies":[{"embeddable":true,"href":"https:\/\/www.europesays.com\/fr\/wp-json\/wp\/v2\/comments?post=163564"}],"version-history":[{"count":0,"href":"https:\/\/www.europesays.com\/fr\/wp-json\/wp\/v2\/posts\/163564\/revisions"}],"wp:featuredmedia":[{"embeddable":true,"href":"https:\/\/www.europesays.com\/fr\/wp-json\/wp\/v2\/media\/163447"}],"wp:attachment":[{"href":"https:\/\/www.europesays.com\/fr\/wp-json\/wp\/v2\/media?parent=163564"}],"wp:term":[{"taxonomy":"category","embeddable":true,"href":"https:\/\/www.europesays.com\/fr\/wp-json\/wp\/v2\/categories?post=163564"},{"taxonomy":"post_tag","embeddable":true,"href":"https:\/\/www.europesays.com\/fr\/wp-json\/wp\/v2\/tags?post=163564"}],"curies":[{"name":"wp","href":"https:\/\/api.w.org\/{rel}","templated":true}]}}