{"id":163569,"date":"2025-06-09T15:59:09","date_gmt":"2025-06-09T15:59:09","guid":{"rendered":"https:\/\/www.europesays.com\/fr\/163569\/"},"modified":"2025-06-09T15:59:09","modified_gmt":"2025-06-09T15:59:09","slug":"arthur-liardet-marni-nside-cede-son-maillot-pour-deux-secondes","status":"publish","type":"post","link":"https:\/\/www.europesays.com\/fr\/163569\/","title":{"rendered":"Arthur Liardet (Marni N\u2019Side) c\u00e8de son maillot pour deux secondes"},"content":{"rendered":"<p>   Championnat du Grand Est \u00c0 Montheries <\/p>\n<p>Ce dimanche, en Haute-Marne, sur la course en ligne du championnat du Grand Est, le Nanc\u00e9ien du Team Marni-N\u2019side Arthur Liardet est pass\u00e9 tout pr\u00e8s d\u2019un doubl\u00e9, qui lui aurait permis de conserver son titre \u00ab toutes cat\u00e9gories \u00bb.<\/p>\n<p>Or, c\u2019est l\u2019Alsacien Timoth\u00e9 Gabriel (VCU Schwenheim), \u00e9chapp\u00e9 en compagnie d\u2019Arthur Liardet et de l\u2019Aubois C\u00e9lian Protin (UV Aube) \u00e0 un tour de l\u2019arriv\u00e9e, qui s\u2019est montr\u00e9 le plus prompt au sprint pour rallier la ligne d\u2019arriv\u00e9e en vainqueur et boucler les 129,5 kilom\u00e8tres en un tout petit plus de trois heures (3 h 03\u201918\u2019\u2019). Le Nanc\u00e9ien, lui, a cette fois d\u00fb se contenter de la deuxi\u00e8me place\u2026 et du titre de la cat\u00e9gorie \u00ab open 1 \u00bb.<\/p>\n<p>  Arthur Liardet : \u00ab j\u2019avais \u00e0 c\u0153ur de garder le maillot \u00bb<\/p>\n<p>Timoth\u00e9 Gabriel, qui avait termin\u00e9 au pied du podium l\u2019an pass\u00e9, pouvait savourer sa victoire : \u00ab on \u00e9tait trois devant et dans ma t\u00eate il fallait gagner, car sinon cela aurait \u00e9t\u00e9 une d\u00e9ception de finir deuxi\u00e8me ou troisi\u00e8me. Le vent de c\u00f4t\u00e9 a durci la course. Cela faisait mal aux jambes. Avec C\u00e9lian (Protin) et Arthur Liardet, c\u2019est un beau podium ! Je suis vraiment content de ce titre de champion du Grand Est \u00bb.<\/p>\n<p>Arthur Liardet, lui, affichait logiquement sa d\u00e9ception : \u00ab je suis un peu d\u00e9\u00e7u de cette deuxi\u00e8me place, car on venait pour gagner. J\u2019avais \u00e0 c\u0153ur de garder le maillot, m\u00eame si je savais que la course allait \u00eatre dure. Je pense que Timoth\u00e9 (Gabriel) \u00e9tait un peu moins fort que nous. Mais il a \u00e9t\u00e9 plus malin. Lorsqu\u2019on s\u2019attaquait dans les bosses, il se faisait un peu d\u00e9crocher\u2026 Il lissait son effort et lorsqu\u2019on s\u2019est regard\u00e9, il est parti en facteur. M\u00eame si j\u2019ai le titre en Open 1, le but de l\u2019\u00e9quipe \u00e9tait de remporter le classement scratch \u00bb.<\/p>\n<p class=\"note\"><strong>Les classements<\/strong><strong>Scratch :<\/strong> 1. Gabriel (Schwenheim) 3h03\u201918, 2. Liardet (Marni N\u2019Side), 3. Protin (UV Aube) \u00e0 2\u2019\u2019, 4. Beurville (Marni N\u2019Side) \u00e0 8\u2019\u2019, 5. Arhie (UV Aube), 6. Deschartres (Ekwersheim) \u00e0 8\u2019\u2019, 7. Marasco (Marni N\u2019Side), 8. Gast (Haguenau), 9. Cl\u00e9ment (Schwenheim), 10. Arnould (Hettange) \u00e0 11\u2019\u2019\u2026 17. Didier (Marni N\u2019Side), 20. Bremont (ASPTT Nancy) \u00e0 11\u2019\u2019\u2026 <strong>Podium \u00e9lite :<\/strong> 1. Gabriel, 2. Protin, 3. Beurville. <strong>Podium open 1 :<\/strong> 1. Liardet, 2. Gast, 3. Arnould. <strong>Podium open 2 :<\/strong> 1. Menissier (Golbey), 2. Delbove (Troyes), 3. Schlewitz (Haguenau). <strong>Podium U23 :<\/strong> 1. Beurville, 2. Gast, 3. Gallerne (Altkirch).<\/p>\n","protected":false},"excerpt":{"rendered":"Championnat du Grand Est \u00c0 Montheries Ce dimanche, en Haute-Marne, sur la course en ligne du championnat du&hellip;\n","protected":false},"author":2,"featured_media":163570,"comment_status":"","ping_status":"","sticky":false,"template":"","format":"standard","meta":{"footnotes":""},"categories":[9635],"tags":[1111,11,207,1704,1777,674,107,1701,1011,27,775,1702,1703,12,25,517,1700],"class_list":{"0":"post-163569","1":"post","2":"type-post","3":"status-publish","4":"format-standard","5":"has-post-thumbnail","7":"category-nancy","8":"tag-actu","9":"tag-actualites","10":"tag-cyclisme","11":"tag-edition-nancy-et-agglomeration","12":"tag-eu","13":"tag-europe","14":"tag-fil-info","15":"tag-fil-info-sport","16":"tag-fr","17":"tag-france","18":"tag-grand-est","19":"tag-nancy","20":"tag-nancy-ville-54b","21":"tag-news","22":"tag-republique-francaise","23":"tag-sport","24":"tag-sport-lorrain"},"share_on_mastodon":{"url":"https:\/\/pubeurope.com\/@fr\/114654240030058522","error":""},"_links":{"self":[{"href":"https:\/\/www.europesays.com\/fr\/wp-json\/wp\/v2\/posts\/163569","targetHints":{"allow":["GET"]}}],"collection":[{"href":"https:\/\/www.europesays.com\/fr\/wp-json\/wp\/v2\/posts"}],"about":[{"href":"https:\/\/www.europesays.com\/fr\/wp-json\/wp\/v2\/types\/post"}],"author":[{"embeddable":true,"href":"https:\/\/www.europesays.com\/fr\/wp-json\/wp\/v2\/users\/2"}],"replies":[{"embeddable":true,"href":"https:\/\/www.europesays.com\/fr\/wp-json\/wp\/v2\/comments?post=163569"}],"version-history":[{"count":0,"href":"https:\/\/www.europesays.com\/fr\/wp-json\/wp\/v2\/posts\/163569\/revisions"}],"wp:featuredmedia":[{"embeddable":true,"href":"https:\/\/www.europesays.com\/fr\/wp-json\/wp\/v2\/media\/163570"}],"wp:attachment":[{"href":"https:\/\/www.europesays.com\/fr\/wp-json\/wp\/v2\/media?parent=163569"}],"wp:term":[{"taxonomy":"category","embeddable":true,"href":"https:\/\/www.europesays.com\/fr\/wp-json\/wp\/v2\/categories?post=163569"},{"taxonomy":"post_tag","embeddable":true,"href":"https:\/\/www.europesays.com\/fr\/wp-json\/wp\/v2\/tags?post=163569"}],"curies":[{"name":"wp","href":"https:\/\/api.w.org\/{rel}","templated":true}]}}