{"id":163579,"date":"2025-06-09T16:04:13","date_gmt":"2025-06-09T16:04:13","guid":{"rendered":"https:\/\/www.europesays.com\/fr\/163579\/"},"modified":"2025-06-09T16:04:13","modified_gmt":"2025-06-09T16:04:13","slug":"nature-sport-gastronomie-notre-liste-sur-mesure-pour-sortir-cet-ete-a-rouen-et-aux-alentours","status":"publish","type":"post","link":"https:\/\/www.europesays.com\/fr\/163579\/","title":{"rendered":"Nature, sport, gastronomie&#8230; Notre liste sur-mesure pour sortir cet \u00e9t\u00e9 \u00e0 Rouen et aux alentours"},"content":{"rendered":"<p>            Par<br \/>\n        <strong><br \/>\n            <a href=\"https:\/\/actu.fr\/auteur\/jessie-leclerc\" title=\"Consulter tous les articles de Jessie Leclerc\" target=\"_blank\" rel=\"noopener\">Jessie Leclerc<\/a><br \/>\n        <\/strong><\/p>\n<p>        Publi\u00e9 le<\/p>\n<p>            9 juin 2025 \u00e0 17h02        <\/p>\n<p>Des sorties pour\u2026 les sportifs, les amoureux de la nature, les fans du patrimoine, les gourmands\u2026 \u00c0 chaque envie sa sortie,<strong> \u00e0 chaque personnalit\u00e9 son bon plan touristique<\/strong> dans le secteur <a href=\"https:\/\/actu.fr\/normandie\/rouen_76540\" target=\"_blank\" rel=\"noopener\">de Rouen (Seine-Maritime)<\/a>. Voici un programme sur-mesure, pens\u00e9 pour tous les \u00e2ges, toutes les bourses\u2026 et tous les go\u00fbts\u2009! Alors, c\u2019est quoi votre compatibilit\u00e9 id\u00e9ale\u2009?<\/p>\n<p>Des sorties pour profiter de la nature<\/p>\n<p class=\" wall-content\">Pour les amoureux de la nature et des beaux paysages, plusieurs nouveaut\u00e9s, pour certaines bien curieuses sont disponibles dans le secteur de Rouen.<\/p>\n<p class=\" wall-content\">Deux fois par mois, un <strong>atelier permaculture<\/strong> est propos\u00e9 au c\u0153ur du jardin de Joseph Chauffrey, un professionnel du domaine, \u00e0 Sotteville-l\u00e8s-Rouen. Ateliers pratiques, conseils, d\u00e9gustations\u2026 L\u2019animation dure trois heures et est ouverte aux adultes, comme aux enfants \u00e0 partir de 8\u00a0ans.<\/p>\n<p><strong>Tarifs\u2009:<\/strong> de 30 \u00e0 60\u00a0euros. <a href=\"https:\/\/www.visiterouen.com\/offres\/atelier-decouverte-de-la-permaculture-sotteville-les-rouen-fr-5618704\/#sheetPart-booking\" target=\"_blank\" rel=\"noopener\">R\u00e9servation ici<\/a>.<\/p>\n<p class=\" wall-content\">Plus \u00e9tonnant, une visite de deux heures \u00e0 travers <strong>les vignes rouennaises<\/strong> est organis\u00e9e une \u00e0 deux fois par mois jusqu\u2019en septembre, sur les hauteurs de Rouen. La balade commence par une vue imprenable sur la ville, se poursuit entre les plantations et se cl\u00f4t avec une d\u00e9gustation.<\/p>\n<p><strong>Tarif\u2009:<\/strong> 28\u00a0euros. <a href=\"https:\/\/www.visiterouen.com\/offres\/decouverte-des-vignes-rouennaises-rouen-fr-4359574\/#sheetPart-booking\" target=\"_blank\" rel=\"noopener\">R\u00e9servation ici<\/a>.Vid\u00e9os : en ce moment sur ActuPour les sportifs<\/p>\n<p class=\" wall-content\">Un peu plus sportives, des <strong>balades en paddle, kayak ou dragon boat<\/strong> (bateau long en bois) se tiennent sur la Seine jusqu\u2019au 21\u00a0ao\u00fbt, \u00e0 Belbeuf. Programm\u00e9es en fin de journ\u00e9e, elles sont l\u2019occasion de profiter du coucher du soleil, au rythme de l\u2019eau.<\/p>\n<p><strong>Tarif\u2009:<\/strong> 21\u00a0euros. <a href=\"https:\/\/www.visiterouen.com\/offres\/balade-nautique-sur-la-seine-au-coucher-du-soleil-belbeuf-fr-5710395\/\" target=\"_blank\" rel=\"noopener\">Informations et r\u00e9servation ici<\/a>.<br \/>\n    <img   decoding=\"async\" loading=\"lazy\" src=\"https:\/\/www.europesays.com\/fr\/wp-content\/uploads\/2025\/06\/adobestock-8939213-960x640.jpeg\" alt=\"Cet \u00e9t\u00e9 il sera possible de naviguer sur la Seine.\" width=\"960\" height=\"640\"\/><br \/>\n    Cet \u00e9t\u00e9 il sera possible de naviguer sur la Seine. (\u00a9AdobeStock\/Illustration)<\/p>\n<p class=\" wall-content\">Toujours sur l\u2019eau, le <strong>Solitaire du Figaro<\/strong> d\u00e9barque \u00e0 Rouen du 30\u00a0ao\u00fbt au 5\u00a0septembre 2025. Il sera possible d\u2019y rencontrer les skippers tout en observant les dizaines de bateaux. Pour faire vivre la f\u00eate, un village d\u2019animations sera install\u00e9. Le 31\u00a0ao\u00fbt \u00e0 16h45, une <strong>croisi\u00e8re comment\u00e9e<\/strong> d\u20191h30 pour admirer les voiliers et d\u00e9couvrir le port sera organis\u00e9e.<\/p>\n<p><strong>Tarifs\u2009:<\/strong> \u00e0 partir de 17\u00a0euros. <a href=\"https:\/\/www.visiterouen.com\/offres\/croisiere-solitaire-du-figaro-et-visite-du-port-rouen-fr-5022475\/#sheetPart-booking\" target=\"_blank\" rel=\"noopener\">R\u00e9servation ici<\/a>.Pour se pr\u00e9parer au Tour de France\u2026 ou pas\u2009!<\/p>\n<p class=\" wall-content\">Du sport, il y en a bien un qui sera dans toutes les t\u00eates cet \u00e9t\u00e9 \u00e0 Rouen\u2009: le cyclisme, \u00e0 l\u2019occasion du passage du Tour de France, le 8\u00a0juillet prochain. Rouen Tourisme mise particuli\u00e8rement sur cette pratique cette ann\u00e9e. \u00ab\u2009On a un patrimoine historique et naturel facilement appr\u00e9hendable \u00e0 v\u00e9lo et des chemins propres\u2009\u00bb, insiste Delphine Crocq, directrice g\u00e9n\u00e9rale de Rouen Tourisme.<\/p>\n<p class=\" wall-content\">Jusqu\u2019au 3\u00a0novembre 2025, l\u2019association met en place un service de location de v\u00e9los \u00e0 la demi-journ\u00e9e, la journ\u00e9e ou sur plusieurs jours. Les tarifs d\u00e9marrent \u00e0 9\u00a0euros la demi-journ\u00e9e pour un enfant et 12\u00a0euros pour un adulte. Informations <a href=\"https:\/\/www.visiterouen.com\/inspirations\/visiter-a-velo\/\" target=\"_blank\" rel=\"noopener\">sur visiterouen.com<\/a>, \u00e0 l\u2019accueil de l\u2019Office de Tourisme de Rouen ou au Bureau d\u2019Information Touristique de Jumi\u00e8ges.<\/p>\n<p>    <img   decoding=\"async\" loading=\"lazy\" src=\"https:\/\/www.europesays.com\/fr\/wp-content\/uploads\/2025\/06\/adobestock-169377231-960x640.jpeg\" alt=\"L'association Rouen Tourisme propose des v\u00e9los \u00e0 la location pour arpenter les diff\u00e9rents parcours autour de Rouen.\" width=\"960\" height=\"640\"\/><br \/>\n    L\u2019association Rouen Tourisme propose des v\u00e9los \u00e0 la location pour arpenter les diff\u00e9rents parcours autour de Rouen. (\u00a9AdobeStock\/Illustration)<\/p>\n<p class=\" wall-content\">Une fois en selle, il y a du choix quant aux parcours \u00e0 suivre\u2009: le long de la Seine, sur la route des impressionnistes, la route des fruits, dans le c\u0153ur historique\u2026 Tous sont \u00e0 retrouver <a href=\"https:\/\/www.visiterouen.com\/patrimoines\/nature\/la-seine\/la-seine-a-velo\/\" target=\"_blank\" rel=\"noopener\">le site de Rouen Tourisme<\/a>. De notre c\u00f4t\u00e9, on vous en a s\u00e9lectionn\u00e9 <a href=\"https:\/\/actu.fr\/normandie\/rouen_76540\/voici-quatre-idees-de-balades-a-velo-autour-de-rouen_58524845.html\" target=\"_blank\" rel=\"noopener\">quatre, juste ici<\/a>.<\/p>\n<p>Pour les f\u00e9rus d\u2019art<\/p>\n<p class=\" wall-content\">Les artistes en herbe, les pros de la culture ou simplement les curieux ont aussi leur lot de sorties.<\/p>\n<p class=\" wall-content\">Du 28\u00a0juin au 5\u00a0janvier, le Mus\u00e9e des Beaux-Arts met \u00e0 l\u2019honneur<strong> Maxime Old<\/strong>, architecte du XXe\u00a0si\u00e8cle, avec une exposition in\u00e9dite autour d\u2019une centaine de pi\u00e8ces de mobilier, de reconstitutions d\u2019int\u00e9rieurs et d\u2019archives exclusives.<\/p>\n<p><strong>Tarifs\u2009:<\/strong> de 5 \u00e0 14\u00a0euros. <a href=\"https:\/\/www.visiterouen.com\/inspirations\/magazine\/exposition-maxime-old-homme-dinterieurs\/\" target=\"_blank\" rel=\"noopener\">R\u00e9servation ici<\/a>.<\/p>\n<p class=\" wall-content\">Le <strong>festival Commedia Dell\u2019arte<\/strong> fait son retour, en plein air, du 23\u00a0juin au 3\u00a0juillet, avec un th\u00e9\u00e2tre haut en couleur, en masques et en \u00e9motions. Au programme\u2009: chant, danse, humour, romance, acrobaties\u2026 De nombreux spectacles seront propos\u00e9s sur cinq sites diff\u00e9rents\u2009: \u00e0 l\u2019Auberge de jeunesse de Darn\u00e9tal, au mus\u00e9e de la c\u00e9ramique de Rouen, dans la Rue Poixblanc de Bois-Guillaume, au gymnase Batum de Malaunay ou encore \u00e0 la salle des f\u00eates du Mesnil- Esnard.<\/p>\n<p><strong>Tarifs\u2009:<\/strong> \u00e0 partir de 7\u00a0euros. <a href=\"https:\/\/www.visiterouen.com\/offres\/festival-commedia-dellarte-rouen-fr-5680141\/\" target=\"_blank\" rel=\"noopener\">R\u00e9servation ici<\/a>.Pour les oreilles musicales<\/p>\n<p class=\" wall-content\">Pour les m\u00e9lomanes, chaque dimanche \u00e0 17h, l\u2019abbatiale Saint-Ouen vibre au rythme d\u2019un <strong>orgue d\u2019exception<\/strong> con\u00e7u en 1890.<\/p>\n<p><strong>Tarifs\u2009:<\/strong> \u00e0 partir de 12\u00a0euros. <a href=\"https:\/\/www.visiterouen.com\/offres\/concerts-dorgue-a-labbatiale-saint-ouen-rouen-fr-5388685\/\" target=\"_blank\" rel=\"noopener\">R\u00e9servation ici<\/a>.<\/p>\n<p class=\" wall-content\">On poursuit avec <strong>les Musicales de Normandie<\/strong>, du 17 au 31\u00a0ao\u00fbt 2025, qui c\u00e9l\u00e9breront une dizaine de lieux remarquables de la M\u00e9tropole avec des concerts de musique classique.<\/p>\n<p><strong>Tarifs\u2009:<\/strong> \u00e0 partir de 8\u00a0euros. <a href=\"https:\/\/www.visiterouen.com\/actualites\/au-rythme-des-temps-forts\/les-musicales-de-normandie\/\" target=\"_blank\" rel=\"noopener\">Programme ici<\/a>.Pour d\u00e9couvrir le patrimoine local<\/p>\n<p class=\" wall-content\">Pour conna\u00eetre les secrets du pass\u00e9, du patrimoine et de l\u2019industrie sur \u00e0 Rouen, il y a de quoi faire.<\/p>\n<p class=\" wall-content\">Jusqu\u2019en septembre, le <strong>parcours Vikings, Bi\u00e8res et L\u00e9gendes<\/strong>, emm\u00e8ne le public au c\u0153ur de la ville jusqu\u2019\u00e0 l\u2019Eglise-brasserie Saint-Nicaise, pour une visite instructive et d\u00e9cal\u00e9e. C\u2019est l\u2019occasion de briser les clich\u00e9s sur les Vikings, tout en d\u00e9gustant des bi\u00e8res qui s\u2019inspirent de cette culture.<\/p>\n<p><strong>Tarifs\u2009:<\/strong> de 12 \u00e0 24\u00a0euros. Accessible aux enfants. <a href=\"https:\/\/www.visiterouen.com\/offres\/vikings-bieres-et-legendes-rouen-fr-4172252\/#sheetPart-booking\" target=\"_blank\" rel=\"noopener\">R\u00e9servation ici<\/a>.<\/p>\n<p class=\" wall-content\">Pour conna\u00eetre les moindres anecdotes de Rouen, la <strong>visite autour des incontournables<\/strong>\u00a0est le bon plan. Durant deux heures un guide arpente les lieux les plus mythiques de la ville aux cent clochers\u2009: cath\u00e9drale, Vieux-March\u00e9, maisons \u00e0 colombages\u2026<\/p>\n<p><strong>Tarifs\u2009:<\/strong> de 9 \u00e0 12\u00a0euros, gratuit pour les moins de 12\u00a0ans. Disponible aussi en anglais. <a href=\"https:\/\/www.visiterouen.com\/offres\/les-incontournables-rouen-fr-4120673\/?src=widget_popup_207112#sheetPart-booking\" target=\"_blank\" rel=\"noopener\">R\u00e9servation ici<\/a>.<\/p>\n<p class=\" wall-content\">Nouveaut\u00e9 cette ann\u00e9e, il est possible d\u2019entrer <strong>dans les coulisses de la Joaillerie In\u00e9dit<\/strong>, \u00e0 Rouen. Cr\u00e9\u00e9e en 1984, elle r\u00e9alise ses bijoux enti\u00e8rement \u00e0 la main. \u00ab\u2009La visite permet de comprendre pourquoi c\u2019est cher\u2009? Comment c\u2019est fait\u2009? Et \u00e7a met en avant l\u2019artisanat\u2009\u00bb, confie Delphine Crocq. \u00c7a se passe le jeudi 12 et le vendredi 20 juin \u00e0 16h, et le jeudis 24 et le vendredi 18 juillet \u00e0 18h.<\/p>\n<p><strong>Tarif\u2009:<\/strong> 25\u00a0euros. <a href=\"https:\/\/www.visiterouen.com\/offres\/inedit-ou-les-coulisses-dune-joaillerie-rouen-fr-5689360\/\" target=\"_blank\" rel=\"noopener\">R\u00e9servation ici<\/a>.<\/p>\n<p class=\" wall-content\">Et si l\u2019on va un peu plus loin, il est aussi possible de plonger dans l\u2019histoire locale, celle des Vikings. L\u2019abbaye de Jumi\u00e8ges accueille la <strong>F\u00eate Viking<\/strong>, les 28 et 29\u00a0juin 2025. March\u00e9s, reconstitutions, spectacles\u2026 C\u2019est un v\u00e9ritable voyage dans le temps.<\/p>\n<p><strong>Tarifs\u2009:<\/strong> \u00e0 partir de 4\u00a0euros. <a href=\"https:\/\/www.visiterouen.com\/offres\/fete-viking-jumieges-fr-5425509\/\" target=\"_blank\" rel=\"noopener\">R\u00e9servation ici<\/a>.Pour les gourmands\u2009!<\/p>\n<p class=\" wall-content\">Et parce que bouger, \u00e7a creuse, certaines sorties sont pens\u00e9es autour de la gastronomie.<\/p>\n<p>    <img   decoding=\"async\" loading=\"lazy\" src=\"https:\/\/www.europesays.com\/fr\/wp-content\/uploads\/2025\/06\/adobestock-206969205-960x640.jpeg\" alt=\"Plusieurs visites gourmandes se tiendront dans Rouen (Seine-Maritime), tout l'\u00e9t\u00e9.\" width=\"960\" height=\"640\"\/><br \/>\n    Plusieurs visites gourmandes se tiendront dans Rouen (Seine-Maritime), tout l\u2019\u00e9t\u00e9. (\u00a9AdobeStock\/Illustration)<\/p>\n<p class=\" wall-content\">Un samedi par mois, de 10h \u00e0 12h30, cap sur le march\u00e9 Saint-Marc. Bruno Bert, auteur de plusieurs ouvrages culinaires, donne <strong>une visite sur le c\u00e9l\u00e8bre march\u00e9<\/strong> et va \u00e0 la rencontre des producteurs. Il y fait son panier, partage des conseils et propose ensuite des d\u00e9gustations \u00e0 l\u2019A\u00eetre Saint-Maclou.<\/p>\n<p><strong>Tarif\u2009:<\/strong> 28\u00a0euros. <a href=\"https:\/\/www.visiterouen.com\/offres\/marche-saint-marc-le-gout-du-panier-rouen-fr-4216406\/#sheetPart-booking\" target=\"_blank\" rel=\"noopener\">R\u00e9servation ici<\/a>.<\/p>\n<p class=\" wall-content\">Une <strong>visite sucr\u00e9e\/sal\u00e9e<\/strong>, ponctu\u00e9e de d\u00e9gustations, animera les rues de Rouen deux samedis par mois, de 15h30 \u00e0 17h30. De quoi se r\u00e9galer tout en d\u00e9couvrant l\u2019histoire de la ville.<\/p>\n<p><strong>Tarif\u2009:<\/strong> 22\u00a0euros. <a href=\"https:\/\/www.visiterouen.com\/offres\/rouen-gourmande-rouen-fr-4120679\/#sheetPart-booking\" target=\"_blank\" rel=\"noopener\">R\u00e9servation ici<\/a>.<\/p>\n<p class=\" wall-content\">La saison estivale 2025 promet donc d\u2019\u00eatre anim\u00e9e dans le secteur de Rouen. Et si on demande \u00e0 l\u2019Office de Tourisme combien de visiteurs elle attend cet \u00e9t\u00e9. La r\u00e9ponse est bien Normande, comme on dit\u2009: \u00ab\u2009La question n\u2019est pas de savoir combien on va avoir de visiteurs, mais <strong>qu\u2019ils soient satisfaits<\/strong> et bien r\u00e9partis sur toute la M\u00e9tropole\u2009\u00bb, conclut Delphine Crocq.<\/p>\n<p>Suivez l\u2019actualit\u00e9 de Rouen <a href=\"https:\/\/www.whatsapp.com\/channel\/0029VaKfnf99hXF2ddApFB1D\" target=\"_blank\" rel=\"noopener\">sur notre cha\u00eene WhatsApp<\/a> et <a href=\"https:\/\/www.tiktok.com\/@76actu.fr?lang=fr\" target=\"_blank\" rel=\"noopener\">sur notre compte TikTok<\/a><\/p>\n<p class=\" wall-content\">Suivez toute l\u2019actualit\u00e9 de vos villes et m\u00e9dias favoris en vous inscrivant \u00e0 <a href=\"https:\/\/moncompte.actu.fr\" title=\"D\u00e9couvez Mon Actu\" rel=\"nofollow noopener\" data-trk=\"{&quot;cta&quot;:{&quot;action&quot;:&quot;https:\\\/\\\/moncompte.actu.fr&quot;,&quot;category&quot;:&quot;mon compte&quot;,&quot;from&quot;:&quot;article footer&quot;,&quot;name&quot;:&quot;Mon actu&quot;,&quot;type&quot;:&quot;cta&quot;}}\" target=\"_blank\">Mon Actu<\/a>.<\/p>\n<p>                    <script async src=\"\/\/www.tiktok.com\/embed.js\"><\/script><\/p>\n","protected":false},"excerpt":{"rendered":"Par Jessie Leclerc Publi\u00e9 le 9 juin 2025 \u00e0 17h02 Des sorties pour\u2026 les sportifs, les amoureux de&hellip;\n","protected":false},"author":2,"featured_media":163580,"comment_status":"","ping_status":"","sticky":false,"template":"","format":"standard","meta":{"footnotes":""},"categories":[9587],"tags":[1111,11,9086,1777,674,1011,27,1757,1652,12,5161,25,9590,3176],"class_list":{"0":"post-163579","1":"post","2":"type-post","3":"status-publish","4":"format-standard","5":"has-post-thumbnail","7":"category-rouen","8":"tag-actu","9":"tag-actualites","10":"tag-bon-plan-a-rouen","11":"tag-eu","12":"tag-europe","13":"tag-fr","14":"tag-france","15":"tag-insolite","16":"tag-loisirs-culture","17":"tag-news","18":"tag-normandie","19":"tag-republique-francaise","20":"tag-rouen","21":"tag-vacances-scolaires"},"share_on_mastodon":{"url":"https:\/\/pubeurope.com\/@fr\/114654259759690483","error":""},"_links":{"self":[{"href":"https:\/\/www.europesays.com\/fr\/wp-json\/wp\/v2\/posts\/163579","targetHints":{"allow":["GET"]}}],"collection":[{"href":"https:\/\/www.europesays.com\/fr\/wp-json\/wp\/v2\/posts"}],"about":[{"href":"https:\/\/www.europesays.com\/fr\/wp-json\/wp\/v2\/types\/post"}],"author":[{"embeddable":true,"href":"https:\/\/www.europesays.com\/fr\/wp-json\/wp\/v2\/users\/2"}],"replies":[{"embeddable":true,"href":"https:\/\/www.europesays.com\/fr\/wp-json\/wp\/v2\/comments?post=163579"}],"version-history":[{"count":0,"href":"https:\/\/www.europesays.com\/fr\/wp-json\/wp\/v2\/posts\/163579\/revisions"}],"wp:featuredmedia":[{"embeddable":true,"href":"https:\/\/www.europesays.com\/fr\/wp-json\/wp\/v2\/media\/163580"}],"wp:attachment":[{"href":"https:\/\/www.europesays.com\/fr\/wp-json\/wp\/v2\/media?parent=163579"}],"wp:term":[{"taxonomy":"category","embeddable":true,"href":"https:\/\/www.europesays.com\/fr\/wp-json\/wp\/v2\/categories?post=163579"},{"taxonomy":"post_tag","embeddable":true,"href":"https:\/\/www.europesays.com\/fr\/wp-json\/wp\/v2\/tags?post=163579"}],"curies":[{"name":"wp","href":"https:\/\/api.w.org\/{rel}","templated":true}]}}