{"id":163585,"date":"2025-06-09T16:08:10","date_gmt":"2025-06-09T16:08:10","guid":{"rendered":"https:\/\/www.europesays.com\/fr\/163585\/"},"modified":"2025-06-09T16:08:10","modified_gmt":"2025-06-09T16:08:10","slug":"les-secteurs-concernes-selon-meteo-france","status":"publish","type":"post","link":"https:\/\/www.europesays.com\/fr\/163585\/","title":{"rendered":"les secteurs concern\u00e9s selon M\u00e9t\u00e9o France"},"content":{"rendered":"<p>            Par<br \/>\n        <strong><br \/>\n            <a href=\"https:\/\/actu.fr\/auteur\/redaction-grenoble\" title=\"Consulter tous les articles de R\u00e9daction Grenoble\" target=\"_blank\" rel=\"noopener\">R\u00e9daction Grenoble<\/a><br \/>\n        <\/strong><\/p>\n<p>        Publi\u00e9 le<\/p>\n<p>            9 juin 2025 \u00e0 16h54        <\/p>\n<p>Le ciel a beau \u00eatre blanch\u00e2tre en ce lundi de Pentec\u00f4te \u2013 et c\u2019est \u00e0 cause de <a href=\"https:\/\/actu.fr\/auvergne-rhone-alpes\/lyon_69123\/meteo-a-lyon-un-ciel-blanchatre-mais-aucun-nuage-voici-ce-qu-il-se-passe_62746344.html\" target=\"_blank\" rel=\"noopener\">particules venues de (tr\u00e8s) loin<\/a> -, le soleil est bel et bien de retour pour cette deuxi\u00e8me semaine de juin en Is\u00e8re.<\/p>\n<p class=\" wall-content\">Apr\u00e8s les <a href=\"https:\/\/actu.fr\/meteo\/grenoble-meteo-france-declenche-une-nouvelle-alerte-aux-orages-ce-vendredi-en-isere_62737241.html\" target=\"_blank\" rel=\"noopener\">alertes orages successifs<\/a> du d\u00e9but de mois, le beau temps et les <strong>temp\u00e9ratures estivales<\/strong> vont s\u2019installer tout au long de la semaine sur le d\u00e9partement. Voici les pr\u00e9visions de M\u00e9t\u00e9o France.<\/p>\n<p>Hausse progressive des temp\u00e9ratures<\/p>\n<p class=\" wall-content\">Mardi 10 juin, ce sera grand soleil pour toute l\u2019<a href=\"https:\/\/actu.fr\/auvergne-rhone-alpes\/isere_38\" target=\"_blank\" rel=\"noopener\">Is\u00e8re<\/a>, avec des temp\u00e9ratures qui devraient d\u00e9passer les 20\u00b0C d\u00e8s le matin. L\u2019apr\u00e8s-midi, il devrait faire particuli\u00e8rement chaud le long du Rh\u00f4ne (<a href=\"https:\/\/actu.fr\/auvergne-rhone-alpes\/vienne_38544\" target=\"_blank\" rel=\"noopener\">Vienne<\/a>, Roussillon), ainsi que dans le Voironnais et la cuvette grenobloise : entre 28\u00b0C et 29\u00b0C sont attendus.<\/p>\n<p class=\" wall-content\">La tendance va rester la m\u00eame pour mercredi 11 juin, avec la <strong>barre des 30\u00b0C<\/strong> qui pourrait \u00eatre d\u00e9pass\u00e9e localement, notamment \u00e0 <a href=\"https:\/\/actu.fr\/auvergne-rhone-alpes\/grenoble_38185\" target=\"_blank\" rel=\"noopener\">Grenoble<\/a> ou au Bourg-d\u2019Oisans.<\/p>\n<p>Vid\u00e9os : en ce moment sur ActuLes 35\u00b0C pourraient \u00eatre d\u00e9pass\u00e9s<\/p>\n<p class=\" wall-content\">Mais le <strong>pic de chaleur<\/strong> de la semaine est attendu en fin de semaine, entre le jeudi 12 et le vendredi 13 juin. Jusqu\u2019\u00e0 30\u00b0C \u00e0 <a href=\"https:\/\/actu.fr\/auvergne-rhone-alpes\/voiron_38563\" target=\"_blank\" rel=\"noopener\">Voiron<\/a> ou Saint-Marcellin, et 33\u00b0C \u00e0 Grenoble.<\/p>\n<p class=\" wall-content\">La <strong>barre des 35\u00b0C<\/strong> pourrait m\u00eame \u00eatre atteinte, selon certaines pr\u00e9visions, comme annonc\u00e9es par <a href=\"https:\/\/www.facebook.com\/meteocentreisere\" target=\"_blank\" rel=\"noopener\">M\u00e9t\u00e9o Centre-Is\u00e8re<\/a>.<\/p>\n<p>    <a href=\"https:\/\/www.facebook.com\/plugins\/post.php?href=https%3A%2F%2Fwww.facebook.com%2Fmeteocentreisere%2Fposts%2Fpfbid0cDv2nP9msU5v7zjF8HKA4xDspjSczAK2ufcqkL24Uq1zaTMkpG1WPLHChgNbZTjKl&amp;show_text=true&amp;width=350\" title=\"Ouvrie le lien\" target=\"_blank\" rel=\"noopener\">Cliquez ici pour visualiser le contenu<\/a><\/p>\n<p class=\" wall-content\">Un temps qui pourrait mener \u00e0 l\u2019apparition d\u2019orages, notamment \u00e0 <a href=\"https:\/\/actu.fr\/auvergne-rhone-alpes\/villard-de-lans_38548\" target=\"_blank\" rel=\"noopener\">Villard-de-Lans<\/a> ou La Mure dans les Alpes is\u00e9roises, d\u00e8s jeudi 12 juin.<\/p>\n<p class=\" wall-content\">Suivez toute l\u2019actualit\u00e9 de vos villes et m\u00e9dias favoris en vous inscrivant \u00e0 <a href=\"https:\/\/moncompte.actu.fr\" title=\"D\u00e9couvez Mon Actu\" rel=\"nofollow noopener\" data-trk=\"{&quot;cta&quot;:{&quot;action&quot;:&quot;https:\\\/\\\/moncompte.actu.fr&quot;,&quot;category&quot;:&quot;mon compte&quot;,&quot;from&quot;:&quot;article footer&quot;,&quot;name&quot;:&quot;Mon actu&quot;,&quot;type&quot;:&quot;cta&quot;}}\" target=\"_blank\">Mon Actu<\/a>.<\/p>\n","protected":false},"excerpt":{"rendered":"Par R\u00e9daction Grenoble Publi\u00e9 le 9 juin 2025 \u00e0 16h54 Le ciel a beau \u00eatre blanch\u00e2tre en ce&hellip;\n","protected":false},"author":2,"featured_media":163586,"comment_status":"","ping_status":"","sticky":false,"template":"","format":"standard","meta":{"footnotes":""},"categories":[9566],"tags":[1111,11,2430,1777,674,1011,27,2731,2487,2357,12,4594,25],"class_list":{"0":"post-163585","1":"post","2":"type-post","3":"status-publish","4":"format-standard","5":"has-post-thumbnail","7":"category-grenoble","8":"tag-actu","9":"tag-actualites","10":"tag-auvergne-rhone-alpes","11":"tag-eu","12":"tag-europe","13":"tag-fr","14":"tag-france","15":"tag-grenoble","16":"tag-meteo","17":"tag-meteo-france","18":"tag-news","19":"tag-orages","20":"tag-republique-francaise"},"share_on_mastodon":{"url":"https:\/\/pubeurope.com\/@fr\/114654275482986983","error":""},"_links":{"self":[{"href":"https:\/\/www.europesays.com\/fr\/wp-json\/wp\/v2\/posts\/163585","targetHints":{"allow":["GET"]}}],"collection":[{"href":"https:\/\/www.europesays.com\/fr\/wp-json\/wp\/v2\/posts"}],"about":[{"href":"https:\/\/www.europesays.com\/fr\/wp-json\/wp\/v2\/types\/post"}],"author":[{"embeddable":true,"href":"https:\/\/www.europesays.com\/fr\/wp-json\/wp\/v2\/users\/2"}],"replies":[{"embeddable":true,"href":"https:\/\/www.europesays.com\/fr\/wp-json\/wp\/v2\/comments?post=163585"}],"version-history":[{"count":0,"href":"https:\/\/www.europesays.com\/fr\/wp-json\/wp\/v2\/posts\/163585\/revisions"}],"wp:featuredmedia":[{"embeddable":true,"href":"https:\/\/www.europesays.com\/fr\/wp-json\/wp\/v2\/media\/163586"}],"wp:attachment":[{"href":"https:\/\/www.europesays.com\/fr\/wp-json\/wp\/v2\/media?parent=163585"}],"wp:term":[{"taxonomy":"category","embeddable":true,"href":"https:\/\/www.europesays.com\/fr\/wp-json\/wp\/v2\/categories?post=163585"},{"taxonomy":"post_tag","embeddable":true,"href":"https:\/\/www.europesays.com\/fr\/wp-json\/wp\/v2\/tags?post=163585"}],"curies":[{"name":"wp","href":"https:\/\/api.w.org\/{rel}","templated":true}]}}