{"id":163591,"date":"2025-06-09T16:11:10","date_gmt":"2025-06-09T16:11:10","guid":{"rendered":"https:\/\/www.europesays.com\/fr\/163591\/"},"modified":"2025-06-09T16:11:10","modified_gmt":"2025-06-09T16:11:10","slug":"on-fait-le-plein-de-conseils-au-rendez-vous-de-lalimentation","status":"publish","type":"post","link":"https:\/\/www.europesays.com\/fr\/163591\/","title":{"rendered":"on fait le plein de conseils au Rendez-vous de l\u2019alimentation"},"content":{"rendered":"<p>\u00ab\u00a0Toutes les bact\u00e9ries ne sont pas mauvaises, au contraire\u00a0! Elles peuvent aider \u00e0 conserver la richesse nutritionnelle de nos produits\u00a0\u00bb, annonce Gaby Guthmann, jardini\u00e8re et pr\u00e9sidente de l\u2019association qui g\u00e8re <a href=\"https:\/\/www.dna.fr\/culture-loisirs\/2025\/02\/16\/avec-sa-bourse-aux-graines-le-jardin-jacoutot-met-le-troc-a-l-honneur\" target=\"_blank\" rel=\"noopener\">le jardin Jacoutot<\/a>. Ce lundi 9\u00a0juin, dans le cadre des <a href=\"https:\/\/www.dna.fr\/economie\/2025\/06\/09\/pour-les-rendez-vous-de-l-alimentation-le-crous-met-les-petits-plats-dans-les-grands\" target=\"_blank\" rel=\"noopener\">Rendez-vous de l\u2019alimentation<\/a> organis\u00e9s par la Ville et l\u2019Eurom\u00e9tropole de Strasbourg, elle y anime un atelier\/d\u00e9gustation sur les diff\u00e9rentes mani\u00e8res de conserver des aliments.<\/p>\n<p>Lacto-fermentation, s\u00e9chage, cong\u00e9lation\u2026<\/p>\n<p>Une quinzaine de personnes enthousiastes sont install\u00e9es autour d\u2019une table sur laquelle ont \u00e9t\u00e9 d\u00e9pos\u00e9s des pickles, des soupes, des herbes s\u00e9ch\u00e9es et des confitures en guise d\u2019exemple.\u00a0Avant de pouvoir eux-m\u00eames pratiquer, ils&#8230;<\/p>\n","protected":false},"excerpt":{"rendered":"\u00ab\u00a0Toutes les bact\u00e9ries ne sont pas mauvaises, au contraire\u00a0! Elles peuvent aider \u00e0 conserver la richesse nutritionnelle de&hellip;\n","protected":false},"author":2,"featured_media":163592,"comment_status":"","ping_status":"","sticky":false,"template":"","format":"standard","meta":{"footnotes":""},"categories":[2820],"tags":[1111,11,7782,6211,1687,2880,436,1777,674,107,1011,27,775,12,5486,25,71,640,2879],"class_list":{"0":"post-163591","1":"post","2":"type-post","3":"status-publish","4":"format-standard","5":"has-post-thumbnail","7":"category-strasbourg","8":"tag-actu","9":"tag-actualites","10":"tag-balades-et-randonnees","11":"tag-conference","12":"tag-culture-loisirs","13":"tag-edition-strasbourg","14":"tag-environnement","15":"tag-eu","16":"tag-europe","17":"tag-fil-info","18":"tag-fr","19":"tag-france","20":"tag-grand-est","21":"tag-news","22":"tag-rencontre","23":"tag-republique-francaise","24":"tag-sante","25":"tag-strasbourg","26":"tag-strasbourg-ville"},"share_on_mastodon":{"url":"https:\/\/pubeurope.com\/@fr\/114654287334555921","error":""},"_links":{"self":[{"href":"https:\/\/www.europesays.com\/fr\/wp-json\/wp\/v2\/posts\/163591","targetHints":{"allow":["GET"]}}],"collection":[{"href":"https:\/\/www.europesays.com\/fr\/wp-json\/wp\/v2\/posts"}],"about":[{"href":"https:\/\/www.europesays.com\/fr\/wp-json\/wp\/v2\/types\/post"}],"author":[{"embeddable":true,"href":"https:\/\/www.europesays.com\/fr\/wp-json\/wp\/v2\/users\/2"}],"replies":[{"embeddable":true,"href":"https:\/\/www.europesays.com\/fr\/wp-json\/wp\/v2\/comments?post=163591"}],"version-history":[{"count":0,"href":"https:\/\/www.europesays.com\/fr\/wp-json\/wp\/v2\/posts\/163591\/revisions"}],"wp:featuredmedia":[{"embeddable":true,"href":"https:\/\/www.europesays.com\/fr\/wp-json\/wp\/v2\/media\/163592"}],"wp:attachment":[{"href":"https:\/\/www.europesays.com\/fr\/wp-json\/wp\/v2\/media?parent=163591"}],"wp:term":[{"taxonomy":"category","embeddable":true,"href":"https:\/\/www.europesays.com\/fr\/wp-json\/wp\/v2\/categories?post=163591"},{"taxonomy":"post_tag","embeddable":true,"href":"https:\/\/www.europesays.com\/fr\/wp-json\/wp\/v2\/tags?post=163591"}],"curies":[{"name":"wp","href":"https:\/\/api.w.org\/{rel}","templated":true}]}}