{"id":163593,"date":"2025-06-09T16:12:16","date_gmt":"2025-06-09T16:12:16","guid":{"rendered":"https:\/\/www.europesays.com\/fr\/163593\/"},"modified":"2025-06-09T16:12:16","modified_gmt":"2025-06-09T16:12:16","slug":"rc-strasbourg-ce-que-la-vente-de-mamadou-sarr-doit-aussi-rapporter-a-lol-et-au-rc-lens","status":"publish","type":"post","link":"https:\/\/www.europesays.com\/fr\/163593\/","title":{"rendered":"RC Strasbourg. Ce que la vente de Mamadou Sarr doit aussi rapporter \u00e0 l&rsquo;OL et au RC Lens"},"content":{"rendered":"<p><img fetchpriority=\"high\" decoding=\"async\" width=\"620\" height=\"413\" src=\"https:\/\/www.europesays.com\/fr\/wp-content\/uploads\/2025\/06\/Mamadou-Sarr-620x413.jpg\" alt=\"\" class=\"wp-image-368649\"  \/>Mamadou Sarr est officiellement un joueur de Chelsea.<\/p>\n<p>Une saison en Alsace et puis s\u2019en va en <a href=\"https:\/\/sportune.20minutes.fr\/premier-league\" target=\"_blank\" rel=\"noopener\">Premier League<\/a>. Mamadou Sarr quitte officiellement le <a href=\"https:\/\/sportune.20minutes.fr\/rc-strasbourg-rcsa\" target=\"_blank\" rel=\"noopener\">RC Strasbourg<\/a> pour rejoindre les cousins anglais de <a href=\"https:\/\/sportune.20minutes.fr\/chelsea-fc\" target=\"_blank\" rel=\"noopener\">Chelsea<\/a>, dans le cadre d\u2019un transfert \u00e0 20 millions d\u2019euros. L\u2019op\u00e9ration \u00e9tait pr\u00e9vue depuis la d\u00e9part du d\u00e9fenseur de 19 ans, de l\u2019<a href=\"https:\/\/sportune.20minutes.fr\/olympique-lyonnais-ol\" target=\"_blank\" rel=\"noopener\">Olympique Lyonnais<\/a>, o\u00f9 il a suivi le plus long de sa formation.<\/p>\n<p>Mamadou Sarr rapporte aux clubs qui l\u2019ont form\u00e9<\/p>\n<p>C\u2019est d\u2019ailleurs \u00e0 ce titre que le club rhodanien doit \u00eatre r\u00e9compens\u00e9, dans le cadre du dispositif du m\u00e9canisme de solidarit\u00e9 pr\u00e9vu par la FIFA. Car il n\u2019y a pas, sinon dans le deal pass\u00e9 avec le <a href=\"https:\/\/sportune.20minutes.fr\/rc-strasbourg-rcsa\" target=\"_blank\" rel=\"noopener\">RC Strasbourg<\/a> au mois d\u2019ao\u00fbt 2024, de clause de bonus \u00e0 la revente, ou sur une \u00e9ventuelle plus-value. Ainsi donc, au titre des ann\u00e9es pass\u00e9es entre les murs du centre de formation, l\u2019<a href=\"https:\/\/sportune.20minutes.fr\/olympique-lyonnais-ol\" target=\"_blank\" rel=\"noopener\">OL<\/a> devrait recevoir, selon nos calculs, l\u2019\u00e9quivalent de 450 000 euros, sur une op\u00e9ration \u00e0 20 millions d\u2019euros.<\/p>\n<p>Les Gones ne sont pas les seuls \u00e0 pr\u00e9tendre \u00e0 leur part. Le <a href=\"https:\/\/sportune.20minutes.fr\/rc-lens\" target=\"_blank\" rel=\"noopener\">RC Lens<\/a> avait Mamadou Sarr avant, y compris entre la douzi\u00e8me et treizi\u00e8me ann\u00e9e du jeune homme, l\u2019\u00e2ge de d\u00e9part dans la prise en compte du r\u00e8glement de la FIFA. A ce titre donc, le club nordiste peut pr\u00e9tendre \u00e0 50 000 euros sur cette op\u00e9ration.<\/p>\n","protected":false},"excerpt":{"rendered":"Mamadou Sarr est officiellement un joueur de Chelsea. Une saison en Alsace et puis s\u2019en va en Premier&hellip;\n","protected":false},"author":2,"featured_media":163594,"comment_status":"","ping_status":"","sticky":false,"template":"","format":"standard","meta":{"footnotes":""},"categories":[2820],"tags":[1111,11,1777,674,1011,27,775,29641,12,241,2264,4448,25,640,969],"class_list":{"0":"post-163593","1":"post","2":"type-post","3":"status-publish","4":"format-standard","5":"has-post-thumbnail","7":"category-strasbourg","8":"tag-actu","9":"tag-actualites","10":"tag-eu","11":"tag-europe","12":"tag-fr","13":"tag-france","14":"tag-grand-est","15":"tag-mamadou-sarr","16":"tag-news","17":"tag-ol","18":"tag-rc-lens","19":"tag-rc-strasbourg","20":"tag-republique-francaise","21":"tag-strasbourg","22":"tag-transfert"},"share_on_mastodon":{"url":"https:\/\/pubeurope.com\/@fr\/114654291167747771","error":""},"_links":{"self":[{"href":"https:\/\/www.europesays.com\/fr\/wp-json\/wp\/v2\/posts\/163593","targetHints":{"allow":["GET"]}}],"collection":[{"href":"https:\/\/www.europesays.com\/fr\/wp-json\/wp\/v2\/posts"}],"about":[{"href":"https:\/\/www.europesays.com\/fr\/wp-json\/wp\/v2\/types\/post"}],"author":[{"embeddable":true,"href":"https:\/\/www.europesays.com\/fr\/wp-json\/wp\/v2\/users\/2"}],"replies":[{"embeddable":true,"href":"https:\/\/www.europesays.com\/fr\/wp-json\/wp\/v2\/comments?post=163593"}],"version-history":[{"count":0,"href":"https:\/\/www.europesays.com\/fr\/wp-json\/wp\/v2\/posts\/163593\/revisions"}],"wp:featuredmedia":[{"embeddable":true,"href":"https:\/\/www.europesays.com\/fr\/wp-json\/wp\/v2\/media\/163594"}],"wp:attachment":[{"href":"https:\/\/www.europesays.com\/fr\/wp-json\/wp\/v2\/media?parent=163593"}],"wp:term":[{"taxonomy":"category","embeddable":true,"href":"https:\/\/www.europesays.com\/fr\/wp-json\/wp\/v2\/categories?post=163593"},{"taxonomy":"post_tag","embeddable":true,"href":"https:\/\/www.europesays.com\/fr\/wp-json\/wp\/v2\/tags?post=163593"}],"curies":[{"name":"wp","href":"https:\/\/api.w.org\/{rel}","templated":true}]}}