{"id":163613,"date":"2025-06-09T16:22:20","date_gmt":"2025-06-09T16:22:20","guid":{"rendered":"https:\/\/www.europesays.com\/fr\/163613\/"},"modified":"2025-06-09T16:22:20","modified_gmt":"2025-06-09T16:22:20","slug":"le-centre-de-tri-le-plus-high-tech-de-france-va-etre-construit-dans-la-metropole-de-lille","status":"publish","type":"post","link":"https:\/\/www.europesays.com\/fr\/163613\/","title":{"rendered":"Le centre de tri \u00ab\u00a0le plus high-tech de France\u00a0\u00bb va \u00eatre construit dans la m\u00e9tropole de Lille"},"content":{"rendered":"<p>            Par<br \/>\n        <strong><br \/>\n            <a href=\"https:\/\/actu.fr\/auteur\/nicolas-demollien\" title=\"Consulter tous les articles de Nicolas Demollien\" target=\"_blank\" rel=\"noopener\">Nicolas Demollien<\/a><br \/>\n        <\/strong><\/p>\n<p>        Publi\u00e9 le<\/p>\n<p>            9 juin 2025 \u00e0 17h40        <\/p>\n<p>\u00ab\u00a0Il s\u2019agira du <b>centre de tri <\/b>de d\u00e9chets <b>le plus high-tech de France<\/b>\u00ab\u00a0. Voil\u00e0 comment l\u2019entreprise AKTID d\u00e9crit la <b>modernisation \u00e0 venir<\/b> du centre de tri d\u2019<a href=\"https:\/\/actu.fr\/hauts-de-france\/halluin_59279\" target=\"_blank\" rel=\"noopener\">Halluin<\/a>, dans la m\u00e9tropole de <a href=\"https:\/\/actu.fr\/hauts-de-france\/lille_59350\" target=\"_blank\" rel=\"noopener\">Lille<\/a> (Nord). Ce projet strat\u00e9gique vise \u00e0 transformer le centre de tri en une <b>r\u00e9f\u00e9rence technologique de pointe<\/b>, gr\u00e2ce \u00e0 l\u2019int\u00e9gration d\u2019une combinaison de solutions automatis\u00e9es et d\u2019intelligence artificielle. D\u00e9tails.<\/p>\n<p>Un centre de tri hyper moderne en construction dans la m\u00e9tropole de Lille<\/p>\n<p data-end=\"1629\" class=\" wall-content\">Pour \u00ab\u00a0<b>maximiser l\u2019efficacit\u00e9 et la performance<\/b> de l\u2019installation tout en optimisant les co\u00fbts d\u2019exploitation\u00a0\u00bb, Aktid explique qu\u2019elle \u00ab\u00a0d\u00e9ploiera des <b>technologies avanc\u00e9es<\/b> pour assurer un tri des d\u00e9chets plus efficient, pr\u00e9cis et intelligent. Le centre de la MEL (<a href=\"https:\/\/actu.fr\/tag\/metropole-europeenne-de-lille\" target=\"_blank\" rel=\"noopener\">M\u00e9tropole europ\u00e9enne de Lille<\/a>) \u00e0 Halluin b\u00e9n\u00e9ficiera ainsi de syst\u00e8mes intelligents qui optimiseront l\u2019ensemble du fonctionnement de la ligne de tri\u00a0\u00bb.<\/p>\n<p data-end=\"2203\" class=\" wall-content\">Parmi ces solutions, le site sera \u00e9quip\u00e9 de \u00ab\u00a0Smart Scanner\u00a0\u00bb, qui permet un contr\u00f4le en temps r\u00e9el de la composition des flux entrants et une d\u00e9tection des objets ind\u00e9sirables, et de \u00ab\u00a0Smart Regulation\u00a0\u00bb, un <b>syst\u00e8me de r\u00e9gulation automatis\u00e9<\/b> pour garantir un d\u00e9bit constant des d\u00e9chets.<\/p>\n<p data-end=\"2203\" class=\" wall-content\">\u00ab\u00a0Les flux sortants seront \u00e9galement monitor\u00e9s gr\u00e2ce \u00e0 \u2018Smart Quality\u2019, qui mesure en temps r\u00e9el la puret\u00e9 des mat\u00e9riaux tri\u00e9s et alerte l\u2019exploitant en direct en cas de baisse de qualit\u00e9, et Smart Packing, qui optimise le processus de conditionnement des mati\u00e8res pour les centres de tri.<\/p>\n<p data-end=\"2578\" class=\" wall-content\">Ces syst\u00e8mes s\u2019int\u00e8grent dans un cadre global o\u00f9 la <b>performance est suivie en temps r\u00e9el<\/b> \u00ab\u00a0qui permet en outre d\u2019identifier tout dysfonctionnement ou opportunit\u00e9 d\u2019optimisation\u00a0\u00bb. De plus, un algorithme <a href=\"https:\/\/actu.fr\/tag\/intelligence-artificielle\" target=\"_blank\" rel=\"noopener\">d\u2019IA<\/a>, anticipe les bourrages et informe l\u2019op\u00e9rateur avant qu\u2019un incident ne survienne, assurant ainsi une gestion proactive du site.<\/p>\n<p>40 000 tonnes de d\u00e9chets par an<\/p>\n<p data-end=\"3414\" class=\" wall-content\">\u00c0 l\u2019issue de cette transformation en profondeur, le site d\u2019Halluin, qui maintiendra son activit\u00e9 de transfert pendant toute la dur\u00e9e du chantier, sera en mesure de traiter une <b>capacit\u00e9 de 40 000 tonnes par an de d\u00e9chets issus de la collecte s\u00e9lective<\/b>.<\/p>\n<p data-end=\"3879\" class=\" wall-content\">La modernisation du centre de tri se fera en <b>r\u00e9utilisant les b\u00e2timents existants<\/b>, \u00ab\u00a0\u00e9vitant ainsi une extension massive du site et r\u00e9duisant l\u2019impact environnemental\u00a0\u00bb. La v\u00e9g\u00e9talisation des parkings, avec <b>36 places de stationnement cr\u00e9\u00e9es<\/b>, fait \u00e9galement partie des initiatives environnementales annonc\u00e9es.<\/p>\n<p data-end=\"4504\" class=\" wall-content\">Le chantier, pr\u00e9vu pour d\u00e9buter fin 2025, vise une <b>r\u00e9ception finale fin 2027<\/b>.<\/p>\n<p data-end=\"4521\" class=\" wall-content\"><b>\u00ab\u00a0<\/b>Ce site sera un mod\u00e8le en mati\u00e8re de tri automatis\u00e9 et d\u2019intelligence artificielle. Nous sommes fiers de pouvoir d\u00e9ployer notre expertise et nos solutions les plus innovantes sur cette installation de grande envergure\u00a0\u00bb, se r\u00e9jouit Aur\u00e9lien Bone, directeur g\u00e9n\u00e9ral chez Aktid.<\/p>\n<p data-end=\"5493\" class=\" wall-content\">Et le pr\u00e9sident de la M\u00e9tropole europ\u00e9enne de Lille Damien Castelain de souligner : \u00ab\u00a0Avec 45 millions d\u2019euros investis, nous franchissons une \u00e9tape d\u00e9cisive pour r\u00e9volutionner le tri des d\u00e9chets recyclables sur notre territoire. Ce projet est bien plus qu\u2019un chantier, c\u2019est une <b>vision d\u2019avenir pour un tri plus pr\u00e9cis<\/b>, une pr\u00e9vention renforc\u00e9e des risques contre les incendies, une meilleure protection des zones \u00e9cologiques et une r\u00e9duction des nuisances pendant les travaux\u00a0\u00bb.<\/p>\n<p class=\" wall-content\">Suivez toute l\u2019actualit\u00e9 de vos villes et m\u00e9dias favoris en vous inscrivant \u00e0 <a href=\"https:\/\/moncompte.actu.fr\" title=\"D\u00e9couvez Mon Actu\" rel=\"nofollow noopener\" data-trk=\"{&quot;cta&quot;:{&quot;action&quot;:&quot;https:\\\/\\\/moncompte.actu.fr&quot;,&quot;category&quot;:&quot;mon compte&quot;,&quot;from&quot;:&quot;article footer&quot;,&quot;name&quot;:&quot;Mon actu&quot;,&quot;type&quot;:&quot;cta&quot;}}\" target=\"_blank\">Mon Actu<\/a>.<\/p>\n","protected":false},"excerpt":{"rendered":"Par Nicolas Demollien Publi\u00e9 le 9 juin 2025 \u00e0 17h40 \u00ab\u00a0Il s\u2019agira du centre de tri de d\u00e9chets&hellip;\n","protected":false},"author":2,"featured_media":163614,"comment_status":"","ping_status":"","sticky":false,"template":"","format":"standard","meta":{"footnotes":""},"categories":[2815],"tags":[1111,11,3008,1777,674,1011,27,811,223,1307,4863,12,25,104],"class_list":{"0":"post-163613","1":"post","2":"type-post","3":"status-publish","4":"format-standard","5":"has-post-thumbnail","7":"category-lille","8":"tag-actu","9":"tag-actualites","10":"tag-dechets","11":"tag-eu","12":"tag-europe","13":"tag-fr","14":"tag-france","15":"tag-hauts-de-france","16":"tag-intelligence-artificielle","17":"tag-lille","18":"tag-metropole-europeenne-de-lille","19":"tag-news","20":"tag-republique-francaise","21":"tag-societe"},"share_on_mastodon":{"url":"https:\/\/pubeurope.com\/@fr\/114654330533454368","error":""},"_links":{"self":[{"href":"https:\/\/www.europesays.com\/fr\/wp-json\/wp\/v2\/posts\/163613","targetHints":{"allow":["GET"]}}],"collection":[{"href":"https:\/\/www.europesays.com\/fr\/wp-json\/wp\/v2\/posts"}],"about":[{"href":"https:\/\/www.europesays.com\/fr\/wp-json\/wp\/v2\/types\/post"}],"author":[{"embeddable":true,"href":"https:\/\/www.europesays.com\/fr\/wp-json\/wp\/v2\/users\/2"}],"replies":[{"embeddable":true,"href":"https:\/\/www.europesays.com\/fr\/wp-json\/wp\/v2\/comments?post=163613"}],"version-history":[{"count":0,"href":"https:\/\/www.europesays.com\/fr\/wp-json\/wp\/v2\/posts\/163613\/revisions"}],"wp:featuredmedia":[{"embeddable":true,"href":"https:\/\/www.europesays.com\/fr\/wp-json\/wp\/v2\/media\/163614"}],"wp:attachment":[{"href":"https:\/\/www.europesays.com\/fr\/wp-json\/wp\/v2\/media?parent=163613"}],"wp:term":[{"taxonomy":"category","embeddable":true,"href":"https:\/\/www.europesays.com\/fr\/wp-json\/wp\/v2\/categories?post=163613"},{"taxonomy":"post_tag","embeddable":true,"href":"https:\/\/www.europesays.com\/fr\/wp-json\/wp\/v2\/tags?post=163613"}],"curies":[{"name":"wp","href":"https:\/\/api.w.org\/{rel}","templated":true}]}}