{"id":163615,"date":"2025-06-09T16:23:09","date_gmt":"2025-06-09T16:23:09","guid":{"rendered":"https:\/\/www.europesays.com\/fr\/163615\/"},"modified":"2025-06-09T16:23:09","modified_gmt":"2025-06-09T16:23:09","slug":"lincroyable-weekend-marseillais-des-deux-stars","status":"publish","type":"post","link":"https:\/\/www.europesays.com\/fr\/163615\/","title":{"rendered":"l&rsquo;incroyable weekend marseillais des deux stars"},"content":{"rendered":"<p itemprop=\"description\"><strong>La complicit\u00e9 des deux artistes saute aux yeux.<\/strong><\/p>\n<p>On savait qu&rsquo;<strong><a href=\"https:\/\/grandgrenoble.alpes1.com\/news\/musique\/28293\/ed-sheeran-de-retour-avec-le-clip-de-old-phone\" target=\"_blank\" rel=\"noopener nofollow\">Ed Sheeran<\/a><\/strong> n&rsquo;\u00e9tait<strong> pas vraiment une star comme les autres<\/strong>. On le voit r\u00e9guli\u00e8rement en train de jouer en concert dans la rue, ou dans le m\u00e9tro, au plus pr\u00e8s des gens, et il <strong>d\u00e9gage une v\u00e9ritable impression de gars qui aime la simplicit\u00e9<\/strong>, assez loin du star system malgr\u00e9 son succ\u00e8s immense. On a pu le v\u00e9rifier ce weekend, <strong>lors du passage du chanteur anglais \u00e0 Marseille<\/strong>. Un voyage pendant lequel il <strong>s&rsquo;est li\u00e9 d&rsquo;amiti\u00e9 avec Soprano<\/strong> !<\/p>\n<p><a href=\"https:\/\/grandgrenoble.alpes1.com\/news\/musique\/28239\/ed-sheeran-devoile-son-nouveau-clip-azizam\" target=\"_blank\" rel=\"noopener nofollow\">L&rsquo;interpr\u00e8te de \u00ab\u00a0Azizam\u00a0\u00bb<\/a>\u00a0\u00e9tait en effet\u00a0<strong>\u00e0 Marseille les 6 et 7 juin dernier<\/strong>, pour donner deux concerts dans la cit\u00e9 phoc\u00e9enne,\u00a0<strong>au Stade V\u00e9lodrome dans le cadre de son \u00ab\u00a0Mathematics Tour\u00a0\u00bb<\/strong>\u00a0en Europe, qui est toujours en cours. Et pour se mettre le public marseillais dans la poche \u00e0 coup s\u00fbr, il a eu la g\u00e9niale id\u00e9e d&rsquo;appeler\u00a0<a href=\"https:\/\/grandgrenoble.alpes1.com\/news\/musique\/27882\/soprano-anxieux-pour-le-futur-de-ses-enfants-et-de-la-societe\" target=\"_blank\" rel=\"noopener nofollow\">Soprano<\/a>\u00a0en renfort, pour\u00a0<strong>chanter un remix de \u00ab\u00a0En Feu\u00a0\u00bb, le tube de l&rsquo;\u00e9t\u00e9 2016.<\/strong>\u00a0Les deux artistes ont\u00a0<strong>tout donn\u00e9 sur la grande sc\u00e8ne tournante du V\u00e9l&rsquo;<\/strong>, en t\u00e9moigne l&rsquo;\u00e9tat de sueur dans lequel a termin\u00e9 le chanteur anglais, sans doute pas habitu\u00e9 \u00e0 de telles chaleurs dans son pays.<\/p>\n<blockquote class=\"instagram-media\" style=\"background: #FFF; border: 0; border-radius: 3px; box-shadow: 0 0 1px 0 rgba(0,0,0,0.5),0 1px 10px 0 rgba(0,0,0,0.15); margin: 1px; max-width: 540px; min-width: 326px; padding: 0; width: calc(100% - 2px);\" data-instgrm-captioned=\"\" data-instgrm-permalink=\"https:\/\/www.instagram.com\/reel\/DKk3-Z2CWhA\/?utm_source=ig_embed&amp;utm_campaign=loading\" data-instgrm-version=\"14\"><p>&#13;<br \/>\n&#13;\n<\/p><\/blockquote>\n<p>Une fois le concert termin\u00e9 les deux chanteurs ne se sont pas quitt\u00e9s. Et c&rsquo;est ainsi qu&rsquo;on a eu\u00a0<strong>la surprise de voir Soprano et Ed Sheeran se balader dans les rues de Marseille<\/strong>, et m\u00eame se rendre au boulodrome pour\u00a0<strong>se faire une petite p\u00e9tanque<\/strong>, le sport embl\u00e9matique de la ville.\u00a0<strong>Ed Sheeran \u00e9tait d&rsquo;ailleurs v\u00eatu du maillot de l&rsquo;OM<\/strong>, preuve qu&rsquo;il semble avoir ador\u00e9 son passage dans la ville. Il faut dire qu&rsquo;avec Soprano, l&rsquo;anglais avait le guide id\u00e9al. Des images de complicit\u00e9 qui font plaisir \u00e0 voir, on esp\u00e8re que cette bromance ne va pas s&rsquo;arr\u00eater l\u00e0 !\u00a0<\/p>\n<blockquote class=\"instagram-media\" style=\"background: #FFF; border: 0; border-radius: 3px; box-shadow: 0 0 1px 0 rgba(0,0,0,0.5),0 1px 10px 0 rgba(0,0,0,0.15); margin: 1px; max-width: 540px; min-width: 326px; padding: 0; width: calc(100% - 2px);\" data-instgrm-captioned=\"\" data-instgrm-permalink=\"https:\/\/www.instagram.com\/p\/DKmEej0s7m8\/?utm_source=ig_embed&amp;utm_campaign=loading\" data-instgrm-version=\"14\"><p>&#13;<br \/>\n&#13;\n<\/p><\/blockquote>\n<p>\t\t\t\t\t\t\t\t\t\t\t\t\t\t\t\t\t\t\t<script async src=\"\/\/www.instagram.com\/embed.js\"><\/script><\/p>\n","protected":false},"excerpt":{"rendered":"La complicit\u00e9 des deux artistes saute aux yeux. On savait qu&rsquo;Ed Sheeran n&rsquo;\u00e9tait pas vraiment une star comme&hellip;\n","protected":false},"author":2,"featured_media":163616,"comment_status":"","ping_status":"","sticky":false,"template":"","format":"standard","meta":{"footnotes":""},"categories":[2814],"tags":[1111,11,7733,8279,7736,650,7734,2889,2263,1777,674,1011,27,2731,8280,6417,1114,108,4662,884,12,3725,882,1825,25,7737],"class_list":{"0":"post-163615","1":"post","2":"type-post","3":"status-publish","4":"format-standard","5":"has-post-thumbnail","7":"category-marseille","8":"tag-actu","9":"tag-actualites","10":"tag-alpes","11":"tag-alpes1","12":"tag-cds","13":"tag-cinema","14":"tag-ecoute","15":"tag-emission","16":"tag-equipe","17":"tag-eu","18":"tag-europe","19":"tag-fr","20":"tag-france","21":"tag-grenoble","22":"tag-haute","23":"tag-information","24":"tag-infos","25":"tag-isere","26":"tag-journal","27":"tag-marseille","28":"tag-news","29":"tag-podcast","30":"tag-provence-alpes-cote-dazur","31":"tag-radio","32":"tag-republique-francaise","33":"tag-winamp"},"share_on_mastodon":{"url":"https:\/\/pubeurope.com\/@fr\/114654334434012472","error":""},"_links":{"self":[{"href":"https:\/\/www.europesays.com\/fr\/wp-json\/wp\/v2\/posts\/163615","targetHints":{"allow":["GET"]}}],"collection":[{"href":"https:\/\/www.europesays.com\/fr\/wp-json\/wp\/v2\/posts"}],"about":[{"href":"https:\/\/www.europesays.com\/fr\/wp-json\/wp\/v2\/types\/post"}],"author":[{"embeddable":true,"href":"https:\/\/www.europesays.com\/fr\/wp-json\/wp\/v2\/users\/2"}],"replies":[{"embeddable":true,"href":"https:\/\/www.europesays.com\/fr\/wp-json\/wp\/v2\/comments?post=163615"}],"version-history":[{"count":0,"href":"https:\/\/www.europesays.com\/fr\/wp-json\/wp\/v2\/posts\/163615\/revisions"}],"wp:featuredmedia":[{"embeddable":true,"href":"https:\/\/www.europesays.com\/fr\/wp-json\/wp\/v2\/media\/163616"}],"wp:attachment":[{"href":"https:\/\/www.europesays.com\/fr\/wp-json\/wp\/v2\/media?parent=163615"}],"wp:term":[{"taxonomy":"category","embeddable":true,"href":"https:\/\/www.europesays.com\/fr\/wp-json\/wp\/v2\/categories?post=163615"},{"taxonomy":"post_tag","embeddable":true,"href":"https:\/\/www.europesays.com\/fr\/wp-json\/wp\/v2\/tags?post=163615"}],"curies":[{"name":"wp","href":"https:\/\/api.w.org\/{rel}","templated":true}]}}