{"id":16362,"date":"2025-04-11T02:42:30","date_gmt":"2025-04-11T02:42:30","guid":{"rendered":"https:\/\/www.europesays.com\/fr\/16362\/"},"modified":"2025-04-11T02:42:30","modified_gmt":"2025-04-11T02:42:30","slug":"lassemblee-nationale-vote-en-faveur-de-la-reforme-du-scrutin-a-paris-lyon-et-marseille","status":"publish","type":"post","link":"https:\/\/www.europesays.com\/fr\/16362\/","title":{"rendered":"L\u2019Assembl\u00e9e nationale vote en faveur de la r\u00e9forme du scrutin \u00e0 Paris, Lyon et Marseille"},"content":{"rendered":"<p>Apr\u00e8s des d\u00e9buts laborieux, la r\u00e9forme du <a href=\"https:\/\/www.20minutes.fr\/dossier\/scrutin\" target=\"_blank\" class=\"color-ultramarine c-link\" rel=\"noopener\">scrutin <\/a>municipal pour les villes de <a href=\"https:\/\/www.20minutes.fr\/paris\/\" target=\"_blank\" class=\"color-ultramarine c-link\" rel=\"noopener\">Paris<\/a>, <a href=\"https:\/\/www.20minutes.fr\/lyon\/\" target=\"_blank\" class=\"color-ultramarine c-link\" rel=\"noopener\">Lyon <\/a>et <a href=\"https:\/\/www.20minutes.fr\/marseille\/\" target=\"_blank\" class=\"color-ultramarine c-link\" rel=\"noopener\">Marseille <\/a>a \u00e9t\u00e9 adopt\u00e9e ce mercredi par l\u2019<a href=\"https:\/\/www.20minutes.fr\/dossier\/assemblee_nationale\" target=\"_blank\" class=\"color-ultramarine c-link\" rel=\"noopener\">Assembl\u00e9e nationale<\/a>. Cette r\u00e9vision pr\u00e9voit notamment d\u2019instaurer deux <a href=\"https:\/\/www.20minutes.fr\/dossier\/vote\" target=\"_blank\" class=\"color-ultramarine c-link\" rel=\"noopener\">votes <\/a>distincts dans les trois m\u00e9tropoles\u00a0: l\u2019un pour \u00e9lire les conseillers d\u2019arrondissement ou de secteur, l\u2019autre pour \u00e9lire le conseil municipal, sur une circonscription unique.<\/p>\n<\/p>\n<p>Malgr\u00e9 une gestation compliqu\u00e9e, le texte, adopt\u00e9 largement en commission, a \u00e9t\u00e9 pl\u00e9biscit\u00e9 en premi\u00e8re lecture dans l\u2019h\u00e9micycle \u00e0 183 voix contre 53, \u00e0 un peu moins d\u2019un an des <a href=\"https:\/\/www.20minutes.fr\/municipales\/\" target=\"_blank\" class=\"color-ultramarine c-link\" rel=\"noopener\">municipales<\/a>. Il a re\u00e7u le soutien d\u2019une bonne partie de la coalition gouvernementale, LR compris, de LFI et du RN, contre le reste de la gauche (Horizons s\u2019est abstenu).<\/p>\n<p>Un mode de scrutin d\u00e9cri\u00e9<\/p>\n<p>Initi\u00e9e par le d\u00e9put\u00e9 <a href=\"https:\/\/www.20minutes.fr\/politique\/renaissance\/\" target=\"_blank\" class=\"color-ultramarine c-link\" rel=\"noopener\">Renaissance <\/a>de Paris Sylvain Maillard, la proposition de loi vise \u00e0 mettre fin au mode de scrutin mis en place en\u00a01982, en vertu duquel les \u00e9lecteurs \u00e0 Paris, Lyon et Marseille votent dans chaque arrondissement pour une liste de conseillers, les \u00e9lus du haut de la liste si\u00e9geant \u00e0 la fois au conseil d\u2019arrondissement et au conseil municipal.<\/p>\n<p>Un mode de scrutin d\u00e9cri\u00e9 qui peut aboutir \u00e0 l\u2019\u00e9lection d\u2019un <a href=\"https:\/\/www.20minutes.fr\/dossier\/maire\" target=\"_blank\" class=\"color-ultramarine c-link\" rel=\"noopener\">maire <\/a>ayant r\u00e9uni une minorit\u00e9 de voix \u2013 ce fut le cas en\u00a01983 \u00e0 Marseille \u2013 et qui conduit \u00e0 ce que l\u2019\u00e9lection se joue dans une poign\u00e9e d\u2019arrondissements cl\u00e9s. Il a \u00ab\u00a0ab\u00eem\u00e9 la gouvernance de nos trois villes depuis quarante ans\u00a0\u00bb, car \u00ab\u00a0vous privil\u00e9giez syst\u00e9matiquement vos arrondissements\u00a0\u00bb, a martel\u00e9 Sylvain Maillard ce mercredi.<\/p>\n<p>Le S\u00e9nat pas acquis<\/p>\n<p>Le rapporteur Modem Jean-Paul Mattei a propos\u00e9, sans succ\u00e8s, d\u2019exclure Lyon de la r\u00e9forme, qui aboutirait \u00e0 instaurer trois scrutins le m\u00eame jour (arrondissements, ville et <a href=\"https:\/\/www.20minutes.fr\/dossier\/metropoles\" target=\"_blank\" class=\"color-ultramarine c-link\" rel=\"noopener\">m\u00e9tropole<\/a>). Les d\u00e9put\u00e9s ont en revanche r\u00e9form\u00e9 la r\u00e9partition des conseillers d\u2019arrondissement en fonction de l\u2019\u00e9volution d\u00e9mographique.<\/p>\n<p>Le texte propose aussi d\u2019abaisser \u00e0 25\u00a0% la prime majoritaire pour la liste arriv\u00e9e en t\u00eate, au lieu de 50\u00a0%, comme c\u2019est aujourd\u2019hui le cas partout en <a href=\"https:\/\/www.20minutes.fr\/france\/\" target=\"_blank\" class=\"color-ultramarine c-link\" rel=\"noopener\">France<\/a>. C\u2019est l\u2019un des points de friction avec les opposants \u00e0 la r\u00e9forme, notamment pour la <a href=\"https:\/\/www.20minutes.fr\/dossier\/gauche\" target=\"_blank\" class=\"color-ultramarine c-link\" rel=\"noopener\">gauche <\/a>hors LFI, qui suspecte aussi les macronistes de vouloir modifier le scrutin pour tenter de remporter Paris.<\/p>\n<p><a href=\"https:\/\/www.20minutes.fr\/municipales\/\" target=\"_blank\" class=\"c-link c-btn c-btn--primary\" rel=\"noopener\">Notre dossier sur les \u00e9lections municipales de 2026<\/a><\/p>\n<p>Emmanuel Gr\u00e9goire, candidat <a href=\"https:\/\/www.20minutes.fr\/politique\/ps\/\" target=\"_blank\" class=\"color-ultramarine c-link\" rel=\"noopener\">PS <\/a>\u00e0 la primaire pour Paris, a longuement attaqu\u00e9 un texte susceptible, selon lui, d\u2019entacher la sinc\u00e9rit\u00e9 du scrutin, promettant un recours au <a href=\"https:\/\/www.20minutes.fr\/dossier\/conseil_constitutionnel\" target=\"_blank\" class=\"color-ultramarine c-link\" rel=\"noopener\">Conseil constitutionnel<\/a>. Mais le texte ira d\u2019abord au <a href=\"https:\/\/www.20minutes.fr\/dossier\/senat\" target=\"_blank\" class=\"color-ultramarine c-link\" rel=\"noopener\">S\u00e9nat<\/a>, o\u00f9 <a href=\"https:\/\/www.20minutes.fr\/politique\/lr\/\" target=\"_blank\" class=\"color-ultramarine c-link\" rel=\"noopener\">LR <\/a>et le PS l\u2019attendent avec froideur\u00a0: \u00ab\u00a0Je pense qu\u2019il y a une majorit\u00e9 pour rejeter le texte\u00a0\u00bb, estime une source parlementaire LR.<\/p>\n","protected":false},"excerpt":{"rendered":"Apr\u00e8s des d\u00e9buts laborieux, la r\u00e9forme du scrutin municipal pour les villes de Paris, Lyon et Marseille a&hellip;\n","protected":false},"author":2,"featured_media":16363,"comment_status":"","ping_status":"","sticky":false,"template":"","format":"standard","meta":{"footnotes":""},"categories":[2814],"tags":[1111,47,11,416,2430,885,422,2761,1777,674,1011,27,662,2428,5107,884,12,883,626,316,882,4190,25,2429,2431,4189,1004,5995],"class_list":{"0":"post-16362","1":"post","2":"type-post","3":"status-publish","4":"format-standard","5":"has-post-thumbnail","7":"category-marseille","8":"tag-actu","9":"tag-actualite","10":"tag-actualites","11":"tag-assemblee-nationale","12":"tag-auvergne-rhone-alpes","13":"tag-bouches-du-rhone","14":"tag-depute","15":"tag-elections-municipales-2026","16":"tag-eu","17":"tag-europe","18":"tag-fr","19":"tag-france","20":"tag-ile-de-france","21":"tag-lyon","22":"tag-maire","23":"tag-marseille","24":"tag-news","25":"tag-paca","26":"tag-paris","27":"tag-politique","28":"tag-provence-alpes-cote-dazur","29":"tag-reforme","30":"tag-republique-francaise","31":"tag-rhone","32":"tag-rhone-alpes","33":"tag-scrutin","34":"tag-senat","35":"tag-vote"},"share_on_mastodon":{"url":"https:\/\/pubeurope.com\/@fr\/114317029789428769","error":""},"_links":{"self":[{"href":"https:\/\/www.europesays.com\/fr\/wp-json\/wp\/v2\/posts\/16362","targetHints":{"allow":["GET"]}}],"collection":[{"href":"https:\/\/www.europesays.com\/fr\/wp-json\/wp\/v2\/posts"}],"about":[{"href":"https:\/\/www.europesays.com\/fr\/wp-json\/wp\/v2\/types\/post"}],"author":[{"embeddable":true,"href":"https:\/\/www.europesays.com\/fr\/wp-json\/wp\/v2\/users\/2"}],"replies":[{"embeddable":true,"href":"https:\/\/www.europesays.com\/fr\/wp-json\/wp\/v2\/comments?post=16362"}],"version-history":[{"count":0,"href":"https:\/\/www.europesays.com\/fr\/wp-json\/wp\/v2\/posts\/16362\/revisions"}],"wp:featuredmedia":[{"embeddable":true,"href":"https:\/\/www.europesays.com\/fr\/wp-json\/wp\/v2\/media\/16363"}],"wp:attachment":[{"href":"https:\/\/www.europesays.com\/fr\/wp-json\/wp\/v2\/media?parent=16362"}],"wp:term":[{"taxonomy":"category","embeddable":true,"href":"https:\/\/www.europesays.com\/fr\/wp-json\/wp\/v2\/categories?post=16362"},{"taxonomy":"post_tag","embeddable":true,"href":"https:\/\/www.europesays.com\/fr\/wp-json\/wp\/v2\/tags?post=16362"}],"curies":[{"name":"wp","href":"https:\/\/api.w.org\/{rel}","templated":true}]}}