{"id":163635,"date":"2025-06-09T16:37:10","date_gmt":"2025-06-09T16:37:10","guid":{"rendered":"https:\/\/www.europesays.com\/fr\/163635\/"},"modified":"2025-06-09T16:37:10","modified_gmt":"2025-06-09T16:37:10","slug":"a-vouvray-les-collegiens-solidaires-avec-lukraine-et-mayotte","status":"publish","type":"post","link":"https:\/\/www.europesays.com\/fr\/163635\/","title":{"rendered":"\u00c0 Vouvray, les coll\u00e9giens solidaires avec l\u2019Ukraine et Mayotte"},"content":{"rendered":"<p>Le coll\u00e8ge Gaston-Huet de Vouvray a organis\u00e9, vendredi 6\u00a0juin \u00e0 12\u00a0h, la remise de ch\u00e8ques au profit des associations\u00a0Touraine Ukraine, repr\u00e9sent\u00e9e par sa pr\u00e9sidente Mme\u00a0Durand-Vesque, et Secours populaire fran\u00e7ais (SPF) Mayotte, repr\u00e9sent\u00e9 par M. Largeteau du SPF d\u2019Amboise. Les 1.130\u00a0\u20ac r\u00e9colt\u00e9s ont \u00e9t\u00e9 partag\u00e9s en deux parts \u00e9gales. Cette somme provenait de la grande v&#8230; <\/p>\n<p>    Cet article a \u00e9t\u00e9 tronqu\u00e9. Abonnez-vous pour lire l&rsquo;article complet sur notre site.<\/p>\n<p style=\"margin: 0 !important; padding: 0 !important; font-size: 12px !important;\">Cet article a \u00e9t\u00e9 tronqu\u00e9. Abonnez-vous pour lire l&rsquo;article complet.<\/p>\n<p>    <a href=\"https:\/\/www.lanouvellerepublique.fr\/abonnements\" style=\"display: inline-block; margin-top: 5px !important; padding: 6px 12px !important; background: #cb1c27; color: white; text-decoration: none; border-radius: 4px; font-size: 12px !important;\" target=\"_blank\" rel=\"noopener\"><br \/>\n      S&rsquo;abonner<br \/>\n    <\/a><\/p>\n","protected":false},"excerpt":{"rendered":"Le coll\u00e8ge Gaston-Huet de Vouvray a organis\u00e9, vendredi 6\u00a0juin \u00e0 12\u00a0h, la remise de ch\u00e8ques au profit des&hellip;\n","protected":false},"author":2,"featured_media":163636,"comment_status":"","ping_status":"","sticky":false,"template":"","format":"standard","meta":{"footnotes":""},"categories":[1590],"tags":[11,1674,1057,1777,674,12,3400,220,29646],"class_list":{"0":"post-163635","1":"post","2":"type-post","3":"status-publish","4":"format-standard","5":"has-post-thumbnail","7":"category-ukraine","8":"tag-actualites","9":"tag-communes","10":"tag-education","11":"tag-eu","12":"tag-europe","13":"tag-news","14":"tag-solidarite","15":"tag-ukraine","16":"tag-vouvray"},"share_on_mastodon":{"url":"https:\/\/pubeurope.com\/@fr\/114654389415989085","error":""},"_links":{"self":[{"href":"https:\/\/www.europesays.com\/fr\/wp-json\/wp\/v2\/posts\/163635","targetHints":{"allow":["GET"]}}],"collection":[{"href":"https:\/\/www.europesays.com\/fr\/wp-json\/wp\/v2\/posts"}],"about":[{"href":"https:\/\/www.europesays.com\/fr\/wp-json\/wp\/v2\/types\/post"}],"author":[{"embeddable":true,"href":"https:\/\/www.europesays.com\/fr\/wp-json\/wp\/v2\/users\/2"}],"replies":[{"embeddable":true,"href":"https:\/\/www.europesays.com\/fr\/wp-json\/wp\/v2\/comments?post=163635"}],"version-history":[{"count":0,"href":"https:\/\/www.europesays.com\/fr\/wp-json\/wp\/v2\/posts\/163635\/revisions"}],"wp:featuredmedia":[{"embeddable":true,"href":"https:\/\/www.europesays.com\/fr\/wp-json\/wp\/v2\/media\/163636"}],"wp:attachment":[{"href":"https:\/\/www.europesays.com\/fr\/wp-json\/wp\/v2\/media?parent=163635"}],"wp:term":[{"taxonomy":"category","embeddable":true,"href":"https:\/\/www.europesays.com\/fr\/wp-json\/wp\/v2\/categories?post=163635"},{"taxonomy":"post_tag","embeddable":true,"href":"https:\/\/www.europesays.com\/fr\/wp-json\/wp\/v2\/tags?post=163635"}],"curies":[{"name":"wp","href":"https:\/\/api.w.org\/{rel}","templated":true}]}}