{"id":163637,"date":"2025-06-09T16:38:10","date_gmt":"2025-06-09T16:38:10","guid":{"rendered":"https:\/\/www.europesays.com\/fr\/163637\/"},"modified":"2025-06-09T16:38:10","modified_gmt":"2025-06-09T16:38:10","slug":"aujourdhui-dans-24h-pujadas-usa-trump-deploie-larmee-a-los-angeles","status":"publish","type":"post","link":"https:\/\/www.europesays.com\/fr\/163637\/","title":{"rendered":"Aujourd&rsquo;hui dans 24H Pujadas : USA &#8211; Trump d\u00e9ploie l\u2019arm\u00e9e \u00e0 Los Angeles"},"content":{"rendered":"<ul class=\"jsx-862013697 ArticleChapo__List\">\n<li class=\"jsx-862013697 ArticleChapo__List_Item flex\">Au sommaire du lundi 9 juin 2025 : USA &#8211; Trump d\u00e9ploie l\u2019arm\u00e9e \u00e0 Los Angeles. International &#8211; L\u2019incroyable couple d&rsquo;espions qui a pi\u00e9g\u00e9 le FSB. Litt\u00e9rature &#8211; \u201cLa guerre d\u2019apr\u00e8s\u201d : le sc\u00e9nario estonien.<\/li>\n<\/ul>\n<p data-module=\"article-paragraph\" class=\"jsx-3046738180 Paragraph\"><strong>Le Club :<\/strong>\u00a0<\/p>\n<p data-module=\"article-paragraph\" class=\"jsx-3046738180 Paragraph\"><strong>G\u00e9n\u00e9ral Trinquand <\/strong>&#8211; Ancien chef de la mission militaire ONU<\/p>\n<p data-module=\"article-paragraph\" class=\"jsx-3046738180 Paragraph\"><strong>Isabelle Lasserre<\/strong> &#8211; Journaliste sp\u00e9cialiste des questions diplomatiques pour Le Figaro<\/p>\n<p data-module=\"article-paragraph\" class=\"jsx-3046738180 Paragraph\"><strong>Vincent Hugeux <\/strong>&#8211; Grand reporter et essayiste<\/p>\n<p data-module=\"article-paragraph\" class=\"jsx-3046738180 Paragraph\"><strong>Rym Momtaz<\/strong> &#8211; Chercheuse en relations internationales \u00e0 Carnegie<\/p>\n<p data-module=\"article-paragraph\" class=\"jsx-3046738180 Paragraph\"><strong>Vincent Crouzet<\/strong> &#8211; Expert en renseignements<\/p>\n<p data-module=\"article-paragraph\" class=\"jsx-3046738180 Paragraph Paragraph__End\"><strong>Bruno Tertrais<\/strong> &#8211; Directeur adjoint Fondation pour la recherche strat\u00e9gique<\/p>\n<p>C\u00e9cilia SOW<\/p>\n","protected":false},"excerpt":{"rendered":"Au sommaire du lundi 9 juin 2025 : USA &#8211; Trump d\u00e9ploie l\u2019arm\u00e9e \u00e0 Los Angeles. International &#8211;&hellip;\n","protected":false},"author":2,"featured_media":13041,"comment_status":"","ping_status":"","sticky":false,"template":"","format":"standard","meta":{"footnotes":""},"categories":[1589],"tags":[1111,5926,11,5925,75,73,1866,1922,14,12,132,220,1864,1865,1863,308],"class_list":{"0":"post-163637","1":"post","2":"type-post","3":"status-publish","4":"format-standard","5":"has-post-thumbnail","7":"category-etats-unis","8":"tag-actu","9":"tag-actualite-international","10":"tag-actualites","11":"tag-conflits-et-guerre","12":"tag-donald-trump","13":"tag-etats-unis","14":"tag-etats-unis-damerique","15":"tag-info","16":"tag-international","17":"tag-news","18":"tag-russie","19":"tag-ukraine","20":"tag-united-states","21":"tag-united-states-of-america","22":"tag-us","23":"tag-usa"},"share_on_mastodon":{"url":"https:\/\/pubeurope.com\/@fr\/114654393501265143","error":""},"_links":{"self":[{"href":"https:\/\/www.europesays.com\/fr\/wp-json\/wp\/v2\/posts\/163637","targetHints":{"allow":["GET"]}}],"collection":[{"href":"https:\/\/www.europesays.com\/fr\/wp-json\/wp\/v2\/posts"}],"about":[{"href":"https:\/\/www.europesays.com\/fr\/wp-json\/wp\/v2\/types\/post"}],"author":[{"embeddable":true,"href":"https:\/\/www.europesays.com\/fr\/wp-json\/wp\/v2\/users\/2"}],"replies":[{"embeddable":true,"href":"https:\/\/www.europesays.com\/fr\/wp-json\/wp\/v2\/comments?post=163637"}],"version-history":[{"count":0,"href":"https:\/\/www.europesays.com\/fr\/wp-json\/wp\/v2\/posts\/163637\/revisions"}],"wp:featuredmedia":[{"embeddable":true,"href":"https:\/\/www.europesays.com\/fr\/wp-json\/wp\/v2\/media\/13041"}],"wp:attachment":[{"href":"https:\/\/www.europesays.com\/fr\/wp-json\/wp\/v2\/media?parent=163637"}],"wp:term":[{"taxonomy":"category","embeddable":true,"href":"https:\/\/www.europesays.com\/fr\/wp-json\/wp\/v2\/categories?post=163637"},{"taxonomy":"post_tag","embeddable":true,"href":"https:\/\/www.europesays.com\/fr\/wp-json\/wp\/v2\/tags?post=163637"}],"curies":[{"name":"wp","href":"https:\/\/api.w.org\/{rel}","templated":true}]}}