{"id":163638,"date":"2025-06-09T16:39:10","date_gmt":"2025-06-09T16:39:10","guid":{"rendered":"https:\/\/www.europesays.com\/fr\/163638\/"},"modified":"2025-06-09T16:39:10","modified_gmt":"2025-06-09T16:39:10","slug":"au-royaume-uni-un-milliard-de-livres-verse-a-des-postiers-accuses-a-tort-de-vol-liberation","status":"publish","type":"post","link":"https:\/\/www.europesays.com\/fr\/163638\/","title":{"rendered":"au Royaume-Uni, un milliard de livres vers\u00e9 \u00e0 des postiers accus\u00e9s \u00e0 tort de vol \u2013 Lib\u00e9ration"},"content":{"rendered":"<p class=\"sc-ksZaOG ehjQrN text-element\">Un gros ch\u00e8que pour un \u00e9norme scandale. Le gouvernement britannique a annonc\u00e9 que plus d\u2019un milliard de livres (1,19\u00a0milliard d\u2019euros) d\u2019indemnit\u00e9s ont \u00e9t\u00e9 vers\u00e9es \u00e0 des milliers de responsables de bureaux de poste victimes d\u2019un scandale retentissant au Royaume-Uni. Entre\u00a01999 et\u00a02015, environ un millier de responsables d\u2019agences du Post Office <a href=\"https:\/\/www.liberation.fr\/international\/europe\/plus-de-vingt-ans-apres-des-centaines-de-postiers-britanniques-en-voie-de-rehabilitation-20240114_MT4APEWOQJEHDOLV7V7BZQXZ54\/\" target=\"_blank\" rel=\"noreferrer nofollow noopener\" title=\"https:\/\/www.liberation.fr\/international\/europe\/plus-de-vingt-ans-apres-des-centaines-de-postiers-britanniques-en-voie-de-rehabilitation-20240114_MT4APEWOQJEHDOLV7V7BZQXZ54\/\">ont \u00e9t\u00e9 accus\u00e9s de vol et poursuivis sur la base d\u2019informations erron\u00e9es<\/a> d\u2019un logiciel de comptabilit\u00e9 de l\u2019entreprise informatique Fujitsu, baptis\u00e9 Horizon.<\/p>\n<p class=\"sc-ksZaOG ehjQrN text-element\">Des postiers ont d\u00fb rembourser les manques \u00e0 gagner comptables faussement cr\u00e9\u00e9s. Certains ont perdu leurs \u00e9conomies, leur logement ou leur emploi dans le remboursement. D\u2019autres y ont laiss\u00e9 leur mariage. Certains ont m\u00eame fini en prison et plusieurs se sont suicid\u00e9s. Tout \u00e7a \u00e0 cause d\u2019un simple bug.<\/p>\n<p class=\"sc-ksZaOG ehjQrN text-element\">En janvier\u00a02024, une s\u00e9rie diffus\u00e9e sur la cha\u00eene de t\u00e9l\u00e9vision ITV, centr\u00e9e sur le combat judiciaire de l\u2019un des postiers, Alan Bates, avait replac\u00e9 cette affaire au centre de l\u2019attention. Plusieurs condamnations ont depuis \u00e9t\u00e9 annul\u00e9es par la justice et une commission d\u2019enqu\u00eate s\u2019est pench\u00e9e sur ce scandale, d\u00e9crit par <a href=\"https:\/\/www.liberation.fr\/international\/europe\/un-fils-dimmigres-indiens-a-downing-street-la-success-tory-de-rishi-sunak-20221024_5WALDRFQV5GSVLU27YQR336QDQ\/\" target=\"_blank\" rel=\"noreferrer nofollow noopener\" title=\"https:\/\/www.liberation.fr\/international\/europe\/un-fils-dimmigres-indiens-a-downing-street-la-success-tory-de-rishi-sunak-20221024_5WALDRFQV5GSVLU27YQR336QDQ\/\">l\u2019ancien Premier ministre Rishi Sunak<\/a> comme \u00abl\u2019une des plus grandes erreurs judiciaires de l\u2019histoire\u00bb au Royaume-Uni.<\/p>\n<p class=\"sc-ksZaOG ehjQrN text-element\">Selon les chiffres publi\u00e9s lundi par le minist\u00e8re du Commerce et des Entreprises, \u00aben date du 2\u00a0juin 2025, environ 1,04\u00a0milliard de livres a \u00e9t\u00e9 vers\u00e9 [par le gouvernement et le Post Office] \u00e0 plus de 7\u00a0300 personnes\u00bb, sur plus de 11\u00a0000 r\u00e9clamations. Ainsi, 167\u00a0millions de livres (198\u00a0millions d\u2019euros) ont notamment \u00e9t\u00e9 vers\u00e9es \u00e0 416 anciens responsables de bureaux de poste, comme Alan Bates, qui avaient contest\u00e9 avec succ\u00e8s en justice les poursuites lanc\u00e9es contre eux par l\u2019entreprise. 245\u00a0millions de livres ont \u00e9t\u00e9 pay\u00e9es \u00e0 463 autres, condamn\u00e9s \u00e0 tort avant d\u2019\u00eatre blanchis l\u2019an dernier dans le cadre d\u2019une loi d\u00e9di\u00e9e, et 68\u00a0millions de livres ont \u00e9t\u00e9 vers\u00e9es \u00e0 71 personnes condamn\u00e9es puis innocent\u00e9es par la justice.<\/p>\n<p class=\"sc-ksZaOG ehjQrN text-element\">Le directeur g\u00e9n\u00e9ral du Post Office, Neil Brocklehurst, a salu\u00e9 ces paiements, ajoutant que \u00abchaque semaine, de plus en plus de personnes re\u00e7oivent leur r\u00e8glement final et peuvent commencer \u00e0 regarder au-del\u00e0 de ce chapitre douloureux de leur vie\u00bb. Alan Bates, qui a \u00e9t\u00e9 anobli en janvier par le roi, a critiqu\u00e9 le mois dernier le dispositif d\u2019indemnisation, affirmant qu\u2019on lui avait propos\u00e9 un montant qui ne couvrait m\u00eame pas la moiti\u00e9 de ce qu\u2019il r\u00e9clamait.<\/p>\n","protected":false},"excerpt":{"rendered":"Un gros ch\u00e8que pour un \u00e9norme scandale. Le gouvernement britannique a annonc\u00e9 que plus d\u2019un milliard de livres&hellip;\n","protected":false},"author":2,"featured_media":163639,"comment_status":"","ping_status":"","sticky":false,"template":"","format":"standard","meta":{"footnotes":""},"categories":[1588],"tags":[11,1777,674,3316,12,473,1853,1851,1850,1852],"class_list":{"0":"post-163638","1":"post","2":"type-post","3":"status-publish","4":"format-standard","5":"has-post-thumbnail","7":"category-royaume-uni","8":"tag-actualites","9":"tag-eu","10":"tag-europe","11":"tag-la-poste","12":"tag-news","13":"tag-royaume-uni","14":"tag-royaume-uni-de-grande-bretagne-et-dirlande-du-nord","15":"tag-uk","16":"tag-united-kingdom","17":"tag-united-kingdom-of-great-britain-and-northern-ireland"},"share_on_mastodon":{"url":"https:\/\/pubeurope.com\/@fr\/114654397360724543","error":""},"_links":{"self":[{"href":"https:\/\/www.europesays.com\/fr\/wp-json\/wp\/v2\/posts\/163638","targetHints":{"allow":["GET"]}}],"collection":[{"href":"https:\/\/www.europesays.com\/fr\/wp-json\/wp\/v2\/posts"}],"about":[{"href":"https:\/\/www.europesays.com\/fr\/wp-json\/wp\/v2\/types\/post"}],"author":[{"embeddable":true,"href":"https:\/\/www.europesays.com\/fr\/wp-json\/wp\/v2\/users\/2"}],"replies":[{"embeddable":true,"href":"https:\/\/www.europesays.com\/fr\/wp-json\/wp\/v2\/comments?post=163638"}],"version-history":[{"count":0,"href":"https:\/\/www.europesays.com\/fr\/wp-json\/wp\/v2\/posts\/163638\/revisions"}],"wp:featuredmedia":[{"embeddable":true,"href":"https:\/\/www.europesays.com\/fr\/wp-json\/wp\/v2\/media\/163639"}],"wp:attachment":[{"href":"https:\/\/www.europesays.com\/fr\/wp-json\/wp\/v2\/media?parent=163638"}],"wp:term":[{"taxonomy":"category","embeddable":true,"href":"https:\/\/www.europesays.com\/fr\/wp-json\/wp\/v2\/categories?post=163638"},{"taxonomy":"post_tag","embeddable":true,"href":"https:\/\/www.europesays.com\/fr\/wp-json\/wp\/v2\/tags?post=163638"}],"curies":[{"name":"wp","href":"https:\/\/api.w.org\/{rel}","templated":true}]}}