{"id":16364,"date":"2025-04-11T02:43:17","date_gmt":"2025-04-11T02:43:17","guid":{"rendered":"https:\/\/www.europesays.com\/fr\/16364\/"},"modified":"2025-04-11T02:43:17","modified_gmt":"2025-04-11T02:43:17","slug":"cette-chanteuse-populaire-pose-un-lapin-a-ses-fans-lors-dun-concert-special","status":"publish","type":"post","link":"https:\/\/www.europesays.com\/fr\/16364\/","title":{"rendered":"cette chanteuse populaire pose un lapin \u00e0 ses fans lors d&rsquo;un concert sp\u00e9cial"},"content":{"rendered":"<p>            Par<br \/>\n        <strong><br \/>\n            <a href=\"https:\/\/actu.fr\/auteur\/julien-damboise\" title=\"Consulter tous les articles de Julien Damboise\" rel=\"nofollow noopener\" target=\"_blank\">Julien Damboise<\/a><br \/>\n        <\/strong><\/p>\n<p>        Publi\u00e9 le<\/p>\n<p>            9 avr. 2025 \u00e0 15h37        <\/p>\n<p>Le concert devait avoir un <strong>go\u00fbt amer<\/strong> pour les fans pr\u00e9sents \u00e0 <a href=\"https:\/\/actu.fr\/tag\/eurexpo\" rel=\"nofollow noopener\" target=\"_blank\">Eurexpo<\/a>, pr\u00e8s de <a href=\"https:\/\/actu.fr\/auvergne-rhone-alpes\/lyon_69123\" rel=\"nofollow noopener\" target=\"_blank\">Lyon<\/a>.<\/p>\n<p class=\" wall-content\">Ce mardi 8 avril 2025, un concert de <strong>la chanteuse Larusso<\/strong> \u00e9tait promis \u00e0 la Foire de Lyon, qui a commenc\u00e9 le week-end dernier. Mais cette derni\u00e8re n\u2019est jamais venue, provoquant les hu\u00e9es du public pr\u00e9sent, comme le rapporte <a href=\"https:\/\/www.leprogres.fr\/culture-loisirs\/2025\/04\/08\/ou-est-larusso-a-t-elle-oublie-la-foire-de-lyon\" rel=\"nofollow noopener\" target=\"_blank\">Le Progr\u00e8s<\/a>.<\/p>\n<p>    <a href=\"https:\/\/www.google.com\/maps\/embed?pb=!1m18!1m12!1m3!1d2944.5617835067983!2d4.948868076462881!3d45.73100797107961!2m3!1f0!2f0!3f0!3m2!1i1024!2i768!4f13.1!3m3!1m2!1s0x47f4c14e5b280323%3A0xd7829552f3488d2!2sEurexpo%20Lyon!5e1!3m2!1sfr!2sfr!4v1744204439062!5m2!1sfr!2sfr\" title=\"Ouvrie le lien\" rel=\"nofollow noopener\" target=\"_blank\">Cliquez ici pour visualiser le contenu<\/a><\/p>\n<p>Tu oublieras de venir<\/p>\n<p class=\" wall-content\">Ce mardi soir, <strong>Larusso<\/strong> devait en effet se produire \u00e0 la Foire de Lyon, pour un concert avec Radio Scoop durant une soir\u00e9e sp\u00e9ciale pr\u00e9sent\u00e9e par les animateurs de t\u00e9l\u00e9vision Charly et Lulu.<\/p>\n<p class=\" wall-content\">Mais celle qui est surtout connue pour son tube \u00ab\u00a0Tu m\u2019oublieras\u00a0\u00bb, \u00e0 31 millions de vues sur Youtube, ne s\u2019est jamais pr\u00e9sent\u00e9e sur sc\u00e8ne. Les spectateurs ont hu\u00e9 ce <strong>faux-plan<\/strong>, qui n\u2019a pour le moment pas d\u2019explication pr\u00e9cise : \u00ab\u00a0Il faut voir avec son \u00e9quipe\u00a0\u00bb, expliquent \u00e0 actu Lyon les organisateurs de cette soir\u00e9e.<\/p>\n<p class=\" wall-content\">\n<p>Vid\u00e9os : en ce moment sur ActuDu beau monde quand m\u00eame<\/p>\n<p class=\" wall-content\">Heureusement, ce n\u2019\u00e9tait <strong>pas la seule star<\/strong> attendue ce mardi soir \u00e0 Eurexpo. Les personnes pr\u00e9sentes ont pu profiter des chansons de Willy Denzey ou K. Maro, et son iconique \u00ab\u00a0Femme like U\u00a0\u00bb.\u00a0<\/p>\n<p class=\" wall-content\">Suivez toute l\u2019actualit\u00e9 de vos villes et m\u00e9dias favoris en vous inscrivant \u00e0 <a href=\"https:\/\/moncompte.actu.fr\" title=\"D\u00e9couvez Mon Actu\" rel=\"nofollow noopener\" data-trk=\"{&quot;cta&quot;:{&quot;action&quot;:&quot;https:\\\/\\\/moncompte.actu.fr&quot;,&quot;category&quot;:&quot;mon compte&quot;,&quot;from&quot;:&quot;article footer&quot;,&quot;name&quot;:&quot;Mon actu&quot;,&quot;type&quot;:&quot;cta&quot;}}\" target=\"_blank\">Mon Actu<\/a>.<\/p>\n","protected":false},"excerpt":{"rendered":"Par Julien Damboise Publi\u00e9 le 9 avr. 2025 \u00e0 15h37 Le concert devait avoir un go\u00fbt amer pour&hellip;\n","protected":false},"author":2,"featured_media":16365,"comment_status":"","ping_status":"","sticky":false,"template":"","format":"standard","meta":{"footnotes":""},"categories":[1889],"tags":[1111,11,2430,1697,1777,6740,674,1011,27,1652,2428,12,25],"class_list":{"0":"post-16364","1":"post","2":"type-post","3":"status-publish","4":"format-standard","5":"has-post-thumbnail","7":"category-lyon","8":"tag-actu","9":"tag-actualites","10":"tag-auvergne-rhone-alpes","11":"tag-concert","12":"tag-eu","13":"tag-eurexpo","14":"tag-europe","15":"tag-fr","16":"tag-france","17":"tag-loisirs-culture","18":"tag-lyon","19":"tag-news","20":"tag-republique-francaise"},"share_on_mastodon":{"url":"https:\/\/pubeurope.com\/@fr\/114317033802076151","error":""},"_links":{"self":[{"href":"https:\/\/www.europesays.com\/fr\/wp-json\/wp\/v2\/posts\/16364","targetHints":{"allow":["GET"]}}],"collection":[{"href":"https:\/\/www.europesays.com\/fr\/wp-json\/wp\/v2\/posts"}],"about":[{"href":"https:\/\/www.europesays.com\/fr\/wp-json\/wp\/v2\/types\/post"}],"author":[{"embeddable":true,"href":"https:\/\/www.europesays.com\/fr\/wp-json\/wp\/v2\/users\/2"}],"replies":[{"embeddable":true,"href":"https:\/\/www.europesays.com\/fr\/wp-json\/wp\/v2\/comments?post=16364"}],"version-history":[{"count":0,"href":"https:\/\/www.europesays.com\/fr\/wp-json\/wp\/v2\/posts\/16364\/revisions"}],"wp:featuredmedia":[{"embeddable":true,"href":"https:\/\/www.europesays.com\/fr\/wp-json\/wp\/v2\/media\/16365"}],"wp:attachment":[{"href":"https:\/\/www.europesays.com\/fr\/wp-json\/wp\/v2\/media?parent=16364"}],"wp:term":[{"taxonomy":"category","embeddable":true,"href":"https:\/\/www.europesays.com\/fr\/wp-json\/wp\/v2\/categories?post=16364"},{"taxonomy":"post_tag","embeddable":true,"href":"https:\/\/www.europesays.com\/fr\/wp-json\/wp\/v2\/tags?post=16364"}],"curies":[{"name":"wp","href":"https:\/\/api.w.org\/{rel}","templated":true}]}}