{"id":163655,"date":"2025-06-09T16:49:23","date_gmt":"2025-06-09T16:49:23","guid":{"rendered":"https:\/\/www.europesays.com\/fr\/163655\/"},"modified":"2025-06-09T16:49:23","modified_gmt":"2025-06-09T16:49:23","slug":"roland-garros-le-fils-de-marion-cotillard-et-guillaume-canet-fait-une-apparition-remarquee-et-il-a-bien-grandi","status":"publish","type":"post","link":"https:\/\/www.europesays.com\/fr\/163655\/","title":{"rendered":"Roland-Garros : le fils de Marion Cotillard et Guillaume Canet fait une apparition remarqu\u00e9e et il a bien grandi"},"content":{"rendered":"<p>Officiellement lanc\u00e9e le dimanche 25 mai 2025. La nouvelle<br \/>\n\u00e9dition du tournoi de Roland-Garros s&rsquo;est achev\u00e9e le dimanche 8<br \/>\njuin 2025. Ce jour-l\u00e0, <a href=\"https:\/\/www.closermag.fr\/people\/jannick-sinner-en-couple-cette-sportive-qui-a-fait-tourner-la-tete-du-champion-3552552\" target=\"_blank\" rel=\"noopener\"><br \/>\nJannick Sinner<\/a> et <a href=\"https:\/\/www.closermag.fr\/people\/coco-gauff-et-carlos-alcaraz-en-couple-apres-une-video-equivoque-elle-balance-tout-sur-leur-relation-3552410\" target=\"_blank\" rel=\"noopener\"><br \/>\nCarlos Alcaraz<\/a> se sont affront\u00e9s dans <strong>l&rsquo;une des plus<br \/>\nbelles finales de l&rsquo;histoire de l&rsquo;\u00e9v\u00e8nement<\/strong>. Remport\u00e9e au<br \/>\nbout du suspens par le champion espagnol. Une rencontre \u00e0 laquelle<br \/>\nont assist\u00e9 de nombreuses personnalit\u00e9s. Dont le c\u00e9l\u00e8bre cin\u00e9aste<br \/>\nfran\u00e7ais Guillaume Canet.<\/p>\n<p>En effet, le com\u00e9dien \u00e9tait pr\u00e9sent dans les tribunes du court<br \/>\ncentral pour suivre ce match entre le champion italien et le<br \/>\nprodige espagnol. <strong>Toutefois, il n&rsquo;\u00e9tait pas venu tout<br \/>\nseul<\/strong>. En effet, son fils a\u00een\u00e9 Marcel l&rsquo;a accompagn\u00e9 \u00e0<br \/>\nRoland-Garros ce jour-l\u00e0. Il a m\u00eame pos\u00e9 aux c\u00f4t\u00e9s de son p\u00e8re<br \/>\ndevant les photographes qui couvraient l&rsquo;\u00e9v\u00e8nement. En revanche,<br \/>\naucune trace de <a href=\"https:\/\/www.telestar.fr\/people\/quest-ce-qui-sest-passe-marion-cotillard-dit-tout-sur-cette-scene-de-batman-que-personne-na-oubliee-1708783\" target=\"_blank\" rel=\"noopener\"><br \/>\nMarion Cotillard<\/a>.<\/p>\n<p>Roland-Garros : Guillaume Canet et Gilles Lellouche r\u00e9unis dans<br \/>\nles tribunes avec leurs enfants<\/p>\n<p>Dans les tribunes du court central de Roland-Garros. Guillaume<br \/>\nCanet \u00e0 non seulement pu suivre cette grande finale avec son fils.<br \/>\n<strong>Mais aussi avec son ami Gilles Lellouche<\/strong>, qui<br \/>\n\u00e9tait venu accompagn\u00e9 de sa fille pour l&rsquo;occasion. Pour rappel, les<br \/>\ndeux artistes ont collabor\u00e9 ensemble sur de nombreux films depuis<br \/>\nle d\u00e9but de leurs carri\u00e8res respectives.<\/p>\n<p>Aujourd&rsquo;hui \u00e2g\u00e9 de 14 ans, le fils de Guillaume Canet a bien<br \/>\ngrandi. Pour m\u00e9moire, il est venu au monde le 19 mai 2011. Soit<br \/>\nquatre ans apr\u00e8s le d\u00e9but de l&rsquo;idylle amoureuse entre ses parents.<br \/>\nLe cin\u00e9aste a ensuite agrandi sa famille quelques ann\u00e9es plus tard.<br \/>\n\u00c9tant donn\u00e9 que <strong>Marion Cotillard a accouch\u00e9 d&rsquo;une fille<br \/>\npr\u00e9nomm\u00e9e Louise\u00a0le\u00a010 mars<br \/>\n2017.<\/strong><\/p>\n<p>Le r\u00e9alisateur fran\u00e7ais fut d&rsquo;abord<br \/>\nmari\u00e9 \u00e0 Diane Kruger avant de se mettre en couple avec Marion<br \/>\nCotillard<\/p>\n<p>Avant de se mettre officiellement en couple en 2007.<br \/>\n<strong>Guillaume Canet et Marion Cotillard \u00e9taient amis depuis<br \/>\n1997<\/strong>. Ensemble, ils ont tourn\u00e9 dans plusieurs films, avant<br \/>\nde succomber \u00e0 leurs sentiments respectifs. Les deux artistes ont<br \/>\nensuite multipli\u00e9 les collaborations au cin\u00e9ma. Avant de refaire sa<br \/>\nvie avec l&rsquo;actrice oscaris\u00e9e. Le r\u00e9alisateur a partag\u00e9 le quotidien<br \/>\nd&rsquo;une autre c\u00e9l\u00e8bre com\u00e9dienne.<\/p>\n<p>En effet, Guillaume Canet fut mari\u00e9 \u00e0 l&rsquo;actrice allemande Diane<br \/>\nKruger. Apr\u00e8s s&rsquo;\u00eatre rencontr\u00e9s en 1999, ils se sont pass\u00e9s la<br \/>\nbague au doit en 2001. Avant de finalement divorcer cinq ans plus<br \/>\ntard. Durant leur union, les deux artistes n&rsquo;ont pas fond\u00e9 de<br \/>\nfamille, \u00e9tant donn\u00e9 qu&rsquo;ils n&rsquo;ont eu aucun enfant. De son c\u00f4t\u00e9,<br \/>\nDiane Kruger a refait sa vie avec l&rsquo;acteur Norman Reedus.<\/p>\n<p>Diaporama<br \/>\n<img decoding=\"async\" class=\"diapo_img img-responsive lazy-load\" loading=\"lazy\" src=\"https:\/\/www.europesays.com\/fr\/wp-content\/uploads\/2025\/06\/bestimage_00710098_000032-e1749451290927.jpg\"\/><\/p>\n<p>\u00a9 Cyril Moreau\/Bestimage<\/p>\n<p>1\/6 Guillaume Canet et son fils Marcel<\/p>\n<p>Les c\u00e9l\u00e9brit\u00e9s au village lors des Internationaux de France de<br \/>\nTennis de Roland Garros 2025, \u00e0 Paris, France, le 8 juin<br \/>\n2025.\u00a0<\/p>\n<p><img decoding=\"async\" class=\"diapo_img img-responsive lazy-load\" loading=\"lazy\" src=\"https:\/\/www.europesays.com\/fr\/wp-content\/uploads\/2025\/06\/bestimage_00710098_000033.jpg\"\/><\/p>\n<p>\u00a9 Cyril Moreau\/Bestimage<\/p>\n<p>2\/6 Guillaume Canet et son fils Marcel<\/p>\n<p>Les c\u00e9l\u00e9brit\u00e9s au village lors des Internationaux de France de<br \/>\nTennis de Roland Garros 2025, \u00e0 Paris, France, le 8 juin<br \/>\n2025.\u00a0<\/p>\n<p><img decoding=\"async\" class=\"diapo_img img-responsive lazy-load\" loading=\"lazy\" src=\"https:\/\/www.europesays.com\/fr\/wp-content\/uploads\/2025\/06\/bestimage_00710098_000034.jpg\"\/><\/p>\n<p>\u00a9 Cyril Moreau\/Bestimage<\/p>\n<p>3\/6 Guillaume Canet et son fils Marcel<\/p>\n<p>Les c\u00e9l\u00e9brit\u00e9s au village lors des Internationaux de France de<br \/>\nTennis de Roland Garros 2025, \u00e0 Paris, France, le 8 juin<br \/>\n2025.\u00a0<\/p>\n<p><img decoding=\"async\" class=\"diapo_img img-responsive lazy-load\" loading=\"lazy\" src=\"https:\/\/www.europesays.com\/fr\/wp-content\/uploads\/2025\/06\/bestimage_00710098_000035.jpg\"\/><\/p>\n<p>\u00a9 Cyril Moreau\/Bestimage<\/p>\n<p>4\/6 Guillaume Canet et son fils Marcel<\/p>\n<p>Les c\u00e9l\u00e9brit\u00e9s au village lors des Internationaux de France de<br \/>\nTennis de Roland Garros 2025, \u00e0 Paris, France, le 8 juin<br \/>\n2025.\u00a0<\/p>\n<p><img decoding=\"async\" class=\"diapo_img img-responsive lazy-load\" loading=\"lazy\" src=\"https:\/\/www.europesays.com\/fr\/wp-content\/uploads\/2025\/06\/bestimage_00710128_000077.jpg\"\/><\/p>\n<p>\u00a9 Cyril Moreau\/Bestimage<\/p>\n<p>5\/6 Guillaume Canet et son fils Marcel avec<br \/>\nGilles Lellouche et sa fille<\/p>\n<p>Les c\u00e9l\u00e9brit\u00e9s en tribunes lors de la finale messieurs des<br \/>\nInternationaux de France de Tennis de Roland Garros 2025 (jour 15),<br \/>\n\u00e0 Paris, France, le 8 juin 2025.<\/p>\n<p><img decoding=\"async\" class=\"diapo_img img-responsive lazy-load\" loading=\"lazy\" src=\"https:\/\/www.europesays.com\/fr\/wp-content\/uploads\/2025\/06\/bestimage_00710128_000084.jpg\"\/><\/p>\n<p>\u00a9 Cyril Moreau\/Bestimage<\/p>\n<p>6\/6 Guillaume Canet et son fils Marcel avec<br \/>\nGilles Lellouche et sa fille<\/p>\n<p>Les c\u00e9l\u00e9brit\u00e9s en tribunes lors de la finale messieurs des<br \/>\nInternationaux de France de Tennis de Roland Garros 2025 (jour 15),<br \/>\n\u00e0 Paris, France, le 8 juin 2025.<\/p>\n","protected":false},"excerpt":{"rendered":"Officiellement lanc\u00e9e le dimanche 25 mai 2025. La nouvelle \u00e9dition du tournoi de Roland-Garros s&rsquo;est achev\u00e9e le dimanche&hellip;\n","protected":false},"author":2,"featured_media":163656,"comment_status":"","ping_status":"","sticky":false,"template":"","format":"standard","meta":{"footnotes":""},"categories":[1415],"tags":[1011,27,1638,4171,60,1467],"class_list":{"0":"post-163655","1":"post","2":"type-post","3":"status-publish","4":"format-standard","5":"has-post-thumbnail","7":"category-tennis","8":"tag-fr","9":"tag-france","10":"tag-has_diapo","11":"tag-roland-garros","12":"tag-sports","13":"tag-tennis"},"share_on_mastodon":{"url":"https:\/\/pubeurope.com\/@fr\/114654436787237459","error":""},"_links":{"self":[{"href":"https:\/\/www.europesays.com\/fr\/wp-json\/wp\/v2\/posts\/163655","targetHints":{"allow":["GET"]}}],"collection":[{"href":"https:\/\/www.europesays.com\/fr\/wp-json\/wp\/v2\/posts"}],"about":[{"href":"https:\/\/www.europesays.com\/fr\/wp-json\/wp\/v2\/types\/post"}],"author":[{"embeddable":true,"href":"https:\/\/www.europesays.com\/fr\/wp-json\/wp\/v2\/users\/2"}],"replies":[{"embeddable":true,"href":"https:\/\/www.europesays.com\/fr\/wp-json\/wp\/v2\/comments?post=163655"}],"version-history":[{"count":0,"href":"https:\/\/www.europesays.com\/fr\/wp-json\/wp\/v2\/posts\/163655\/revisions"}],"wp:featuredmedia":[{"embeddable":true,"href":"https:\/\/www.europesays.com\/fr\/wp-json\/wp\/v2\/media\/163656"}],"wp:attachment":[{"href":"https:\/\/www.europesays.com\/fr\/wp-json\/wp\/v2\/media?parent=163655"}],"wp:term":[{"taxonomy":"category","embeddable":true,"href":"https:\/\/www.europesays.com\/fr\/wp-json\/wp\/v2\/categories?post=163655"},{"taxonomy":"post_tag","embeddable":true,"href":"https:\/\/www.europesays.com\/fr\/wp-json\/wp\/v2\/tags?post=163655"}],"curies":[{"name":"wp","href":"https:\/\/api.w.org\/{rel}","templated":true}]}}