{"id":163657,"date":"2025-06-09T16:51:12","date_gmt":"2025-06-09T16:51:12","guid":{"rendered":"https:\/\/www.europesays.com\/fr\/163657\/"},"modified":"2025-06-09T16:51:12","modified_gmt":"2025-06-09T16:51:12","slug":"acosta-a-apprecie-son-duel-avec-le-gentleman-bagnaia","status":"publish","type":"post","link":"https:\/\/www.europesays.com\/fr\/163657\/","title":{"rendered":"Acosta a appr\u00e9ci\u00e9 son duel avec le \u00ab\u00a0gentleman\u00a0\u00bb Bagnaia"},"content":{"rendered":"<p>KTM a montr\u00e9 des signes encourageants au GP d&rsquo;Arag\u00f3n. La marque a plac\u00e9 directement trois pilotes en Q2, une premi\u00e8re depuis le GP de Catalogne, et chacun d&rsquo;entre eux s&rsquo;est battu pour le top 10 en course principale. <a href=\"https:\/\/fr.motorsport.com\/driver\/brad-binder\/109383\/\" target=\"_blank\" rel=\"noopener\">Brad Binder<\/a> et <a href=\"https:\/\/fr.motorsport.com\/driver\/maverick-vinales\/96553\/\" target=\"_blank\" rel=\"noopener\">Maverick Vi\u00f1ales<\/a> ont perdu toute chance de briller avec des chutes mais le mieux plac\u00e9 des trois, <a href=\"https:\/\/fr.motorsport.com\/driver\/pedro-acosta\/840236\/\" target=\"_blank\" rel=\"noopener\">Pedro Acosta<\/a>, a d\u00e9croch\u00e9 ses meilleurs r\u00e9sultats de l&rsquo;ann\u00e9e.<\/p>\n<p>Cinqui\u00e8me du sprint et la quatri\u00e8me de la course principale, performance d\u00e9j\u00e0 r\u00e9alis\u00e9e au Mans, l&rsquo;Espagnol a cependant minimis\u00e9 la port\u00e9e de ces r\u00e9sultats, surtout le fruit du trac\u00e9 et des conditions. \u00ab\u00a0Quand il y a un grip super faible, le niveau baisse et le n\u00f4tre monte\u00a0\u00bb, r\u00e9sumait Acosta <a href=\"https:\/\/fr.motorsport.com\/motogp\/news\/ktm-perdu-silverstone-trois-motos-q2-gp-aragon\/10730300\/\" target=\"_blank\" rel=\"noopener\">en d\u00e9but de week-end<\/a>.<\/p>\n<p>Ce faible niveau d&rsquo;adh\u00e9rence a remis KTM au niveau des autres constructeurs, ou a plut\u00f4t plac\u00e9 ces derniers dans la situation que conna\u00eet la marque autrichienne habituellement. Les glissades ont aussi limit\u00e9 les vibrations que subit la RC16 sur les autres pistes.<\/p>\n<p>\u00ab\u00a0C&rsquo;est s\u00fbr que s&rsquo;il y a peu de grip, il y a peu de chatter\u00a0\u00bb, a expliqu\u00e9 Acosta. \u00ab\u00a0C&rsquo;est logique, il ne faut pas \u00eatre un ing\u00e9nieur de la NASA ! Ce n&rsquo;est pas que notre niveau augmente, c&rsquo;est que celui des autres constructeurs diminue, donc on a l&rsquo;impression d&rsquo;\u00eatre plus proches. Mais il faut qu&rsquo;on fasse de gros progr\u00e8s quand on a du grip.\u00a0\u00bb<\/p>\n<p>   <img decoding=\"async\" draggable=\"false\" src=\"https:\/\/www.europesays.com\/fr\/wp-content\/uploads\/2025\/06\/pedro-acosta-red-bull-ktm-fact.jpg\" alt=\"Pedro Acosta, Red Bull KTM Factory Racing &#10;\" width=\"1200\" height=\"800\" loading=\"lazy\"\/> <\/p>\n<p class=\"title\">Pedro Acosta<\/p>\n<p class=\"photographer\">Photo de: KTM Images<\/p>\n<p>Dimanche, Acosta n&rsquo;a ainsi fait illusion que pendant les premiers tours, en doublant <a href=\"https:\/\/fr.motorsport.com\/driver\/franco-morbidelli\/109417\/\" target=\"_blank\" rel=\"noopener\">Franco Morbidelli<\/a> au d\u00e9part puis se lan\u00e7ant dans un duel avec <a href=\"https:\/\/fr.motorsport.com\/driver\/pecco-bagnaia\/109394\/\" target=\"_blank\" rel=\"noopener\">Pecco Bagnaia<\/a>. L&rsquo;Italien a pu r\u00e9pondre \u00e0 toutes ses attaques, mais le pilote KTM a appr\u00e9ci\u00e9 cette s\u00e9quence, avec de nombreux d\u00e9passements.<\/p>\n<p>\u00ab\u00a0J&rsquo;ai essay\u00e9. J&rsquo;essayais juste de le stopper. \u00c0 un tour, j&rsquo;ai \u00e9t\u00e9 proche de le percuter au premier virage et je suis sorti large. C&rsquo;\u00e9tait la fin de ma course. Il \u00e9tait plus rapide. Il allait finir par me doubler et s&rsquo;\u00e9chapper parce qu&rsquo;ils avaient un avantage de deux dixi\u00e8mes au tour sur moi. T\u00f4t ou tard, j&rsquo;allais perdre ce combat. Mais j&rsquo;ai beaucoup appr\u00e9ci\u00e9 les cinq premiers tours.\u00a0\u00bb<\/p>\n<p>\u00ab\u00a0La lutte a \u00e9t\u00e9 incroyable\u00a0\u00bb, a ajout\u00e9 Acosta. \u00ab\u00a0Je dirais que Pecco est un gentleman. Il est assez propre en piste. Je pense que c&rsquo;\u00e9tait une bonne bagarre. J&rsquo;ai essay\u00e9 de le forcer \u00e0 passer un peu large, il m&rsquo;a forc\u00e9 \u00e0 passer un peu large au dernier virage&#8230; J&rsquo;ai vraiment pris du plaisir avec lui.\u00a0\u00bb<\/p>\n<blockquote>\n<p>J&rsquo;\u00e9tais assez nerveux sur la grille, sinc\u00e8rement, parce que j&rsquo;\u00e9tais le seul avec le dur, mais j&rsquo;ai dit &lsquo;OK, on est d\u00e9j\u00e0 perdus, \u00e7a ne peut pas \u00eatre pire\u00a0!&rsquo;.<\/p>\n<\/blockquote>\n<p>Acosta a \u00e9t\u00e9 le seul pilote de la grille \u00e0 choisir le pneu dur \u00e0 l&rsquo;avant et pas le medium, une d\u00e9cision qu&rsquo;il a jug\u00e9e efficace\u00a0: \u00ab\u00a0C&rsquo;\u00e9tait le bon choix. J&rsquo;avais beaucoup de soucis de blocages [samedi] et je ne voulais pas que \u00e7a se reproduise. Il faut comprendre que je suis un gars qui sollicite peut-\u00eatre plus le pneu avant [&#8230;] pour \u00eatre rapide. [Samedi], c&rsquo;est exactement ce qui le limitait. C&rsquo;est pour \u00e7a que j&rsquo;ai pris le dur.\u00a0\u00bb<\/p>\n<p>\u00ab\u00a0Il lui a fallu un ou deux tours pour chauffer et avoir un bon comportement, mais apr\u00e8s \u00e7a il \u00e9tait fantastique. Je suis super content de mon choix. J&rsquo;\u00e9tais assez nerveux sur la grille, sinc\u00e8rement, parce que j&rsquo;\u00e9tais le seul avec le dur, mais j&rsquo;ai dit &lsquo;OK, on est d\u00e9j\u00e0 perdus, \u00e7a ne peut pas \u00eatre pire\u00a0!&rsquo;.\u00a0\u00bb<\/p>\n<p>   <img decoding=\"async\" draggable=\"false\" src=\"https:\/\/www.europesays.com\/fr\/wp-content\/uploads\/2025\/06\/1749487872_974_pedro-acosta-red-bull-ktm-fact.jpg\" alt=\"Pedro Acosta, Red Bull KTM Factory Racing &#10;\" width=\"1200\" height=\"800\" loading=\"lazy\"\/> <\/p>\n<p class=\"title\">Pedro Acosta<\/p>\n<p class=\"photographer\">Photo de: KTM Images<\/p>\n<p>Le sprint, \u00ab\u00a0un d\u00e9sastre\u00a0\u00bb<\/p>\n<p>Samedi, Acosta avait choisi le medium, comme tous les autres pilotes, et a vite eu des probl\u00e8mes \u00e0 l&rsquo;exploiter, ce qui a permis \u00e0 <a href=\"https:\/\/fr.motorsport.com\/driver\/fermin-aldeguer\/945314\/\" target=\"_blank\" rel=\"noopener\">Ferm\u00edn Aldeguer<\/a> de le doubler. Acosta a notamment fait une erreur en tentant de doubler Franco Morbidelli, et il a d\u00fb se contenter de la cinqui\u00e8me place.<\/p>\n<p>\u00ab\u00a0Ce n&rsquo;\u00e9tait pas mauvais mais ce n&rsquo;\u00e9tait pas bon\u00a0\u00bb, r\u00e9sumait-il samedi. \u00ab\u00a0Au final, apr\u00e8s le premier tour, j&rsquo;ai repris huit dixi\u00e8mes sur Morbidelli et les autres. J&rsquo;ai essay\u00e9 de doubler Morbidelli et je suis sorti large. Puis mon cauchemar a commenc\u00e9 avec le pneu avant, avec des surchauffes et des blocages. Un d\u00e9sastre. Je n&rsquo;arrivais pas \u00e0 ralentir, dans aucun freinage. C&rsquo;\u00e9tait difficile \u00e0 g\u00e9rer. Aldeguer m&rsquo;a doubl\u00e9, je suis rest\u00e9 derri\u00e8re, tout est devenu un peu plus chaud puis je me suis rapproch\u00e9, j&rsquo;\u00e9tais six dixi\u00e8mes plus rapides.\u00a0\u00bb<\/p>\n<p>Acosta s&rsquo;\u00e9tait fait une frayeur au d\u00e9part. Parti cinqui\u00e8me, il avait doubl\u00e9 Morbidelli et Bagnaia d\u00e8s son envol, avant un contact avec <a href=\"https:\/\/fr.motorsport.com\/driver\/marc-marquez\/92646\/\" target=\"_blank\" rel=\"noopener\">Marc M\u00e1rquez<\/a> alors qu&rsquo;ils approchaient du premier virage. Acosta a pu doubler le leader du championnat mais ce dernier a repris l&rsquo;avantage imm\u00e9diatement.<\/p>\n<p>\u00ab\u00a0Il n&rsquo;a pas pris son meilleur d\u00e9part et apr\u00e8s je suis arriv\u00e9 trop vite. Il a peut-\u00eatre voulu aller sur la gauche et je suis apparu d&rsquo;une fa\u00e7on qu&rsquo;il n&rsquo;attendait pas. Je l&rsquo;ai percut\u00e9 et il m&rsquo;a percut\u00e9, c&rsquo;est tout. Un incident de course, c&rsquo;est tout. Rien d&rsquo;anormal, \u00e7a peut arriver.\u00a0\u00bb\u00a0<\/p>\n<p>Lire aussi :<\/p>\n<p>Dans cet article<\/p>\n<p>    Vincent Lalanne-Sicaud\n<\/p>\n<p>    MotoGP\n<\/p>\n<p>    Pedro Acosta\n<\/p>\n<p>    Red Bull KTM Factory Racing\n<\/p>\n<p>Soyez le premier inform\u00e9 et souscrivez aux alertes mails pour recevoir les infos en temps r\u00e9el<\/p>\n<p>    S&rsquo;abonner aux alertes de news<\/p>\n","protected":false},"excerpt":{"rendered":"KTM a montr\u00e9 des signes encourageants au GP d&rsquo;Arag\u00f3n. La marque a plac\u00e9 directement trois pilotes en Q2,&hellip;\n","protected":false},"author":2,"featured_media":163658,"comment_status":"","ping_status":"","sticky":false,"template":"","format":"standard","meta":{"footnotes":""},"categories":[1413],"tags":[1011,27,26452,1457,1456,1458,26453,3070,3068,60],"class_list":{"0":"post-163657","1":"post","2":"type-post","3":"status-publish","4":"format-standard","5":"has-post-thumbnail","7":"category-moto","8":"tag-fr","9":"tag-france","10":"tag-gp-daragu00f3n","11":"tag-moto","12":"tag-motocycle","13":"tag-motogp","14":"tag-motorland-aragu00f3n","15":"tag-pedro-acosta","16":"tag-red-bull-ktm-factory-racing","17":"tag-sports"},"share_on_mastodon":{"url":"https:\/\/pubeurope.com\/@fr\/114654444609042356","error":""},"_links":{"self":[{"href":"https:\/\/www.europesays.com\/fr\/wp-json\/wp\/v2\/posts\/163657","targetHints":{"allow":["GET"]}}],"collection":[{"href":"https:\/\/www.europesays.com\/fr\/wp-json\/wp\/v2\/posts"}],"about":[{"href":"https:\/\/www.europesays.com\/fr\/wp-json\/wp\/v2\/types\/post"}],"author":[{"embeddable":true,"href":"https:\/\/www.europesays.com\/fr\/wp-json\/wp\/v2\/users\/2"}],"replies":[{"embeddable":true,"href":"https:\/\/www.europesays.com\/fr\/wp-json\/wp\/v2\/comments?post=163657"}],"version-history":[{"count":0,"href":"https:\/\/www.europesays.com\/fr\/wp-json\/wp\/v2\/posts\/163657\/revisions"}],"wp:featuredmedia":[{"embeddable":true,"href":"https:\/\/www.europesays.com\/fr\/wp-json\/wp\/v2\/media\/163658"}],"wp:attachment":[{"href":"https:\/\/www.europesays.com\/fr\/wp-json\/wp\/v2\/media?parent=163657"}],"wp:term":[{"taxonomy":"category","embeddable":true,"href":"https:\/\/www.europesays.com\/fr\/wp-json\/wp\/v2\/categories?post=163657"},{"taxonomy":"post_tag","embeddable":true,"href":"https:\/\/www.europesays.com\/fr\/wp-json\/wp\/v2\/tags?post=163657"}],"curies":[{"name":"wp","href":"https:\/\/api.w.org\/{rel}","templated":true}]}}