{"id":163659,"date":"2025-06-09T16:52:11","date_gmt":"2025-06-09T16:52:11","guid":{"rendered":"https:\/\/www.europesays.com\/fr\/163659\/"},"modified":"2025-06-09T16:52:11","modified_gmt":"2025-06-09T16:52:11","slug":"test-aragon-vinales-et-bezzecchi-sous-le-record-marquez-tres-solide","status":"publish","type":"post","link":"https:\/\/www.europesays.com\/fr\/163659\/","title":{"rendered":"Test Arag\u00f3n &#8211; Vi\u00f1ales et Bezzecchi sous le record, Marquez tr\u00e8s solide"},"content":{"rendered":"<p><a href=\"https:\/\/fr.motorsport.com\/driver\/marc-marquez\/92646\/\" target=\"_blank\" rel=\"noopener\">Marc M\u00e1rquez<\/a> aura donc absolument tout domin\u00e9 pendant la visite du MotoGP sur le MotorLand Arag\u00f3n&#8230; sauf le test post-course\u00a0!\u00a0Des premiers essais du week-end jusqu&rsquo;\u00e0 un quart d&rsquo;heure de la fin du test officiel organis\u00e9 ce lundi, en passant bien s\u00fbr par les qualifications, le sprint et la course longue, personne n&rsquo;avait r\u00e9ussi \u00e0 le priver de quoi que ce soit.<\/p>\n<p>C&rsquo;est <a href=\"https:\/\/fr.motorsport.com\/driver\/marco-bezzecchi\/441839\/\" target=\"_blank\" rel=\"noopener\">Marco Bezzecchi<\/a> qui y est parvenu le premier \u00e0 d\u00e9loger <a href=\"https:\/\/fr.motorsport.com\/motogp\/news\/championnat-marquez-envole-bagnaia-trois-ans\/10730647\/\" target=\"_self\" rel=\"noopener\">le leader du championnat<\/a> du haut du classement, \u00e0 un moment o\u00f9 celui-ci avait d\u00e9j\u00e0 boucl\u00e9 sa journ\u00e9e. Le pilote Aprilia l&rsquo;a fait en r\u00e9alisant un time attack parfait sur un bitume offrant d\u00e9sormais un tr\u00e8s haut niveau d&rsquo;adh\u00e9rence, malgr\u00e9 une chaleur \u00e9touffante.<\/p>\n<p>Son tour s&rsquo;est termin\u00e9 quatre milli\u00e8mes en dessous du record de la piste (qui reste la r\u00e9f\u00e9rence officielle puisqu&rsquo;\u00e9tablie en Grand Prix). Puis, dans la derni\u00e8re minute de la s\u00e9ance, <a href=\"https:\/\/fr.motorsport.com\/driver\/maverick-vinales\/96553\/\" target=\"_blank\" rel=\"noopener\">Maverick Vi\u00f1ales<\/a> a fait mieux encore&#8230; pour six petits milli\u00e8mes. Voil\u00e0 qui a rel\u00e9gu\u00e9 la Ducati #93 au troisi\u00e8me rang, non sans qu&rsquo;elle ait fait la loi tout au long de la journ\u00e9e avant ce final en mode \u00ab\u00a0qualifications\u00a0\u00bb.<\/p>\n<p>\u00a0<\/p>\n<p>Pour beaucoup de pilotes, c&rsquo;est ce matin que les meilleures performances ont \u00e9t\u00e9 r\u00e9alis\u00e9es. M\u00e1rquez s&rsquo;y \u00e9tait d\u00e9j\u00e0 montr\u00e9 tr\u00e8s proche du record absolu. Il faut dire qu&rsquo;avec 35\u00b0C dans l&rsquo;air et jusqu&rsquo;\u00e0 56\u00b0C au sol, les conditions sont devenues plus rudes cet apr\u00e8s-midi.<\/p>\n<p>Un certain nombre de pilotes ont m\u00eame limit\u00e9 leur roulage, quittant le circuit bien avant la fin du roulage autoris\u00e9, et notamment ceux qui n&rsquo;avaient que peu de nouveaut\u00e9s \u00e0 \u00e9valuer.\u00a0On n&rsquo;a pas revu <a href=\"https:\/\/fr.motorsport.com\/driver\/alex-marquez\/96324\/\" target=\"_blank\" rel=\"noopener\">\u00c1lex M\u00e1rquez<\/a> en piste apr\u00e8s le d\u00e9jeuner, par exemple. <a href=\"https:\/\/fr.motorsport.com\/driver\/alex-rins\/109402\/\" target=\"_blank\" rel=\"noopener\">\u00c1lex Rins<\/a>, lui, s&rsquo;est arr\u00eat\u00e9 \u00e0 15h lorsqu&rsquo;il a estim\u00e9 le niveau d&rsquo;adh\u00e9rence trop \u00e9lev\u00e9 pour apporter des \u00e9valuations fiables.<\/p>\n<p>D&rsquo;autres ont d\u00fb poursuivre l&rsquo;effort pour passer en revue ce que leur \u00e9quipe ou constructeur avait pr\u00e9vu sur leur cahier des charges. Marc M\u00e1rquez et <a href=\"https:\/\/fr.motorsport.com\/driver\/pecco-bagnaia\/109394\/\" target=\"_blank\" rel=\"noopener\">Pecco Bagnaia<\/a>, notamment, ont poursuivi l&rsquo;\u00e9valuation d&rsquo;un nouveau package a\u00e9ro sur la Ducati officielle, devant choisir ce soir s&rsquo;ils en valident la demande d&rsquo;homologation ou pas.<\/p>\n<p>   <img decoding=\"async\" draggable=\"false\" src=\"https:\/\/www.europesays.com\/fr\/wp-content\/uploads\/2025\/06\/ducati-fairing-detail.jpg\" alt=\"Nouveau car\u00e9nage sur la Ducati au test post-course d'Aragon.\" width=\"1200\" height=\"800\" loading=\"lazy\"\/> <\/p>\n<p class=\"title\">Nouveau car\u00e9nage sur la Ducati au test post-course d&rsquo;Arag\u00f3n.<\/p>\n<p class=\"photographer\">Photo de : GPOne<\/p>\n<p>Dans le stand Aprilia, Marco Bezzecchi a multipli\u00e9 les \u00e9valuations, passant en revue un nouveau package a\u00e9ro qui semble lui avoir donn\u00e9 satisfaction, un ch\u00e2ssis, des r\u00e9glages \u00e9lectroniques et, cet apr\u00e8s-midi, un \u00e9chappement. On a aussi vu un nouveau ch\u00e2ssis dans le stand de <a href=\"https:\/\/fr.motorsport.com\/driver\/raul-fernandez\/443094\/\" target=\"_blank\" rel=\"noopener\">Ra\u00fal Fern\u00e1ndez<\/a>, ainsi que le package a\u00e9ro \u00e9valu\u00e9 en vue de la prochaine homologation et un \u00e9chappement.<\/p>\n<p>Chez KTM, les performances paraissent encourageantes, du moins \u00e0 en juger par le classement et les commentaires enthousiastes de Maverick Vi\u00f1ales. D\u00e9j\u00e0 rapide ce matin, le pilote Tech3 a donc confirm\u00e9 sa pointe de vitesse cet apr\u00e8s-midi en signant le meilleur temps, et il a \u00e9t\u00e9 rejoint dans le haut de la hi\u00e9rarchie par <a href=\"https:\/\/fr.motorsport.com\/driver\/pedro-acosta\/840236\/\" target=\"_blank\" rel=\"noopener\">Pedro Acosta<\/a>, qui n&rsquo;avait que peu roul\u00e9 en d\u00e9but de journ\u00e9e \u00e0 la suite d&rsquo;une chute et s&rsquo;est affirm\u00e9 comme le cinqui\u00e8me homme le plus rapide cet apr\u00e8s-midi. Reste \u00e0 voir ce que les nouveaut\u00e9s techniques entra\u00eeneront comme bilan pour ce dernier, qui exprime de plus en plus son impatience.<\/p>\n<p>Lire aussi :<\/p>\n<p>Les constructeurs japonais ont plus de latitude pour mener leurs essais, puisqu&rsquo;ils ont acc\u00e8s \u00e0 des tests priv\u00e9s. Yamaha a n\u00e9anmoins fourni \u00e0 ses titulaires une nouvelle spec moteur ce lundi, <a href=\"https:\/\/fr.motorsport.com\/motogp\/news\/nouveau-moteur-yamaha-rien-negatif\/10731048\/\" target=\"_self\" rel=\"noopener\">peut-\u00eatre pas spectaculaire mais n\u00e9anmoins appr\u00e9ci\u00e9e<\/a>, ainsi que des \u00e9l\u00e9ments de car\u00e9nage. Chez Honda, apr\u00e8s <a href=\"https:\/\/fr.motorsport.com\/driver\/joan-mir\/289392\/\" target=\"_blank\" rel=\"noopener\">Joan Mir<\/a> ce matin, c&rsquo;est <a href=\"https:\/\/fr.motorsport.com\/driver\/johann-zarco\/96107\/\" target=\"_blank\" rel=\"noopener\">Johann Zarco<\/a> qui a pu tester le bras oscillant en carbone qui avait plu \u00e0 <a href=\"https:\/\/fr.motorsport.com\/driver\/aleix-espargaro\/90382\/\" target=\"_blank\" rel=\"noopener\">Aleix Espargar\u00f3<\/a> \u00e0 Jerez.<\/p>\n<p>Le Fran\u00e7ais fait aussi partie de ceux qui ont particip\u00e9 \u00e0 un nouveau test grandeur nature d&rsquo;un syst\u00e8me de radio. Certains ont \u00e9galement \u00e9valu\u00e9 un pneu avant d\u00e9velopp\u00e9 par Michelin en vue de la saison prochaine.<\/p>\n<p>Enfin, le pilote Moto2 Manuel Gonz\u00e1lez s&rsquo;est offert une premi\u00e8re journ\u00e9e de d\u00e9couverte au guidon d&rsquo;une MotoGP, en l&rsquo;occurrence l&rsquo;Aprilia du team Trackhouse. Malgr\u00e9 une petite chute ce matin, il a bien profit\u00e9 de cette opportunit\u00e9, cumulant pas moins de 61 tours cet apr\u00e8s-midi ! Il a termin\u00e9 devant <a href=\"https:\/\/fr.motorsport.com\/driver\/somkiat-chantra\/823104\/\" target=\"_blank\" rel=\"noopener\">Somkiat Chantra<\/a>, titulaire chez LCR, et <a href=\"https:\/\/fr.motorsport.com\/driver\/pol-espargaro\/94345\/\" target=\"_blank\" rel=\"noopener\">Pol Espargar\u00f3<\/a>, pilote essayeur pour KTM.<\/p>\n<p>Lire aussi :<\/p>\n<p>Test post-course d&rsquo;Arag\u00f3n<\/p>\n<p>Dans cet article<\/p>\n<p>Soyez le premier inform\u00e9 et souscrivez aux alertes mails pour recevoir les infos en temps r\u00e9el<\/p>\n<p>    S&rsquo;abonner aux alertes de news<\/p>\n","protected":false},"excerpt":{"rendered":"Marc M\u00e1rquez aura donc absolument tout domin\u00e9 pendant la visite du MotoGP sur le MotorLand Arag\u00f3n&#8230; sauf le&hellip;\n","protected":false},"author":2,"featured_media":163660,"comment_status":"","ping_status":"","sticky":false,"template":"","format":"standard","meta":{"footnotes":""},"categories":[1412],"tags":[1451,1452,1453,1454,1455,1011,27,1458,26453,60,29118],"class_list":{"0":"post-163659","1":"post","2":"type-post","3":"status-publish","4":"format-standard","5":"has-post-thumbnail","7":"category-f1","8":"tag-f1","9":"tag-formula-1","10":"tag-formula1","11":"tag-formule-1","12":"tag-formule1","13":"tag-fr","14":"tag-france","15":"tag-motogp","16":"tag-motorland-aragu00f3n","17":"tag-sports","18":"tag-test-daragu00f3n"},"share_on_mastodon":{"url":"https:\/\/pubeurope.com\/@fr\/114654448465184424","error":""},"_links":{"self":[{"href":"https:\/\/www.europesays.com\/fr\/wp-json\/wp\/v2\/posts\/163659","targetHints":{"allow":["GET"]}}],"collection":[{"href":"https:\/\/www.europesays.com\/fr\/wp-json\/wp\/v2\/posts"}],"about":[{"href":"https:\/\/www.europesays.com\/fr\/wp-json\/wp\/v2\/types\/post"}],"author":[{"embeddable":true,"href":"https:\/\/www.europesays.com\/fr\/wp-json\/wp\/v2\/users\/2"}],"replies":[{"embeddable":true,"href":"https:\/\/www.europesays.com\/fr\/wp-json\/wp\/v2\/comments?post=163659"}],"version-history":[{"count":0,"href":"https:\/\/www.europesays.com\/fr\/wp-json\/wp\/v2\/posts\/163659\/revisions"}],"wp:featuredmedia":[{"embeddable":true,"href":"https:\/\/www.europesays.com\/fr\/wp-json\/wp\/v2\/media\/163660"}],"wp:attachment":[{"href":"https:\/\/www.europesays.com\/fr\/wp-json\/wp\/v2\/media?parent=163659"}],"wp:term":[{"taxonomy":"category","embeddable":true,"href":"https:\/\/www.europesays.com\/fr\/wp-json\/wp\/v2\/categories?post=163659"},{"taxonomy":"post_tag","embeddable":true,"href":"https:\/\/www.europesays.com\/fr\/wp-json\/wp\/v2\/tags?post=163659"}],"curies":[{"name":"wp","href":"https:\/\/api.w.org\/{rel}","templated":true}]}}