{"id":163684,"date":"2025-06-09T17:06:10","date_gmt":"2025-06-09T17:06:10","guid":{"rendered":"https:\/\/www.europesays.com\/fr\/163684\/"},"modified":"2025-06-09T17:06:10","modified_gmt":"2025-06-09T17:06:10","slug":"la-guerre-doit-cesser-le-gouvernement-ne-represente-pas-le-peuple-estime-le-chef-de-la-gauche","status":"publish","type":"post","link":"https:\/\/www.europesays.com\/fr\/163684\/","title":{"rendered":"la guerre doit cesser, le gouvernement \u00abne repr\u00e9sente pas\u00bb le peuple, estime le chef de la gauche"},"content":{"rendered":"<p>Selon de Ya\u00efr Golan, chef de file de l\u2019opposition isra\u00e9lienne, les Isra\u00e9liens souhaitent pour la plupart la fin imm\u00e9diate de la guerre \u00e0 Gaza, le retour de tous les otages qui y sont encore retenus, et la cr\u00e9ation d\u2019une commission d\u2019enqu\u00eate sur le 7-Octobre.<\/p>\n<p class=\"fig-paragraph\">Le chef de file de l&rsquo;opposition isra\u00e9lienne de gauche, Ya\u00efr Golan, a appel\u00e9 lundi \u00e0 la fin imm\u00e9diate de la\u00a0<a href=\"http:\/\/www.lefigaro.fr\/international\/dossier\/attaque-du-hamas-contre-israel-le-point-sur-la-situation\" data-fig-type=\"Topic\" data-gtm-custom-categorie=\"navigation\" data-gtm-custom-action=\"crossclick\" data-gtm-custom-label=\"Contextuel\" data-gtm-event=\"customEventSPE\" data-fig-domain=\"LEFIGARO\" rel=\"nofollow noopener\" target=\"_blank\">guerre dans la bande de Gaza<\/a>, et estim\u00e9 que le gouvernement de<a href=\"http:\/\/www.lefigaro.fr\/international\/en-israel-benyamin-netanyahou-durcit-son-offensive-contre-la-justice-20250525\" data-fig-type=\"Article\" data-gtm-custom-categorie=\"navigation\" data-gtm-custom-action=\"crossclick\" data-gtm-custom-label=\"Contextuel\" data-gtm-event=\"customEventSPE\" data-fig-domain=\"LEFIGARO\" rel=\"nofollow noopener\" target=\"_blank\">\u00a0Benyamin Netanyahou<\/a>\u00a0ne repr\u00e9sentait plus \u00abla grande majorit\u00e9\u00bb des Isra\u00e9liens. \u00abAujourd&rsquo;hui, le gouvernement d&rsquo;Isra\u00ebl ne repr\u00e9sente pas la grande majorit\u00e9 des Isra\u00e9liens\u00bb, a d\u00e9clar\u00e9 Ya\u00efr Golan, pr\u00e9sident du parti d\u00e9mocrate et ancien chef adjoint de l&rsquo;arm\u00e9e.<\/p>\n<p class=\"fig-paragraph\">Il s&rsquo;exprimait \u00e0 quelques jours d&rsquo;un vote pr\u00e9vu au Parlement, qui pourrait faire tomber le gouvernement et ouvrir la voie \u00e0 des \u00e9lections anticip\u00e9es, sur la question de la conscription des juifs ultra-orthodoxes.<\/p>\n<p class=\"fig-paragraph\">Apr\u00e8s plus de 20 mois de guerre d\u00e9clench\u00e9e par l&rsquo;attaque du mouvement islamiste palestinien Hamas sur le sol isra\u00e9lien le 7 octobre 2023, Isra\u00ebl \u00abdevrait mettre fin \u00e0 la guerre d\u00e8s que possible\u00bb, a d\u00e9clar\u00e9 Ya\u00efr Golan \u00e0 des journalistes. Son parti, une alliance de formations de gauche, ne dispose que de quatre si\u00e8ges \u00e0 la Knesset (Parlement isra\u00e9lien) qui en compte 120, ce qui en fait l&rsquo;un des plus petits groupes politiques. Mais dans un pays o\u00f9 la formation de coalitions est essentielle pour obtenir une majorit\u00e9 au Parlement, m\u00eame des partis relativement petits peuvent exercer un pouvoir consid\u00e9rable.<\/p>\n<p>\u00abUn \u00c9tat libre, \u00e9galitaire et d\u00e9mocratique\u00bb<\/p>\n<p class=\"fig-paragraph\">Ya\u00efr Golan s&rsquo;est pos\u00e9 en repr\u00e9sentant de \u00abceux qui veulent sauver la d\u00e9mocratie isra\u00e9lienne (&#8230;) d&rsquo;un avenir corrompu\u00bb et de la \u00abvision messianique, nationaliste et extr\u00e9miste d&rsquo;une tr\u00e8s petite faction de la soci\u00e9t\u00e9 isra\u00e9lienne\u00bb. Une r\u00e9f\u00e9rence au gouvernement actuel, l&rsquo;un des plus \u00e0 droite de l&rsquo;histoire d&rsquo;Isra\u00ebl. \u00abLa grande majorit\u00e9 souhaite qu\u2019Isra\u00ebl reste la patrie du peuple juif et soit en m\u00eame temps un \u00c9tat libre, \u00e9galitaire et d\u00e9mocratique\u00bb, a-t-il ajout\u00e9.<\/p>\n<p class=\"fig-paragraph\">Selon lui, les Isra\u00e9liens souhaitent aussi pour la plupart la fin imm\u00e9diate de la guerre \u00e0 Gaza, le retour de tous les otages qui y sont encore retenus, et la cr\u00e9ation d&rsquo;une commission d&rsquo;enqu\u00eate sur le 7-Octobre. \u00abJe pense que nous pouvons parvenir \u00e0 un accord sur les otages en quelques jours\u00bb, a d\u00e9clar\u00e9 Ya\u00efr Golan, alors que les n\u00e9gociations en vue de leur lib\u00e9ration et de la fin de la campagne militaire isra\u00e9lienne \u00e0 Gaza sont rest\u00e9es infructueuses jusqu&rsquo;ici. \u00abJe pense qu&rsquo;en mettant fin \u00e0 la guerre et en lib\u00e9rant les otages, nous serons en mesure de construire une alternative au Hamas dans la bande de Gaza\u00bb, s&rsquo;est-il encore pr\u00e9valu.<\/p>\n","protected":false},"excerpt":{"rendered":"Selon de Ya\u00efr Golan, chef de file de l\u2019opposition isra\u00e9lienne, les Isra\u00e9liens souhaitent pour la plupart la fin&hellip;\n","protected":false},"author":2,"featured_media":163685,"comment_status":"","ping_status":"","sticky":false,"template":"","format":"standard","meta":{"footnotes":""},"categories":[5],"tags":[259,11,260,3259,1011,27,665,14,664,261,12,262,28],"class_list":{"0":"post-163684","1":"post","2":"type-post","3":"status-publish","4":"format-standard","5":"has-post-thumbnail","7":"category-international","8":"tag-actualite-internationale","9":"tag-actualites","10":"tag-affaires-etrangeres","11":"tag-conflit-israelo-palestinien","12":"tag-fr","13":"tag-france","14":"tag-gaza","15":"tag-international","16":"tag-israel","17":"tag-ministere-des-affaires-etrangeres","18":"tag-news","19":"tag-politique-etrangere","20":"tag-world"},"share_on_mastodon":{"url":"https:\/\/pubeurope.com\/@fr\/114654503460532463","error":""},"_links":{"self":[{"href":"https:\/\/www.europesays.com\/fr\/wp-json\/wp\/v2\/posts\/163684","targetHints":{"allow":["GET"]}}],"collection":[{"href":"https:\/\/www.europesays.com\/fr\/wp-json\/wp\/v2\/posts"}],"about":[{"href":"https:\/\/www.europesays.com\/fr\/wp-json\/wp\/v2\/types\/post"}],"author":[{"embeddable":true,"href":"https:\/\/www.europesays.com\/fr\/wp-json\/wp\/v2\/users\/2"}],"replies":[{"embeddable":true,"href":"https:\/\/www.europesays.com\/fr\/wp-json\/wp\/v2\/comments?post=163684"}],"version-history":[{"count":0,"href":"https:\/\/www.europesays.com\/fr\/wp-json\/wp\/v2\/posts\/163684\/revisions"}],"wp:featuredmedia":[{"embeddable":true,"href":"https:\/\/www.europesays.com\/fr\/wp-json\/wp\/v2\/media\/163685"}],"wp:attachment":[{"href":"https:\/\/www.europesays.com\/fr\/wp-json\/wp\/v2\/media?parent=163684"}],"wp:term":[{"taxonomy":"category","embeddable":true,"href":"https:\/\/www.europesays.com\/fr\/wp-json\/wp\/v2\/categories?post=163684"},{"taxonomy":"post_tag","embeddable":true,"href":"https:\/\/www.europesays.com\/fr\/wp-json\/wp\/v2\/tags?post=163684"}],"curies":[{"name":"wp","href":"https:\/\/api.w.org\/{rel}","templated":true}]}}