{"id":163691,"date":"2025-06-09T17:10:16","date_gmt":"2025-06-09T17:10:16","guid":{"rendered":"https:\/\/www.europesays.com\/fr\/163691\/"},"modified":"2025-06-09T17:10:16","modified_gmt":"2025-06-09T17:10:16","slug":"saint-etienne-un-homme-seme-le-chaos-a-la-marche-des-fiertes-la-police-doit-intervenir","status":"publish","type":"post","link":"https:\/\/www.europesays.com\/fr\/163691\/","title":{"rendered":"Saint-\u00c9tienne. Un homme s\u00e8me le chaos \u00e0 la marche des fiert\u00e9s : la police doit intervenir"},"content":{"rendered":"<p>            Par<br \/>\n        <strong><br \/>\n            <a href=\"https:\/\/actu.fr\/auteur\/redaction-saint-etienne\" title=\"Consulter tous les articles de R\u00e9daction Saint-\u00c9tienne\" target=\"_blank\" rel=\"noopener\">R\u00e9daction Saint-\u00c9tienne<\/a><br \/>\n        <\/strong><\/p>\n<p>        Publi\u00e9 le<\/p>\n<p>            9 juin 2025 \u00e0 12h11        <\/p>\n<p>Un homme d\u2019une trentaine d\u2019ann\u00e9es suspect\u00e9 <strong>d\u2019insultes et de violences homophobes<\/strong>, en marge de la marche des fiert\u00e9s samedi 7\u00a0juin \u00e0 <a href=\"https:\/\/actu.fr\/saint-etienne\/\" target=\"_blank\" rel=\"noopener\">Saint-\u00c9tienne<\/a>, est en garde \u00e0 vue, a appris l\u2019AFP dimanche de sources polici\u00e8res.<\/p>\n<p>Des policiers menac\u00e9s de mort<\/p>\n<p class=\" wall-content\">Alcoolis\u00e9, cet homme s\u2019en est d\u2019abord pris \u00e0 des femmes participant \u00e0 la marche en les agressant <strong>sexuellement<\/strong>, a indiqu\u00e9 une source polici\u00e8re. Il a ensuite port\u00e9 des coups et fait usage d\u2019une bombe lacrymog\u00e8ne \u00e0 l\u2019encontre d\u2019un agent de s\u00e9curit\u00e9 et a tenu des propos <strong>homophobes<\/strong> envers l\u2019organisateur de l\u2019\u00e9v\u00e9nement. Tous deux ont port\u00e9 plainte.<\/p>\n<p class=\" wall-content\">Une troisi\u00e8me plainte \u00e9mane de policiers municipaux outrag\u00e9s et<strong> menac\u00e9s de mort<\/strong> lors de son interpellation, vers 21h, dans le centre-ville de Saint-Etienne, a pr\u00e9cis\u00e9 une autre source polici\u00e8re.<\/p>\n<p>L\u2019agresseur ne se montre pas coop\u00e9ratif avec les forces de l\u2019ordre<\/p>\n<p class=\" wall-content\">Plac\u00e9 en <strong>garde \u00e0 vue<\/strong> dans le cadre d\u2019une enqu\u00eate ouverte pour \u00ab\u2009insultes et violences \u00e0 caract\u00e8re homophobe\u2009\u00bb, il\u00a0ne s\u2019est \u00ab\u2009pas montr\u00e9 coop\u00e9ratif avec la police nationale qui l\u2019a pris en charge, refusant de d\u00e9cliner son identit\u00e9 ainsi que le contr\u00f4le d\u2019alcool\u00e9mie qui lui \u00e9tait propos\u00e9\u2009\u00bb, indique \u00e0 l\u2019AFP cette source polici\u00e8re.<\/p>\n<p class=\" wall-content\">L\u2019enqu\u00eate pourra \u00eatre \u00e9largie \u00e0 des faits d\u2019agression sexuelle si les jeunes femmes d\u00e9posent plainte \u00e0 leur tour, pr\u00e9cise-t-on de m\u00eame source. La marche des fiert\u00e9s a r\u00e9uni un millier de personnes \u00e0 Saint-Etienne selon\u00a0la\u00a0police.<\/p>\n<p>Vid\u00e9os : en ce moment sur Actu<\/p>\n<p class=\" wall-content\"><strong>Avec AFP<\/strong><\/p>\n<p class=\" wall-content\">Suivez toute l\u2019actualit\u00e9 de vos villes et m\u00e9dias favoris en vous inscrivant \u00e0 <a href=\"https:\/\/moncompte.actu.fr\" title=\"D\u00e9couvez Mon Actu\" rel=\"nofollow noopener\" data-trk=\"{&quot;cta&quot;:{&quot;action&quot;:&quot;https:\\\/\\\/moncompte.actu.fr&quot;,&quot;category&quot;:&quot;mon compte&quot;,&quot;from&quot;:&quot;article footer&quot;,&quot;name&quot;:&quot;Mon actu&quot;,&quot;type&quot;:&quot;cta&quot;}}\" target=\"_blank\">Mon Actu<\/a>.<\/p>\n","protected":false},"excerpt":{"rendered":"Par R\u00e9daction Saint-\u00c9tienne Publi\u00e9 le 9 juin 2025 \u00e0 12h11 Un homme d\u2019une trentaine d\u2019ann\u00e9es suspect\u00e9 d\u2019insultes et&hellip;\n","protected":false},"author":2,"featured_media":151273,"comment_status":"","ping_status":"","sticky":false,"template":"","format":"standard","meta":{"footnotes":""},"categories":[9653],"tags":[1111,11,5702,2430,1777,674,118,1011,27,12,1072,25,4001,799],"class_list":{"0":"post-163691","1":"post","2":"type-post","3":"status-publish","4":"format-standard","5":"has-post-thumbnail","7":"category-saint-etienne","8":"tag-actu","9":"tag-actualites","10":"tag-alcool","11":"tag-auvergne-rhone-alpes","12":"tag-eu","13":"tag-europe","14":"tag-faits-divers","15":"tag-fr","16":"tag-france","17":"tag-news","18":"tag-police","19":"tag-republique-francaise","20":"tag-saint-etienne","21":"tag-violences-sexuelles"},"share_on_mastodon":{"url":"https:\/\/pubeurope.com\/@fr\/114654519309231798","error":""},"_links":{"self":[{"href":"https:\/\/www.europesays.com\/fr\/wp-json\/wp\/v2\/posts\/163691","targetHints":{"allow":["GET"]}}],"collection":[{"href":"https:\/\/www.europesays.com\/fr\/wp-json\/wp\/v2\/posts"}],"about":[{"href":"https:\/\/www.europesays.com\/fr\/wp-json\/wp\/v2\/types\/post"}],"author":[{"embeddable":true,"href":"https:\/\/www.europesays.com\/fr\/wp-json\/wp\/v2\/users\/2"}],"replies":[{"embeddable":true,"href":"https:\/\/www.europesays.com\/fr\/wp-json\/wp\/v2\/comments?post=163691"}],"version-history":[{"count":0,"href":"https:\/\/www.europesays.com\/fr\/wp-json\/wp\/v2\/posts\/163691\/revisions"}],"wp:featuredmedia":[{"embeddable":true,"href":"https:\/\/www.europesays.com\/fr\/wp-json\/wp\/v2\/media\/151273"}],"wp:attachment":[{"href":"https:\/\/www.europesays.com\/fr\/wp-json\/wp\/v2\/media?parent=163691"}],"wp:term":[{"taxonomy":"category","embeddable":true,"href":"https:\/\/www.europesays.com\/fr\/wp-json\/wp\/v2\/categories?post=163691"},{"taxonomy":"post_tag","embeddable":true,"href":"https:\/\/www.europesays.com\/fr\/wp-json\/wp\/v2\/tags?post=163691"}],"curies":[{"name":"wp","href":"https:\/\/api.w.org\/{rel}","templated":true}]}}