{"id":163711,"date":"2025-06-09T17:21:08","date_gmt":"2025-06-09T17:21:08","guid":{"rendered":"https:\/\/www.europesays.com\/fr\/163711\/"},"modified":"2025-06-09T17:21:08","modified_gmt":"2025-06-09T17:21:08","slug":"la-date-et-les-lieux-de-levenement","status":"publish","type":"post","link":"https:\/\/www.europesays.com\/fr\/163711\/","title":{"rendered":"la date et les lieux de l&rsquo;\u00e9v\u00e9nement"},"content":{"rendered":"<p>            Par<br \/>\n        <strong><br \/>\n            <a href=\"https:\/\/actu.fr\/auteur\/brian-legoff\" title=\"Consulter tous les articles de Brian Le Goff\" rel=\"nofollow noopener\" target=\"_blank\">Brian Le Goff<\/a><br \/>\n        <\/strong><\/p>\n<p>        Publi\u00e9 le<\/p>\n<p>            9 juin 2025 \u00e0 18h33        <\/p>\n<p><strong>\u00ab\u00a0Incroyable succ\u00e8s <\/strong>depuis sa cr\u00e9ation en 2009\u2033, selon ses organisateurs,<strong> Op\u00e9ra sur \u00e9cran(s)<\/strong> est de retour en ce mois de juin 2025. Le principe : des <strong>\u00e9crans g\u00e9ants rediffusent <\/strong>en direct un<strong> op\u00e9ra<\/strong> jou\u00e9 en simultan\u00e9. Cette ann\u00e9e, ce sera depuis l\u2019op\u00e9ra d\u2019<a href=\"https:\/\/actu.fr\/pays-de-la-loire\/angers_49007\" rel=\"nofollow noopener\" target=\"_blank\">Angers<\/a>.<strong> Plus de 80 villes<\/strong> en <a href=\"https:\/\/actu.fr\/bretagne\/\" rel=\"nofollow noopener\" target=\"_blank\">Bretagne<\/a> et <a href=\"https:\/\/actu.fr\/pays-de-la-loire\/\" rel=\"nofollow noopener\" target=\"_blank\">Pays de la Loire<\/a> participent \u00e0 cette \u00e9dition le <strong>mercredi 18 juin, \u00e0 20 h<\/strong>.<\/p>\n<p class=\" wall-content\">\n<p>L\u2019op\u00e9ra testament et f\u00e9\u00e9rique de Mozart<\/p>\n<p class=\" wall-content\">En 2025, c\u2019est le <strong>metteur en sc\u00e8ne Mathieu Bauer<\/strong> qui signe une nouvelle production du chef-d\u2019\u0153uvre testamentaire de <strong>Mozart, La Fl\u00fbme Enchant\u00e9e,<\/strong> \u00ab\u00a0d\u2019une grande tendresse, qui met en \u00e9veil notre \u00e2me d\u2019enfant et nos r\u00e9miniscences de r\u00eaves et d\u2019\u00e9merveillements\u00a0\u00bb.<\/p>\n<blockquote class=\"ac-article-quote wall-content\">\n<p>Il installe sa Fl\u00fbte enchant\u00e9e dans l\u2019univers ludique d\u2019une f\u00eate foraine renouant ainsi avec l\u2019essence \u00e9minemment populaire de l\u2019ouvrage voulu par Mozart et son librettiste Schikaneder, sans pour autant gommer la profondeur et la gravit\u00e9 de l\u2019\u0153uvre.<\/p>\n<p>    <strong>Op\u00e9ra de Rennes<\/strong>\n            <\/p><\/blockquote>\n<p class=\" wall-content\">Ce spectacle \u00ab\u00a0qui a<strong> beaucoup touch\u00e9 le public<\/strong> lors de ses<strong> 10 premi\u00e8res<\/strong> repr\u00e9sentations \u00e0 <a href=\"https:\/\/actu.fr\/rennes\/\" rel=\"nofollow noopener\" target=\"_blank\">Rennes<\/a> puis \u00e0 <a href=\"https:\/\/actu.fr\/nantes\/\" rel=\"nofollow noopener\" target=\"_blank\">Nantes\u00a0\u00bb<\/a> s\u2019installe \u00e0 Angers d\u2019o\u00f9 il sera diffus\u00e9 en direct. Il r\u00e9unit une distribution \u00ab\u00a0\u00e0 l\u2019esprit de troupe contagieux\u00a0\u00bb, dirig\u00e9e par <strong>Nicolas Ellis<\/strong> \u00e0 la t\u00eate de l\u2019Orchestre National de Bretagne, et du Ch\u0153ur de chambre M\u00e9lisme(s).<\/p>\n<p>Les lieux de diffusion<\/p>\n<p class=\" wall-content\">\u00c0 Rennes :<\/p>\n<p>Vid\u00e9os : en ce moment sur Actu<\/p>\n<ul class=\" wall-content\">\n<li>place de la Mairie ;<\/li>\n<li>auditorium des Champs Libres ;<\/li>\n<li>biblioth\u00e8que Thabor-Lucien Rose ;<\/li>\n<li>tambour, Universit\u00e9 Rennes 2 ;<\/li>\n<\/ul>\n<p class=\" wall-content\">L\u2019op\u00e9ra sera diffus\u00e9 \u00e0 <strong>Nantes, place Graslin, et \u00e0 Angers, place du Parlement<\/strong><\/p>\n<p class=\" wall-content\">Dans la r\u00e9gion de Rennes :<\/p>\n<ul class=\" wall-content\">\n<li>Betton \u2013 Cin\u00e9ma le Triskell;<\/li>\n<li>B\u00e9cherel \u2013 Auditorium de la Maison du Livre ;<\/li>\n<li>Chantepie \u2013 Cin\u00e9ma associatif le Cantepio ;<\/li>\n<li>Cesson-S\u00e9vign\u00e9, lieu non pr\u00e9cis\u00e9 ;\u00a0<\/li>\n<li>Corps-Nuds, lieu non pr\u00e9cis\u00e9 ;<\/li>\n<li>G\u00e9v\u00e9z\u00e9 \u2013 Salle L\u2019Escale ;<\/li>\n<li>La Chapelle Chauss\u00e9e \u2013 M\u00e9diath\u00e8que la Passag\u00e8re ;<\/li>\n<li>La Chapelle-des-Fougeretz, lieu non pr\u00e9cis\u00e9 ;<\/li>\n<li>La Chapelle-Thouarault \u2013 Salle des rochers ;<\/li>\n<li>Le Rheu \u2013 Auditorium de la M\u00e9diath\u00e8que ;<\/li>\n<li>Le Verger \u2013 \u00c9glise ;<\/li>\n<li>L\u2019Hermitage \u2013 Salle Le Vivier ;<\/li>\n<li>Nouvoitou \u2013 M\u00e9diath\u00e8que Pr\u00e9 en bulle ;<\/li>\n<li>Org\u00e8res \u2013 Espace culturel ;<\/li>\n<li>Pac\u00e9 \u2013 Salle de l\u2019Escapade ;<\/li>\n<li>Romill\u00e9 \u2013 Cin\u00e9ma Le Korrigan<\/li>\n<li>Saint-Erblon \u2013 Salle La Casba L\u2019Armada ;<\/li>\n<li>Saint-Gr\u00e9goire \u2013 Centre commercial Grand Quartier ;<\/li>\n<li>Thorign\u00e9-Fouillard \u2013 Auditorium ;<\/li>\n<li>Vern sur Seiche \u2013 Le Volume ;<\/li>\n<li>Vezin le Coquet \u2013 M\u00e9diath\u00e8que.<\/li>\n<\/ul>\n<p class=\" wall-content\">En <strong>Ille-et-Vilaine<\/strong> :\u00a0<\/p>\n<ul class=\" wall-content\">\n<li>Guipel \u2013 lieu non pr\u00e9cis\u00e9 ;<\/li>\n<li>La Bou\u00ebxi\u00e8re \u2013 Espace culturel A. Blot ;<\/li>\n<li>La Guerche-de-Bretagne \u2013 Cin\u00e9ma le Bretagne ;<\/li>\n<li>Louvign\u00e9 du D\u00e9sert \u2013 Micro Folie Arobase ;<\/li>\n<li>Redon \u2013 Cin\u00e9 Manivel ;<\/li>\n<li>Val d\u2019Anast \u2013 Cin\u00e9ma l\u2019Aurore<\/li>\n<\/ul>\n<p class=\" wall-content\">Dans les\u00a0<strong>C\u00f4tes-d\u2019Armor :<\/strong><\/p>\n<ul class=\" wall-content\">\n<li>Dinan \u2013 Salle Mathurin-Monier (biblioth\u00e8que) ;<\/li>\n<li>Lannion \u2013\u00a0 Espace Sainte-Anne ;<\/li>\n<li>Planco\u00ebt \u2013 Salle SolenVal ;<\/li>\n<li>Pl\u00e9rin \u2013 Micro-Folie Centre culturel le Cap<\/li>\n<\/ul>\n<p class=\" wall-content\">Dans le <strong>Morbihan :<\/strong><\/p>\n<ul class=\" wall-content\">\n<li>Inzinzac-Lochrist \u2013\u00a0 Cin\u00e9ma le Vulcain ;<\/li>\n<li>Arradon \u2013 La Lucarne ;<\/li>\n<li>Belle-Ile-en-Mer (Le Palais) \u2013 Salle Arletty ;<\/li>\n<li>Plouhinec-Sud Morbihan \u2013 Micro-folie Plouhinec (M\u00e9diath\u00e8que Germaine Tillion) ;<\/li>\n<li>Josselin \u2013 Cin\u00e9ma Beaumanoir ;<\/li>\n<li>\u00cele de Groix \u2013 Cin\u00e9ma des Familles ;<\/li>\n<li>Saint-Pierre-Quiberon \u2013 Micro-folie<\/li>\n<\/ul>\n<p class=\" wall-content\">Et aussi en diff\u00e9r\u00e9 le <strong>17 juillet au Jerssy Museum, \u00e0 Guernesey, \u00e0 Royal Square<\/strong> et le <strong>10 septembre prochain \u00e0 Erlangen<\/strong> (Allemagne).<\/p>\n<p class=\" wall-content\"><strong>Sur les t\u00e9l\u00e9visions locales, en direct et en ligne<\/strong><\/p>\n<p class=\" wall-content\">Sur TVR (Rennes), T\u00e9b\u00e9o (Brest), T\u00e9b\u00e9 Sud (Lorient), sur les sites internet de\u00a0<strong><a href=\"https:\/\/france3-regions.francetvinfo.fr\/bretagne\/\" target=\"_blank\" rel=\"noopener nofollow\">France 3 Bretagne<\/a>\u00a0<\/strong>\u00a0et\u00a0<a href=\"https:\/\/france3-regions.francetvinfo.fr\/pays-de-la-loire\/\" target=\"_blank\" rel=\"noopener noreferrer nofollow\"><strong>France 3 Pays de la Loire<\/strong><\/a>\u00a0et les cha\u00eenes de t\u00e9l\u00e9vision r\u00e9gionales T\u00e9l\u00e9Nantes, Angers T\u00e9l\u00e9, LMtv Sarthe, Val de Loire TV et TV Vend\u00e9e.<\/p>\n<p>Op\u00e9ra sur \u00e9cran(s) b\u00e9n\u00e9ficie du soutien de SG GRAND OUEST et de la Fondation Orange. Op\u00e9ra chant\u00e9 et parl\u00e9 en allemand, surtitr\u00e9 en fran\u00e7ais. Dur\u00e9e : 3h15 environ entracte compris. Coproduction Op\u00e9ra de Rennes, Angers Nantes Op\u00e9ra<\/p>\n<p class=\" wall-content\">Suivez toute l\u2019actualit\u00e9 de vos villes et m\u00e9dias favoris en vous inscrivant \u00e0 <a href=\"https:\/\/moncompte.actu.fr\" title=\"D\u00e9couvez Mon Actu\" rel=\"nofollow noopener\" data-trk=\"{&quot;cta&quot;:{&quot;action&quot;:&quot;https:\\\/\\\/moncompte.actu.fr&quot;,&quot;category&quot;:&quot;mon compte&quot;,&quot;from&quot;:&quot;article footer&quot;,&quot;name&quot;:&quot;Mon actu&quot;,&quot;type&quot;:&quot;cta&quot;}}\" target=\"_blank\">Mon Actu<\/a>.<\/p>\n","protected":false},"excerpt":{"rendered":"Par Brian Le Goff Publi\u00e9 le 9 juin 2025 \u00e0 18h33 \u00ab\u00a0Incroyable succ\u00e8s depuis sa cr\u00e9ation en 2009\u2033,&hellip;\n","protected":false},"author":2,"featured_media":163712,"comment_status":"","ping_status":"","sticky":false,"template":"","format":"standard","meta":{"footnotes":""},"categories":[2821],"tags":[1111,11,1063,829,1777,674,1011,27,1652,12,584,25,853,1347],"class_list":{"0":"post-163711","1":"post","2":"type-post","3":"status-publish","4":"format-standard","5":"has-post-thumbnail","7":"category-rennes","8":"tag-actu","9":"tag-actualites","10":"tag-animations","11":"tag-bretagne","12":"tag-eu","13":"tag-europe","14":"tag-fr","15":"tag-france","16":"tag-loisirs-culture","17":"tag-news","18":"tag-rennes","19":"tag-republique-francaise","20":"tag-spectacles","21":"tag-theatre"},"share_on_mastodon":{"url":"https:\/\/pubeurope.com\/@fr\/114654562637224189","error":""},"_links":{"self":[{"href":"https:\/\/www.europesays.com\/fr\/wp-json\/wp\/v2\/posts\/163711","targetHints":{"allow":["GET"]}}],"collection":[{"href":"https:\/\/www.europesays.com\/fr\/wp-json\/wp\/v2\/posts"}],"about":[{"href":"https:\/\/www.europesays.com\/fr\/wp-json\/wp\/v2\/types\/post"}],"author":[{"embeddable":true,"href":"https:\/\/www.europesays.com\/fr\/wp-json\/wp\/v2\/users\/2"}],"replies":[{"embeddable":true,"href":"https:\/\/www.europesays.com\/fr\/wp-json\/wp\/v2\/comments?post=163711"}],"version-history":[{"count":0,"href":"https:\/\/www.europesays.com\/fr\/wp-json\/wp\/v2\/posts\/163711\/revisions"}],"wp:featuredmedia":[{"embeddable":true,"href":"https:\/\/www.europesays.com\/fr\/wp-json\/wp\/v2\/media\/163712"}],"wp:attachment":[{"href":"https:\/\/www.europesays.com\/fr\/wp-json\/wp\/v2\/media?parent=163711"}],"wp:term":[{"taxonomy":"category","embeddable":true,"href":"https:\/\/www.europesays.com\/fr\/wp-json\/wp\/v2\/categories?post=163711"},{"taxonomy":"post_tag","embeddable":true,"href":"https:\/\/www.europesays.com\/fr\/wp-json\/wp\/v2\/tags?post=163711"}],"curies":[{"name":"wp","href":"https:\/\/api.w.org\/{rel}","templated":true}]}}