{"id":163717,"date":"2025-06-09T17:24:10","date_gmt":"2025-06-09T17:24:10","guid":{"rendered":"https:\/\/www.europesays.com\/fr\/163717\/"},"modified":"2025-06-09T17:24:10","modified_gmt":"2025-06-09T17:24:10","slug":"il-manque-des-investisseurs-et-des-habitants-2","status":"publish","type":"post","link":"https:\/\/www.europesays.com\/fr\/163717\/","title":{"rendered":"il manque des investisseurs&#8230; et des habitants"},"content":{"rendered":"<p>Le chantier devait d\u00e9buter l\u2019\u00e9t\u00e9 dernier, sur ce terrain d\u2019herbes folles \u00e0 l\u2019Elsau. Mais pour l\u2019heure, pas l\u2019ombre d\u2019une pelleteuse ni d\u2019un ma\u00e7on. Rue Schongauer, <a href=\"https:\/\/www.dna.fr\/economie\/2024\/03\/07\/habitat-participatif-le-compte-harbour-est-lance-a-l-elsau-pour-l-implantation-de-six-logements\" target=\"_blank\" rel=\"noopener\">le projet d\u2019habitat participatif HarbOUR<\/a> peine \u00e0 r\u00e9unir le quota n\u00e9cessaire d\u2019habitants. \u00ab\u00a0Tout \u00e9tait boucl\u00e9\u00a0: le budget, les pr\u00eats, le permis de construire, les architectes, les premiers appels d\u2019offres. Mais un couple s\u2019est retir\u00e9 \u00bb, regrette Antoine Deleforge, l\u2019un des habitants engag\u00e9s dans le projet de six logements. Par effet boule de neige, un autre foyer s\u2019est d\u00e9sist\u00e9. Le projet est depuis bloqu\u00e9, dans l\u2019attente de trouver de nouveaux habitants pr\u00eats \u00e0 investir. <\/p>\n<p>Une hausse de 30% de l\u2019investissement<\/p>\n<p>Il suffit qu\u2019un habitant se retire pour stopper toute la d\u00e9marche\u00a0: \u00ab L\u2019engagement des propri\u00e9taires se mat\u00e9rialise par la cr\u00e9ation d\u2019une soci\u00e9t\u00e9 civile d\u2019attribution (SCIA) qui garantit l\u2019engagement et la disponibilit\u00e9 des fonds aupr\u00e8s des entreprises et de la Ville \u00e0 qui nous achetons le terrain.\u00a0\u00bb Pour Antoine, le cumul&#8230;<\/p>\n","protected":false},"excerpt":{"rendered":"Le chantier devait d\u00e9buter l\u2019\u00e9t\u00e9 dernier, sur ce terrain d\u2019herbes folles \u00e0 l\u2019Elsau. Mais pour l\u2019heure, pas l\u2019ombre&hellip;\n","protected":false},"author":2,"featured_media":163716,"comment_status":"","ping_status":"","sticky":false,"template":"","format":"standard","meta":{"footnotes":""},"categories":[2820],"tags":[1111,11,4749,33,2880,1777,674,107,1011,27,775,1908,12,25,104,640,2879],"class_list":{"0":"post-163717","1":"post","2":"type-post","3":"status-publish","4":"format-standard","5":"has-post-thumbnail","7":"category-strasbourg","8":"tag-actu","9":"tag-actualites","10":"tag-btp-et-chantiers","11":"tag-economie","12":"tag-edition-strasbourg","13":"tag-eu","14":"tag-europe","15":"tag-fil-info","16":"tag-fr","17":"tag-france","18":"tag-grand-est","19":"tag-logement","20":"tag-news","21":"tag-republique-francaise","22":"tag-societe","23":"tag-strasbourg","24":"tag-strasbourg-ville"},"share_on_mastodon":{"url":"https:\/\/pubeurope.com\/@fr\/114654574391364730","error":""},"_links":{"self":[{"href":"https:\/\/www.europesays.com\/fr\/wp-json\/wp\/v2\/posts\/163717","targetHints":{"allow":["GET"]}}],"collection":[{"href":"https:\/\/www.europesays.com\/fr\/wp-json\/wp\/v2\/posts"}],"about":[{"href":"https:\/\/www.europesays.com\/fr\/wp-json\/wp\/v2\/types\/post"}],"author":[{"embeddable":true,"href":"https:\/\/www.europesays.com\/fr\/wp-json\/wp\/v2\/users\/2"}],"replies":[{"embeddable":true,"href":"https:\/\/www.europesays.com\/fr\/wp-json\/wp\/v2\/comments?post=163717"}],"version-history":[{"count":0,"href":"https:\/\/www.europesays.com\/fr\/wp-json\/wp\/v2\/posts\/163717\/revisions"}],"wp:featuredmedia":[{"embeddable":true,"href":"https:\/\/www.europesays.com\/fr\/wp-json\/wp\/v2\/media\/163716"}],"wp:attachment":[{"href":"https:\/\/www.europesays.com\/fr\/wp-json\/wp\/v2\/media?parent=163717"}],"wp:term":[{"taxonomy":"category","embeddable":true,"href":"https:\/\/www.europesays.com\/fr\/wp-json\/wp\/v2\/categories?post=163717"},{"taxonomy":"post_tag","embeddable":true,"href":"https:\/\/www.europesays.com\/fr\/wp-json\/wp\/v2\/tags?post=163717"}],"curies":[{"name":"wp","href":"https:\/\/api.w.org\/{rel}","templated":true}]}}