{"id":163722,"date":"2025-06-09T17:27:41","date_gmt":"2025-06-09T17:27:41","guid":{"rendered":"https:\/\/www.europesays.com\/fr\/163722\/"},"modified":"2025-06-09T17:27:41","modified_gmt":"2025-06-09T17:27:41","slug":"partez-a-la-decouverte-des-mares-au-sud-de-nantes","status":"publish","type":"post","link":"https:\/\/www.europesays.com\/fr\/163722\/","title":{"rendered":"Partez \u00e0 la d\u00e9couverte des mares au sud de Nantes"},"content":{"rendered":"<p>La F\u00eate des mares, \u00e9v\u00e9nement national, c\u00e9l\u00e8bre ses dix\u00a0ans. La 10e \u00e9dition porte sur les mares, un bien commun \u00e0 prot\u00e9ger.<\/p>\n<p>Une soir\u00e9e d\u00e9di\u00e9e<\/p>\n<p>Mercredi 11\u00a0juin, de 19\u00a0h\u00a030 \u00e0 21\u00a0h\u00a030, la commune de <a href=\"https:\/\/www.ouest-france.fr\/recherche\/#!r\/requete=Saint-Aignan-de-Grandlieu&amp;filtres%5Bsource%5D%5B0%5D=po&amp;sort=desc&amp;onglet=actualites\" target=\"_blank\" rel=\"noopener\">Saint-Aignan-de-Grandlieu<\/a> organise une soir\u00e9e anim\u00e9e par la Soci\u00e9t\u00e9 nationale de protection de la nature. On y d\u00e9couvrira la v\u00e9g\u00e9tation de la zone humide du domaine des Jahardi\u00e8res, jardin partag\u00e9, comprendra l\u2019importance des mares, et la mani\u00e8re dont elles participent au bon fonctionnement de l\u2019\u00e9cosyst\u00e8me local.<\/p>\n<p>\u00a0Chacun observera de pr\u00e8s ces \u00e9cosyst\u00e8mes essentiels \u00e0 la biodiversit\u00e9. Cette 10e \u00e9dition appelle \u00e0 renforcer l\u2019engagement pour pr\u00e9server l\u2019eau et la vie qu\u2019elle porte\u00a0\u00bb, indique Laur\u00e8ne Caudal, charg\u00e9e de mission.<\/p>\n<p>Des enjeux li\u00e9s \u00e0 l\u2019eau<\/p>\n<p>Les mares sont au c\u0153ur des enjeux li\u00e9s \u00e0 l\u2019eau, la biodiversit\u00e9 et au lien social. Ressource vitale, elles doivent \u00eatre pens\u00e9es et prot\u00e9g\u00e9es tel un bien commun. Trop disparaissent, ass\u00e9ch\u00e9es ou combl\u00e9es sous la pression des activit\u00e9s humaines.<\/p>\n<p>Gratuit et ouvert d\u00e8s 6\u00a0ans. Les places \u00e9tant limit\u00e9es, l\u2019inscription est obligatoire.<\/p>\n<p>Renseignements et inscriptions sur saint-aignan-grandlieu.fr ou aupr\u00e8s de Laur\u00e8ne Caudal au 02\u00a040\u00a026\u00a044\u00a042 ou \u00e0 lcaudal@sagl.fr.<\/p>\n<p>\u00a0<\/p>\n","protected":false},"excerpt":{"rendered":"La F\u00eate des mares, \u00e9v\u00e9nement national, c\u00e9l\u00e8bre ses dix\u00a0ans. La 10e \u00e9dition porte sur les mares, un bien&hellip;\n","protected":false},"author":2,"featured_media":163723,"comment_status":"","ping_status":"","sticky":false,"template":"","format":"standard","meta":{"footnotes":""},"categories":[2818],"tags":[1111,11,5975,1777,674,1011,27,23999,766,12,29647,2636,25,3272,7053],"class_list":{"0":"post-163722","1":"post","2":"type-post","3":"status-publish","4":"format-standard","5":"has-post-thumbnail","7":"category-nantes","8":"tag-actu","9":"tag-actualites","10":"tag-decouverte","11":"tag-eu","12":"tag-europe","13":"tag-fr","14":"tag-france","15":"tag-mares","16":"tag-nantes","17":"tag-news","18":"tag-partez","19":"tag-pays-de-la-loire","20":"tag-republique-francaise","21":"tag-saint-nazaire","22":"tag-sud"},"share_on_mastodon":{"url":"https:\/\/pubeurope.com\/@fr\/114654586095161828","error":""},"_links":{"self":[{"href":"https:\/\/www.europesays.com\/fr\/wp-json\/wp\/v2\/posts\/163722","targetHints":{"allow":["GET"]}}],"collection":[{"href":"https:\/\/www.europesays.com\/fr\/wp-json\/wp\/v2\/posts"}],"about":[{"href":"https:\/\/www.europesays.com\/fr\/wp-json\/wp\/v2\/types\/post"}],"author":[{"embeddable":true,"href":"https:\/\/www.europesays.com\/fr\/wp-json\/wp\/v2\/users\/2"}],"replies":[{"embeddable":true,"href":"https:\/\/www.europesays.com\/fr\/wp-json\/wp\/v2\/comments?post=163722"}],"version-history":[{"count":0,"href":"https:\/\/www.europesays.com\/fr\/wp-json\/wp\/v2\/posts\/163722\/revisions"}],"wp:featuredmedia":[{"embeddable":true,"href":"https:\/\/www.europesays.com\/fr\/wp-json\/wp\/v2\/media\/163723"}],"wp:attachment":[{"href":"https:\/\/www.europesays.com\/fr\/wp-json\/wp\/v2\/media?parent=163722"}],"wp:term":[{"taxonomy":"category","embeddable":true,"href":"https:\/\/www.europesays.com\/fr\/wp-json\/wp\/v2\/categories?post=163722"},{"taxonomy":"post_tag","embeddable":true,"href":"https:\/\/www.europesays.com\/fr\/wp-json\/wp\/v2\/tags?post=163722"}],"curies":[{"name":"wp","href":"https:\/\/api.w.org\/{rel}","templated":true}]}}