{"id":163730,"date":"2025-06-09T17:31:10","date_gmt":"2025-06-09T17:31:10","guid":{"rendered":"https:\/\/www.europesays.com\/fr\/163730\/"},"modified":"2025-06-09T17:31:10","modified_gmt":"2025-06-09T17:31:10","slug":"omnes-education-prend-ses-quartiers-en-centre-ville-de-toulouse","status":"publish","type":"post","link":"https:\/\/www.europesays.com\/fr\/163730\/","title":{"rendered":"Omnes Education prend ses quartiers en centre-ville de Toulouse"},"content":{"rendered":"<p>Omnes Education renforce sa pr\u00e9sence \u00e0 Toulouse en installant trois de ses \u00e9coles en centre-ville. L\u2019Inseec (ex-ISCT), quittera Basso-Cambo cet \u00e9t\u00e9 pour rejoindre le nouvel \u00e9co-quartier Guillaumet, \u00e0 deux pas du m\u00e9tro Jolimont. L\u2019\u00e9cole de commerce partagera les locaux avec deux autres \u00e9tablissements du m\u00eame groupe\u00a0: la Grande \u00c9cole d\u2019ing\u00e9nierie num\u00e9rique ECE, et Sup de Pub, sp\u00e9cialis\u00e9e dans les m\u00e9tiers de la communication. Une quatri\u00e8me \u00e9cole, HEIP (Hautes \u00c9tudes Internationales et Politiques), devrait les rejoindre d\u00e8s 2026.<\/p>\n<p>Situ\u00e9 au 2 rue Anita Conti, le b\u00e2timent sera livr\u00e9 mi-juillet. Dans cet immeuble de sept \u00e9tages \u00ab\u00a0100% RSE\u00a0\u00bb, cinq \u00e9tages seront lou\u00e9s par Omnes. \u00ab\u00a04000 m2 qui comprendront 26 salles de cours, des espaces de coworking, des salles de d\u00e9tente et plusieurs terrasses\u00a0\u00bb, se r\u00e9jouit Alain David, directeur du site de Toulouse. Les mille \u00e9tudiants toulousains (2000 d\u2019ici 2027) disposeront \u00e9galement d\u2019un espace ext\u00e9rieur et d\u2019un grand parking pour leurs v\u00e9los.<\/p>\n<p>Omnes, qui a d\u00e9j\u00e0 r\u00e9investit le centre-ville d\u2019autres m\u00e9tropoles comme Lyon ou Marseille, affiche sa volont\u00e9 de remettre la vie \u00e9tudiante au c\u0153ur de la cit\u00e9. Un \u00ab\u00a0axe strat\u00e9gique\u00a0\u00bb pour le groupe, qui cherche notamment \u00e0 attirer des \u00e9tudiants internationaux, et qui souhaite \u00e9galement r\u00e9pondre \u00e0 une demande sociale\u00a0: \u00ab\u00a0Renvoyer les jeunes en p\u00e9riph\u00e9rie, comme on le fait depuis des ann\u00e9es, c\u2019est d\u00e9sastreux. La qualit\u00e9 d\u2019une ville se mesure aussi \u00e0 sa capacit\u00e9 de leur offrir en son c\u0153ur des formations diversifi\u00e9es\u00a0\u00bb, insiste Jos\u00e9 Milano, pr\u00e9sident du groupe.<\/p>\n<p>Personnalisation, IA et data, les incontournables<\/p>\n<p>C\u00f4t\u00e9 formations, l\u2019Inseec enrichit son offre \u00e0 Toulouse avec 4 BTS, 8 Bachelors et 17 Masters of Science (MSc). Sup de Pub d\u00e9ploiera un Bachelor Communication et marketing digitale et deux Bac +5, Manager de la strat\u00e9gie digitale et Direction artistique, tandis que l\u2019ECE proposera dans un premier temps un Bachelor D\u00e9veloppeur IA et un MSc Data engineer. Des cursus vou\u00e9s \u00e0 \u00e9voluer pour s\u2019adapter au tissu local.<\/p>\n<p>L\u2019accent est mis sur la data et l\u2019IA, \u00ab\u00a0deux comp\u00e9tences devenues transversales\u00a0\u00bb selon Jos\u00e9 Milano, qui ambitionne de dispenser l\u2019an prochain des formations dans ces domaines \u00e0 ses 40.000 apprenants en France. Le site de Toulouse s\u2019inscrit dans cette strat\u00e9gie globale, en lien avec le laboratoire national du groupe, qui d\u00e9veloppe ses propres mod\u00e8les d\u2019intelligence artificielle SLM*, \u00ab\u00a0souverains, frugaux et open source\u00a0\u00bb.<\/p>\n<p>Enfin, l\u2019\u00e9tablissement se distingue par sa capacit\u00e9 \u00e0 proposer aux \u00e9l\u00e8ves des programmes \u00ab\u00a0sur-mesure\u00a0\u00bb\u00a0: \u00ab\u00a0L\u2019individualisation des parcours est l\u2019un de nos piliers p\u00e9dagogiques. On veut permettre aux \u00e9l\u00e8ves d\u2019explorer d\u2019autres disciplines que la leur, et la plupart suivent d\u2019autres mati\u00e8res en plus de leur sp\u00e9cialit\u00e9\u00a0\u00bb, souligne le pr\u00e9sident.<br class=\"autobr\"\/><br \/>\nMarie-Dominique Lacour<\/p>\n<p>*Small Language Models (par opposition aux LLM, Large Language Models), petits mod\u00e8les d\u2019intelligence artificielle g\u00e9n\u00e9ralement d\u00e9di\u00e9s \u00e0 des applications cibl\u00e9es.<\/p>\n<p>Sur la photo\u00a0: Alain David, directeur Omnes Education Toulouse et Jos\u00e9 Milano, pr\u00e9sident ex\u00e9cutif du groupe. Cr\u00e9dit M-D.L. &#8211; ToulEmploi.<\/p>\n","protected":false},"excerpt":{"rendered":"Omnes Education renforce sa pr\u00e9sence \u00e0 Toulouse en installant trois de ses \u00e9coles en centre-ville. L\u2019Inseec (ex-ISCT), quittera&hellip;\n","protected":false},"author":2,"featured_media":163731,"comment_status":"","ping_status":"","sticky":false,"template":"","format":"standard","meta":{"footnotes":""},"categories":[2816],"tags":[1111,11,1057,1777,674,1119,1011,27,223,12,2680,25,2312],"class_list":{"0":"post-163730","1":"post","2":"type-post","3":"status-publish","4":"format-standard","5":"has-post-thumbnail","7":"category-toulouse","8":"tag-actu","9":"tag-actualites","10":"tag-education","11":"tag-eu","12":"tag-europe","13":"tag-formation","14":"tag-fr","15":"tag-france","16":"tag-intelligence-artificielle","17":"tag-news","18":"tag-occitanie","19":"tag-republique-francaise","20":"tag-toulouse"},"share_on_mastodon":{"url":"https:\/\/pubeurope.com\/@fr\/114654601846454581","error":""},"_links":{"self":[{"href":"https:\/\/www.europesays.com\/fr\/wp-json\/wp\/v2\/posts\/163730","targetHints":{"allow":["GET"]}}],"collection":[{"href":"https:\/\/www.europesays.com\/fr\/wp-json\/wp\/v2\/posts"}],"about":[{"href":"https:\/\/www.europesays.com\/fr\/wp-json\/wp\/v2\/types\/post"}],"author":[{"embeddable":true,"href":"https:\/\/www.europesays.com\/fr\/wp-json\/wp\/v2\/users\/2"}],"replies":[{"embeddable":true,"href":"https:\/\/www.europesays.com\/fr\/wp-json\/wp\/v2\/comments?post=163730"}],"version-history":[{"count":0,"href":"https:\/\/www.europesays.com\/fr\/wp-json\/wp\/v2\/posts\/163730\/revisions"}],"wp:featuredmedia":[{"embeddable":true,"href":"https:\/\/www.europesays.com\/fr\/wp-json\/wp\/v2\/media\/163731"}],"wp:attachment":[{"href":"https:\/\/www.europesays.com\/fr\/wp-json\/wp\/v2\/media?parent=163730"}],"wp:term":[{"taxonomy":"category","embeddable":true,"href":"https:\/\/www.europesays.com\/fr\/wp-json\/wp\/v2\/categories?post=163730"},{"taxonomy":"post_tag","embeddable":true,"href":"https:\/\/www.europesays.com\/fr\/wp-json\/wp\/v2\/tags?post=163730"}],"curies":[{"name":"wp","href":"https:\/\/api.w.org\/{rel}","templated":true}]}}