{"id":163743,"date":"2025-06-09T17:39:15","date_gmt":"2025-06-09T17:39:15","guid":{"rendered":"https:\/\/www.europesays.com\/fr\/163743\/"},"modified":"2025-06-09T17:39:15","modified_gmt":"2025-06-09T17:39:15","slug":"rhone-thermi-lyon-mettra-le-paquet-au-bourget-pour-intensifier-son-activite-aeronautique","status":"publish","type":"post","link":"https:\/\/www.europesays.com\/fr\/163743\/","title":{"rendered":"RH\u00d4NE. Thermi-Lyon \u00ab\u00a0mettra le paquet\u00a0\u00bb au Bourget, pour intensifier son activit\u00e9 a\u00e9ronautique"},"content":{"rendered":"<p>Sur la rue de Gerland (Lyon 7 e ), Thermi-Lyon, fait partie des derniers industriels, et Florent Monier, la troisi\u00e8me g\u00e9n\u00e9ration \u00e0 la t\u00eate du groupe, est bien d\u00e9cid\u00e9 \u00e0 continuer de faire prosp\u00e9rer le groupe familial, \u00e0 partir de Gerland, son vaisseau amiral, o\u00f9 il r\u00e9alise 9\u00a0millions d\u2019euros de CA, la moiti\u00e9 sur l\u2019a\u00e9ronautique, le reste, principalement sur l\u2019automobile. Dans son usine de 8\u00a0000 m 2 , comme dans les 7 autres sites du groupe, l\u2019obsession de Florent Monier, c\u2019est la r\u00e9sistance m\u00e9canique, la dur\u00e9e de vie des pi\u00e8ces, leur fiabilit\u00e9.<\/p>\n<p><strong>&gt;&gt; \u00c0 LIRE AUSSI\u00a0:<\/strong><a href=\"https:\/\/www.leprogres.fr\/economie\/2024\/11\/20\/des-pieces-pour-l-avion-rafale-sont-produites-par-cette-entreprise-a-arnas\" target=\"_blank\" rel=\"noopener\">Des pi\u00e8ces pour l\u2019avion Rafale sont produites par cette entreprise \u00e0 Arnas<\/a><\/p>\n<p>Pour ce faire, le groupe use d\u2019une palette compl\u00e8te de traitements thermiques \u00ab\u00a0pour modifier&#8230;<\/p>\n","protected":false},"excerpt":{"rendered":"Sur la rue de Gerland (Lyon 7 e ), Thermi-Lyon, fait partie des derniers industriels, et Florent Monier,&hellip;\n","protected":false},"author":2,"featured_media":163744,"comment_status":"","ping_status":"","sticky":false,"template":"","format":"standard","meta":{"footnotes":""},"categories":[1889],"tags":[1111,11,2430,33,893,1777,674,107,3183,1011,27,693,5015,2428,12,25],"class_list":{"0":"post-163743","1":"post","2":"type-post","3":"status-publish","4":"format-standard","5":"has-post-thumbnail","7":"category-lyon","8":"tag-actu","9":"tag-actualites","10":"tag-auvergne-rhone-alpes","11":"tag-economie","12":"tag-energie","13":"tag-eu","14":"tag-europe","15":"tag-fil-info","16":"tag-finance-et-fiscalite","17":"tag-fr","18":"tag-france","19":"tag-industrie","20":"tag-innovation-et-start-up","21":"tag-lyon","22":"tag-news","23":"tag-republique-francaise"},"share_on_mastodon":{"url":"https:\/\/pubeurope.com\/@fr\/114654633468753803","error":""},"_links":{"self":[{"href":"https:\/\/www.europesays.com\/fr\/wp-json\/wp\/v2\/posts\/163743","targetHints":{"allow":["GET"]}}],"collection":[{"href":"https:\/\/www.europesays.com\/fr\/wp-json\/wp\/v2\/posts"}],"about":[{"href":"https:\/\/www.europesays.com\/fr\/wp-json\/wp\/v2\/types\/post"}],"author":[{"embeddable":true,"href":"https:\/\/www.europesays.com\/fr\/wp-json\/wp\/v2\/users\/2"}],"replies":[{"embeddable":true,"href":"https:\/\/www.europesays.com\/fr\/wp-json\/wp\/v2\/comments?post=163743"}],"version-history":[{"count":0,"href":"https:\/\/www.europesays.com\/fr\/wp-json\/wp\/v2\/posts\/163743\/revisions"}],"wp:featuredmedia":[{"embeddable":true,"href":"https:\/\/www.europesays.com\/fr\/wp-json\/wp\/v2\/media\/163744"}],"wp:attachment":[{"href":"https:\/\/www.europesays.com\/fr\/wp-json\/wp\/v2\/media?parent=163743"}],"wp:term":[{"taxonomy":"category","embeddable":true,"href":"https:\/\/www.europesays.com\/fr\/wp-json\/wp\/v2\/categories?post=163743"},{"taxonomy":"post_tag","embeddable":true,"href":"https:\/\/www.europesays.com\/fr\/wp-json\/wp\/v2\/tags?post=163743"}],"curies":[{"name":"wp","href":"https:\/\/api.w.org\/{rel}","templated":true}]}}