{"id":163745,"date":"2025-06-09T17:40:27","date_gmt":"2025-06-09T17:40:27","guid":{"rendered":"https:\/\/www.europesays.com\/fr\/163745\/"},"modified":"2025-06-09T17:40:27","modified_gmt":"2025-06-09T17:40:27","slug":"a-paris-et-en-ile-de-france-le-phenomene-des-flechettes-attire-de-plus-en-plus-de-joueurs","status":"publish","type":"post","link":"https:\/\/www.europesays.com\/fr\/163745\/","title":{"rendered":"\u00e0 Paris et en \u00cele-de-France, le ph\u00e9nom\u00e8ne des fl\u00e9chettes attire de plus en plus de joueurs"},"content":{"rendered":"<p>            Par<br \/>\n        <strong><br \/>\n            <a href=\"https:\/\/actu.fr\/auteur\/thibault-nadal-actu-fr\" title=\"Consulter tous les articles de Thibault Nadal\" rel=\"nofollow noopener\" target=\"_blank\">Thibault Nadal<\/a><br \/>\n        <\/strong><\/p>\n<p>        Publi\u00e9 le<\/p>\n<p>            26 janv. 2025 \u00e0 7h20        <\/p>\n<p>C\u2019est ce qui s\u2019appelle viser dans le mille. Diffuseur officiel des fl\u00e9chettes, La Cha\u00eene l\u2019\u00c9quipe a confirm\u00e9 ce vendredi 24\u00a0janvier 2025 qu\u2019elle allait retransmettre la nouvelle saison <strong>\u00e0 partir du 6\u00a0f\u00e9vrier<\/strong>.<\/p>\n<p class=\" wall-content\">Il faut dire que la discipline, nouvelle \u00e0 la <a href=\"https:\/\/actu.fr\/tag\/television\" rel=\"nofollow noopener\" target=\"_blank\">t\u00e9l\u00e9vision<\/a> fran\u00e7aise, a rapidement trouv\u00e9 son public, puisque selon Marc Las, le directeur de la cha\u00eene, ce sont <strong>18\u00a0millions de personnes<\/strong> qui ont suivi les derniers championnats du monde, qui se d\u00e9roulaient du 15\u00a0d\u00e9cembre 2024 au 3\u00a0janvier 2025 \u00e0 Londres.<\/p>\n<p>\u00ab\u2009Luke Littler a mis la lumi\u00e8re sur les fl\u00e9chettes\u2009\u00bb<\/p>\n<p class=\" wall-content\">Une cha\u00eene qui a donn\u00e9 \u00ab\u2009l\u2019\u00e9tincelle\u2009\u00bb \u00e0 un sport qui n\u2019attendait que \u00e7a. C\u2019est ce qu\u2019a constat\u00e9 \u00ab\u2009Gigg\u2019s\u2009\u00bb suiveur assidu des fl\u00e9chettes et v\u00e9ritable porte-drapeau en France de la discipline sur <a href=\"https:\/\/actu.fr\/tag\/reseaux-sociaux\" rel=\"nofollow noopener\" target=\"_blank\">les r\u00e9seaux sociaux<\/a> avec <strong>ses 125\u2009000 abonn\u00e9s<\/strong> sur X. \u00ab\u2009Je me consid\u00e8re comme un arriviste, car j\u2019ai commenc\u00e9 \u00e0 suivre de mani\u00e8re assidue fin 2023\u2009\u00bb, temp\u00e8re le jeune homme, joint au t\u00e9l\u00e9phone par actu Paris.<\/p>\n<p class=\" wall-content\">\u00ab\u2009Pris d\u2019affection\u2009\u00bb pour \u00ab\u2009le ph\u00e9nom\u00e8ne\u2009\u00bb <a href=\"https:\/\/www.instagram.com\/lukethenukelittler\/?hl=fr\" rel=\"nofollow noopener\" target=\"_blank\">Luke Littler<\/a>, il estime que le jeune anglais de 18\u00a0ans, tout juste sacr\u00e9 champion du monde, a <strong>\u00ab\u2009donn\u00e9 encore plus de lumi\u00e8re \u00e0 ce sport\u2009\u00bb<\/strong>.<\/p>\n<p class=\" wall-content\">\n<p class=\" wall-content\">Les fl\u00e9chettes, \u00ab\u2009Gigg\u2019s\u2009\u00bb ne se contentent pas uniquement de les regarder \u00e0 la t\u00e9l\u00e9vision. \u00ab\u2009J\u2019y joue souvent dans le garage d\u2019un ami\u2009\u00bb, avoue-t-il. Mais celui qui vit dans les <a href=\"https:\/\/actu.fr\/ile-de-france\/hauts-de-seine_92\" rel=\"nofollow noopener\" target=\"_blank\">Hauts-de-Seine<\/a> souhaiterait d\u00e9sormais installer son propre jeu chez lui, apr\u00e8s en avoir re\u00e7u un, il y a pr\u00e8s d\u2019un an. \u00ab\u2009C\u2019est ma frustration du moment, car je ne sais pas o\u00f9 l\u2019installer chez moi. \u00c7a <strong>d\u00e9graderait forc\u00e9ment le mobilier et je perdrais ma caution<\/strong>\u2009\u00bb, assure-t-il dans un \u00e9clat de rire.<\/p>\n<p>Vid\u00e9os : en ce moment sur Actu<\/p>\n<p class=\" wall-content\">\n<p class=\" wall-content\">Pour s\u2019exercer de mani\u00e8re plus assidue, \u00ab\u2009Gigg\u2019s\u2009\u00bb \u00ab\u2009envisage de prendre une licence dans un club\u2009\u00bb. Mais le choix ne sera pas immense, puisque <a href=\"https:\/\/actu.fr\/ile-de-france\/\" rel=\"nofollow noopener\" target=\"_blank\">l\u2019\u00cele-de-France<\/a> compte <strong>moins de dix clubs<\/strong>.<\/p>\n<p>Un sport \u00ab\u2009accessible \u00e0 tous et convivial\u2009\u00bb<\/p>\n<p class=\" wall-content\">Parmi eux se trouvent les Dolina Darts de <a href=\"https:\/\/actu.fr\/ile-de-france\/boulogne-billancourt_92012\" rel=\"nofollow noopener\" target=\"_blank\">Boulogne-Billancourt<\/a> (Hauts-de-Seine), <strong>l\u2019un des plus vieux de clubs de France<\/strong>, cr\u00e9\u00e9 en 1984. Le pr\u00e9sident, Antoine Longevialle, a constat\u00e9 ces derniers mois l\u2019int\u00e9r\u00eat grandissant pour son sport.<\/p>\n<blockquote class=\"ac-article-quote wall-content\">\n<p>Chaque semaine, on a des nouveaux joueurs qui viennent d\u00e9couvrir. Au d\u00e9but de la saison, on comptait une vingtaine de membres, aujourd&rsquo;hui une trentaine et on table sur une quarantaine de joueurs avant la fin de la saison en juin prochain. On va doubler notre nombre, c&rsquo;est fabuleux.<\/p>\n<p>    <strong>Antoine Longevialle<\/strong><br \/>\n        Pr\u00e9sident des Dolina Darts de Boulogne-Billancourt    <\/p><\/blockquote>\n<p class=\" wall-content\">Les derniers arriv\u00e9s, ce sont Alexandra, Fabien et leur fils de 7\u00a0ans, Milo. \u00ab\u2009Mon mari suivait d\u00e9j\u00e0 depuis longtemps et il a converti la famille\u2009\u00bb, confie-t-elle. \u00ab\u2009Durant les vacances de No\u00ebl, on a tous regard\u00e9 les championnats du monde et \u00e7a d\u00e9clench\u00e9 chez nous l\u2019envie d\u2019en faire en club. <strong>C\u2019est ce qui lie notre famille aujourd\u2019hui<\/strong>\u2009\u00bb, d\u00e9veloppe la m\u00e8re.<\/p>\n<p class=\" wall-content\">M\u00eame s\u2019ils ont d\u00e9j\u00e0 plusieurs cibles \u00e0 leur domicile de <a href=\"https:\/\/actu.fr\/ile-de-france\/maisons-laffitte_78358\" rel=\"nofollow noopener\" target=\"_blank\">Maisons-Laffitte<\/a> (Yvelines), la famille a tout de m\u00eame souhait\u00e9 <strong>\u00ab\u2009apporter un cadre \u00e0 sa pratique pour se perfectionner\u2009\u00bb<\/strong>.<\/p>\n<p>    <img   decoding=\"async\" loading=\"lazy\" src=\"https:\/\/www.europesays.com\/fr\/wp-content\/uploads\/2025\/06\/018f0647-21a1-42ee-a4e2-119c9750f17e-960x640.jpg\" alt=\"Chez les Darts de Boulogne, l'un des plus vieux clubs de France, les fl\u00e9chettes se pratiquent de 7 \u00e0 77 ans.\" width=\"960\" height=\"640\"\/><br \/>\n    Fabien, Alexandra et leur fils Milo, ont d\u00e9cid\u00e9 de s\u2019inscrire dans un club pour assouvir au maximum leur passion pour les fl\u00e9chettes. (\u00a9TN \/ actu Paris)<\/p>\n<p class=\" wall-content\">L\u2019autre aspect qui les a s\u00e9duits, c\u2019est le c\u00f4t\u00e9 pratique et simple de la discipline. \u00ab\u2009C\u2019est accessible \u00e0 tous, convivial et il n\u2019y a pas besoin de mat\u00e9riel\u2009\u00bb, confirme Alexandra. En effet, lors de l\u2019entra\u00eenement ce mardi 21\u00a0janvier, certains joueurs sont encore en tenue de ville. Et \u00e0 Boulogne-Billancourt, <strong>la licence ne co\u00fbte que<\/strong> <strong>75\u00a0euros<\/strong> pour l\u2019ann\u00e9e. Un tarif bien \u00e9loign\u00e9 des autres sports o\u00f9 les prix atteignent ais\u00e9ment plusieurs centaines d\u2019euros.<\/p>\n<p>Les clubs submerg\u00e9s et pas assez pr\u00e9par\u00e9s\u2009?<\/p>\n<p class=\" wall-content\">Ce tarif, c\u2019est ce qui a s\u00e9duit Manu, pratiquant de longue date. Apr\u00e8s avoir beaucoup jou\u00e9 dans les bars, il a fait le choix de s\u2019inscrire dans un club. \u00ab\u2009Entre la consommation et les fl\u00e9chettes, l\u2019addition peut vite grimper\u2009\u00bb, avoue-t-il.<\/p>\n<p class=\" wall-content\">Mais cet afflux peut s\u2019av\u00e9rer compliqu\u00e9 \u00e0 g\u00e9rer pour les clubs de la r\u00e9gion. \u00ab<strong>\u2009Il y a un risque de submersion<\/strong>, alerte Antoine Longevialle. Nous n\u2019avons pas forc\u00e9ment, dans tous les clubs, les infrastructures pour accueillir tout le monde\u2009\u00bb, pr\u00e9vient-il.<\/p>\n<p class=\" wall-content\">Actuellement, <strong>151\u00a0personnes poss\u00e8dent une licence en \u00cele-de-France<\/strong>, selon des chiffres communiqu\u00e9s par le comit\u00e9 r\u00e9gional de la F\u00e9d\u00e9ration fran\u00e7aise \u00e0 actu Paris, contre 142 avant le <a href=\"https:\/\/actu.fr\/societe\/coronavirus\" rel=\"nofollow noopener\" target=\"_blank\">Covid<\/a>. \u00ab\u2009Apr\u00e8s la pand\u00e9mie, on \u00e9tait tomb\u00e9s \u00e0 moins de 100, explique \u00c9lodie Valentin, sa pr\u00e9sidente. On vient juste de repasser au-dessus de notre niveau, mais on s\u2019attend \u00e9videmment \u00e0 une hausse dans les prochains mois\u2009\u00bb.<\/p>\n<p class=\" wall-content\">Pour faire face \u00e0 cette arriv\u00e9e de joueurs, <strong>de nouveaux clubs pourraient bient\u00f4t voir le jour<\/strong>. \u00ab\u2009On re\u00e7oit des demandes chaque semaine pour toute la France\u2009\u00bb, assure Antoine Longevialle.<\/p>\n<p>Les bars profitent aussi de l\u2019engouement<\/p>\n<p class=\" wall-content\">L\u2019autre solution est de se tourner vers les bars, m\u00eame si la pratique y est radicalement diff\u00e9rente de l\u2019aveu de tous les joueurs interrog\u00e9s. Et l\u00e0 aussi, le succ\u00e8s semble au rendez-vous. Apr\u00e8s avoir ouvert son premier \u00e9tablissement en 2019 dans le 11e arrondissement de <a href=\"https:\/\/actu.fr\/paris\/\" rel=\"nofollow noopener\" target=\"_blank\">Paris<\/a>, les petites fl\u00e8ches viennent d\u2019inaugurer fin 2024 \u00e0 <a href=\"https:\/\/actu.fr\/ile-de-france\/paris_75056\/le-quartier-a-perdu-son-ame-a-pigalle-les-habitants-desabuses-face-a-la-proliferation-des-fast-foods_61899042.html\" rel=\"nofollow noopener\" target=\"_blank\">Pigalle<\/a> (9e), <strong>leur troisi\u00e8me lieu<\/strong> d\u00e9di\u00e9 aux fl\u00e9chettes.<\/p>\n<p class=\" wall-content\">\u00ab\u2009On voit qu\u2019il y a de plus en plus d\u2019int\u00e9r\u00eat. <strong>On a une forte demande des joueurs et aussi des entreprises<\/strong>. \u00c7a fait partie des raisons qui ont compt\u00e9 au moment d\u2019ouvrir notre troisi\u00e8me bar\u2009\u00bb, d\u00e9veloppe L\u00e9a Mar\u00e9chal, responsable du d\u00e9veloppement commercial. Consciente de l\u2019int\u00e9r\u00eat croissant pour le sport, elle souhaite que les \u00e9tablissements retransmettent les meilleures comp\u00e9titions mondiales pour offrir une exp\u00e9rience compl\u00e8te aux consommateurs.<\/p>\n<p class=\" wall-content\"><a href=\"https:\/\/www.instagram.com\/p\/C4gUpjzoofv\/embed\" title=\"Ouvrir le lien sur Instagram\" rel=\"nofollow noopener\" target=\"_blank\">Visualiser le contenu sur Instagram<\/a><\/p>\n<p class=\" wall-content\">Nicolas, lui, est un \u00ab\u2009ancien\u2009\u00bb dans le monde des fl\u00e9chettes, puisqu\u2019il y joue depuis cinq ans. Fin d\u00e9cembre, cet habitant de <a href=\"https:\/\/actu.fr\/ile-de-france\/saint-denis_93066\" rel=\"nofollow noopener\" target=\"_blank\">Saint-Denis<\/a> (<a href=\"https:\/\/actu.fr\/ile-de-france\/seine-saint-denis_93\" rel=\"nofollow noopener\" target=\"_blank\">Seine-Saint-Denis<\/a>) a d\u00e9cid\u00e9 de traverser le <a href=\"https:\/\/actu.fr\/tag\/peripherique\" rel=\"nofollow noopener\" target=\"_blank\">p\u00e9riph\u00e9rique<\/a> pour s\u2019inscrire aux Dolina Darts de Boulogne afin de \u00ab\u2009progresser\u2009\u00bb. Dans son entourage, il a \u00e9videmment remarqu\u00e9 que ses amis s\u2019y int\u00e9ressaient de plus en plus, notamment lors des sorties aux bars.<\/p>\n<blockquote class=\"ac-article-quote wall-content\">\n<p>Avant, on ne se disait pas forc\u00e9ment qu&rsquo;on allait jouer. Maintenant, c&rsquo;est incontournable.<\/p>\n<p>    <strong>Nicolas<\/strong>\n            <\/p><\/blockquote>\n<p>Une discipline qui souhaite devenir un sport<\/p>\n<p class=\" wall-content\">Avec cette nouvelle notori\u00e9t\u00e9, le \u00ab\u2009petit monde\u2009\u00bb des fl\u00e9chettes esp\u00e8re ainsi <strong>se d\u00e9faire d\u2019une image<\/strong> qui lui colle \u00e0 la peau depuis toujours, celle d\u2019\u00eatre un <strong>\u00ab\u2009sport de bar\u2009\u00bb<\/strong>.<\/p>\n<p class=\" wall-content\">Une situation qui agace Marianne, licenci\u00e9e \u00e0 Boulogne. \u00ab\u2009Ceux qui ont pass\u00e9 le cap de venir en club ces derniers mois, ne s\u2019attendaient \u00e0 voir que c\u2019\u00e9tait aussi s\u00e9rieux\u2009\u00bb, affirme-t-elle. Inscrite dans un club depuis 2002, elle a vu le virage s\u2019op\u00e9rer. \u00ab\u2009Avant les fl\u00e9chettes, c\u2019\u00e9tait mal vu. Aujourd\u2019hui, m\u00eame dans ma famille, je sens que le regard est diff\u00e9rent\u2009\u00bb.<\/p>\n<p>    <img   decoding=\"async\" loading=\"lazy\" src=\"https:\/\/www.europesays.com\/fr\/wp-content\/uploads\/2025\/06\/7c56b280-1228-4a7b-a011-e27ab14a35ec-960x640.jpg\" alt=\"Une cible de fl\u00e9chettes.\" width=\"960\" height=\"640\"\/><br \/>\n    Une cible de fl\u00e9chettes. (\u00a9TN \/ actu Paris)<\/p>\n<p class=\" wall-content\">Pour \u00c9lodie Valentin, \u00ab\u2009cette m\u00e9diatisation <strong>offre aux fl\u00e9chettes la reconnaissance qu\u2019elles n\u2019avaient pas\u2009\u00bb<\/strong>. Et de d\u00e9velopper au maximum la discipline qui souffre d\u2019un manque de moyens financiers, puisqu\u2019elle n\u2019est pas consid\u00e9r\u00e9e comme un sport.<\/p>\n<p class=\" wall-content\">\u00ab\u2009On esp\u00e8re attirer plus de sponsors, avoir plus de salles qui veulent nous accueillir\u2009\u00bb, ajoute Antoine Longevialle. Marianne, elle, souhaiterait que chaque cible traditionnelle (diff\u00e9rente des \u00e9lectroniques que l\u2019on retrouve dans les bars) soit accompagn\u00e9e d\u2019une tablette num\u00e9rique qui comptabilise les points. pour compter les points et ne plus avoir \u00e0 le faire de t\u00eate. Pour le sport du moment, \u00ab\u2009ce serait d\u00e9j\u00e0 un bon d\u00e9but\u2009\u00bb.<\/p>\n<p class=\" wall-content\">Suivez toute l\u2019actualit\u00e9 de vos villes et m\u00e9dias favoris en vous inscrivant \u00e0 <a href=\"https:\/\/moncompte.actu.fr\" title=\"D\u00e9couvez Mon Actu\" rel=\"nofollow noopener\" data-trk=\"{&quot;cta&quot;:{&quot;action&quot;:&quot;https:\\\/\\\/moncompte.actu.fr&quot;,&quot;category&quot;:&quot;mon compte&quot;,&quot;from&quot;:&quot;article footer&quot;,&quot;name&quot;:&quot;Mon actu&quot;,&quot;type&quot;:&quot;cta&quot;}}\" target=\"_blank\">Mon Actu<\/a>.<\/p>\n<p>                    <script async src=\"\/\/www.instagram.com\/embed.js\"><\/script><\/p>\n","protected":false},"excerpt":{"rendered":"Par Thibault Nadal Publi\u00e9 le 26 janv. 2025 \u00e0 7h20 C\u2019est ce qui s\u2019appelle viser dans le mille.&hellip;\n","protected":false},"author":2,"featured_media":163746,"comment_status":"","ping_status":"","sticky":false,"template":"","format":"standard","meta":{"footnotes":""},"categories":[1592],"tags":[1111,11,3062,1777,674,1011,27,662,500,12,626,25,60,252],"class_list":{"0":"post-163745","1":"post","2":"type-post","3":"status-publish","4":"format-standard","5":"has-post-thumbnail","7":"category-ile-de-france","8":"tag-actu","9":"tag-actualites","10":"tag-autres-sports","11":"tag-eu","12":"tag-europe","13":"tag-fr","14":"tag-france","15":"tag-ile-de-france","16":"tag-medias","17":"tag-news","18":"tag-paris","19":"tag-republique-francaise","20":"tag-sports","21":"tag-television"},"share_on_mastodon":{"url":"https:\/\/pubeurope.com\/@fr\/114654637275639893","error":""},"_links":{"self":[{"href":"https:\/\/www.europesays.com\/fr\/wp-json\/wp\/v2\/posts\/163745","targetHints":{"allow":["GET"]}}],"collection":[{"href":"https:\/\/www.europesays.com\/fr\/wp-json\/wp\/v2\/posts"}],"about":[{"href":"https:\/\/www.europesays.com\/fr\/wp-json\/wp\/v2\/types\/post"}],"author":[{"embeddable":true,"href":"https:\/\/www.europesays.com\/fr\/wp-json\/wp\/v2\/users\/2"}],"replies":[{"embeddable":true,"href":"https:\/\/www.europesays.com\/fr\/wp-json\/wp\/v2\/comments?post=163745"}],"version-history":[{"count":0,"href":"https:\/\/www.europesays.com\/fr\/wp-json\/wp\/v2\/posts\/163745\/revisions"}],"wp:featuredmedia":[{"embeddable":true,"href":"https:\/\/www.europesays.com\/fr\/wp-json\/wp\/v2\/media\/163746"}],"wp:attachment":[{"href":"https:\/\/www.europesays.com\/fr\/wp-json\/wp\/v2\/media?parent=163745"}],"wp:term":[{"taxonomy":"category","embeddable":true,"href":"https:\/\/www.europesays.com\/fr\/wp-json\/wp\/v2\/categories?post=163745"},{"taxonomy":"post_tag","embeddable":true,"href":"https:\/\/www.europesays.com\/fr\/wp-json\/wp\/v2\/tags?post=163745"}],"curies":[{"name":"wp","href":"https:\/\/api.w.org\/{rel}","templated":true}]}}