{"id":163763,"date":"2025-06-09T17:51:10","date_gmt":"2025-06-09T17:51:10","guid":{"rendered":"https:\/\/www.europesays.com\/fr\/163763\/"},"modified":"2025-06-09T17:51:10","modified_gmt":"2025-06-09T17:51:10","slug":"intelligence-artificielle-le-royaume-uni-veut-former-75-millions-de-travailleurs-en-cinq-ans","status":"publish","type":"post","link":"https:\/\/www.europesays.com\/fr\/163763\/","title":{"rendered":"Intelligence artificielle : le Royaume-Uni veut former 7,5 millions de travailleurs en cinq ans"},"content":{"rendered":"<ul class=\"jsx-862013697 ArticleChapo__List\">\n<li class=\"jsx-862013697 ArticleChapo__List_Item flex\">Le Premier ministre britannique Keir Starmer a annonc\u00e9 lundi que le Royaume-Uni formerait pas moins de 7,5 millions de personnes \u00e0 l&rsquo;IA.<\/li>\n<li class=\"jsx-862013697 ArticleChapo__List_Item flex\">Il projette un partenariat avec plusieurs g\u00e9ants comme Google, Microsoft et Amazon.<\/li>\n<li class=\"jsx-862013697 ArticleChapo__List_Item flex\">Le pays doit devenir une \u00ab\u00a0cr\u00e9ateur\u00a0\u00bb d&rsquo;IA, affirme le dirigeant.<\/li>\n<\/ul>\n<p data-module=\"article-paragraph\" class=\"jsx-3046738180 Paragraph\">\u00ab\u00a0Nous pouvons \u00eatre un pays cr\u00e9ateur d&rsquo;IA, et pas seulement consommateur d&rsquo;IA.\u00a0\u00bb Le Premier ministre britannique Keir Starmer a annonc\u00e9 vouloir former 7,5 millions de travailleurs dans le domaine de l&rsquo;intelligence artificielle d&rsquo;ici \u00e0 2030, lundi \u00e0 l&rsquo;ouverture de la Tech Week \u00e0 Londres. \u00ab\u00a0Si nous voulons vraiment r\u00e9ussir, les comp\u00e9tences sont l&rsquo;un des d\u00e9fis les plus importants \u00e0 relever\u00a0\u00bb, a estim\u00e9 le dirigeant, d\u00e9voilant pour l&rsquo;occasion un partenariat avec \u00ab\u00a011 groupes majeurs\u00a0\u00bb, parmi lesquels les g\u00e9ants Google, Microsoft et Amazon.\u00a0<\/p>\n<p data-module=\"article-paragraph\" class=\"jsx-3046738180 Paragraph Paragraph__End\">Ces acteurs se sont engag\u00e9s \u00e0 mettre \u00e0 disposition des entreprises des contenus de formation, durant les cinq prochaines ann\u00e9es. Ils viseront par exemple \u00e0 enseigner comment utiliser les grands mod\u00e8les de langage (par exemple ChatGPT) afin d&rsquo;accro\u00eetre la productivit\u00e9 des salari\u00e9s.<\/p>\n<p><a href=\"https:\/\/www.tf1info.fr\/high-tech\/verif-ces-reconstitutions-historiques-par-ia-intelligence-artificielle-realite-vrai-faux-resistance-gouvernement-2374429.html\" rel=\"noopener\" class=\"jsx-3308031228 Link flex\" target=\"_blank\"><img decoding=\"async\" src=\"https:\/\/www.europesays.com\/fr\/wp-content\/uploads\/2025\/06\/modele-illus-verificateurs-astrig-2-d37404-0@1x.jpeg\" alt=\"Capture d'\u00e9cran Instagram \/ Les V\u00e9rificateurs\" loading=\"lazy\" importance=\"low\" fetchpriority=\"low\" class=\"\"\/><\/p>\n<p class=\"jsx-3657663356 ReadMoreArticle__Title\">Lire aussi<\/p>\n<p class=\"jsx-3657663356\">V\u00c9RIF&rsquo; &#8211; Les reconstitutions historiques par IA sont-elles fid\u00e8les \u00e0 la r\u00e9alit\u00e9\u202f?<\/p>\n<p><\/a>Former les \u00e9l\u00e8ves et les \u00e9tudiants<\/p>\n<p data-module=\"article-paragraph\" class=\"jsx-3046738180 Paragraph\">Par ailleurs, le plan du gouvernement britannique pr\u00e9voit de former les coll\u00e9giens, lyc\u00e9ens et \u00e9tudiants \u00e0 l&rsquo;IA dans le cadre d&rsquo;un programme baptis\u00e9 \u00ab\u00a0TechFirst\u00a0\u00bb, dot\u00e9 de l&rsquo;\u00e9quivalent de 222 millions d&rsquo;euros. L&rsquo;objectif est de provoquer un \u00ab\u00a0changement radical dans la fa\u00e7on dont nous formons nos talents \u00e0 l&rsquo;\u00e8re de l&rsquo;IA\u00a0\u00bb, a insist\u00e9 Keir Starmer.\u00a0<\/p>\n<p data-module=\"article-paragraph\" class=\"jsx-3046738180 Paragraph\">Le secteur britannique de l&rsquo;IA est actuellement \u00e9valu\u00e9 \u00e0 85,5 milliards d&rsquo;euros. Il emploie plus de 64.000 personnes et se d\u00e9veloppe 30 fois plus vite que le reste de l&rsquo;\u00e9conomie, selon Downing Street.\u00a0<\/p>\n<p data-module=\"article-paragraph\" class=\"jsx-3046738180 Paragraph Paragraph__End\">En janvier, le gouvernement a d\u00e9voil\u00e9 un plan visant \u00e0 attirer les acteurs de l&rsquo;IA sur son sol, en leur promettant un cadre r\u00e9glementaire cl\u00e9ment, l\u00e0 o\u00f9 l&rsquo;Union europ\u00e9enne a par exemple opt\u00e9 pour davantage de contr\u00f4le.<\/p>\n<p>V.M avec AFP<\/p>\n","protected":false},"excerpt":{"rendered":"Le Premier ministre britannique Keir Starmer a annonc\u00e9 lundi que le Royaume-Uni formerait pas moins de 7,5 millions&hellip;\n","protected":false},"author":2,"featured_media":163764,"comment_status":"","ping_status":"","sticky":false,"template":"","format":"standard","meta":{"footnotes":""},"categories":[1588],"tags":[1111,11,1921,1777,674,323,1922,2581,5533,12,473,1853,1851,1850,1852,133,5642],"class_list":{"0":"post-163763","1":"post","2":"type-post","3":"status-publish","4":"format-standard","5":"has-post-thumbnail","7":"category-royaume-uni","8":"tag-actu","9":"tag-actualites","10":"tag-article-video","11":"tag-eu","12":"tag-europe","13":"tag-google","14":"tag-info","15":"tag-keir-starmer","16":"tag-microsoft","17":"tag-news","18":"tag-royaume-uni","19":"tag-royaume-uni-de-grande-bretagne-et-dirlande-du-nord","20":"tag-uk","21":"tag-united-kingdom","22":"tag-united-kingdom-of-great-britain-and-northern-ireland","23":"tag-video","24":"tag-video-economie"},"share_on_mastodon":{"url":"https:\/\/pubeurope.com\/@fr\/114654680514247554","error":""},"_links":{"self":[{"href":"https:\/\/www.europesays.com\/fr\/wp-json\/wp\/v2\/posts\/163763","targetHints":{"allow":["GET"]}}],"collection":[{"href":"https:\/\/www.europesays.com\/fr\/wp-json\/wp\/v2\/posts"}],"about":[{"href":"https:\/\/www.europesays.com\/fr\/wp-json\/wp\/v2\/types\/post"}],"author":[{"embeddable":true,"href":"https:\/\/www.europesays.com\/fr\/wp-json\/wp\/v2\/users\/2"}],"replies":[{"embeddable":true,"href":"https:\/\/www.europesays.com\/fr\/wp-json\/wp\/v2\/comments?post=163763"}],"version-history":[{"count":0,"href":"https:\/\/www.europesays.com\/fr\/wp-json\/wp\/v2\/posts\/163763\/revisions"}],"wp:featuredmedia":[{"embeddable":true,"href":"https:\/\/www.europesays.com\/fr\/wp-json\/wp\/v2\/media\/163764"}],"wp:attachment":[{"href":"https:\/\/www.europesays.com\/fr\/wp-json\/wp\/v2\/media?parent=163763"}],"wp:term":[{"taxonomy":"category","embeddable":true,"href":"https:\/\/www.europesays.com\/fr\/wp-json\/wp\/v2\/categories?post=163763"},{"taxonomy":"post_tag","embeddable":true,"href":"https:\/\/www.europesays.com\/fr\/wp-json\/wp\/v2\/tags?post=163763"}],"curies":[{"name":"wp","href":"https:\/\/api.w.org\/{rel}","templated":true}]}}