{"id":163781,"date":"2025-06-09T18:01:09","date_gmt":"2025-06-09T18:01:09","guid":{"rendered":"https:\/\/www.europesays.com\/fr\/163781\/"},"modified":"2025-06-09T18:01:09","modified_gmt":"2025-06-09T18:01:09","slug":"garros-ses-propos-sont-honteux-irrespectueux-et-puerile-mauvaise-perdante-un-peu-dhumilite-ne-ferait-pas-de-mal-les-propos-daryna-sabalenka-au-lendemain-de-sa-defaite-contre-coco-gauf","status":"publish","type":"post","link":"https:\/\/www.europesays.com\/fr\/163781\/","title":{"rendered":"Garros &#8211; \u00ab\u00a0Ses propos sont honteux\u00a0\u00bb, \u00ab\u00a0Irrespectueux et pu\u00e9rile\u00a0\u00bb, \u00ab\u00a0Mauvaise perdante\u00a0\u00bb, \u00ab\u00a0Un peu d&rsquo;humilit\u00e9 ne ferait pas de mal\u00a0\u00bb : les propos d&rsquo;Aryna Sabalenka au lendemain de sa d\u00e9faite contre Coco Gauff lui ont fait perdre un grand nombre de supporters"},"content":{"rendered":"<p>Il y en a une qui semble mauvaise perdante. La num\u00e9ro 1 mondiale <a data-i13n=\"cpos:1;pos:1\" href=\"https:\/\/fr.news.yahoo.com\/sport\/roland-garros-respect-mise-au-180321365.html\" data-ylk=\"slk:Aryna Sabalenka;cpos:1;pos:1;elm:context_link;itc:0;sec:content-canvas;outcm:mb_qualified_link;_E:mb_qualified_link;ct:story;\" class=\"link  yahoo-link\" target=\"_blank\" rel=\"noopener\">Aryna Sabalenka<\/a> n&rsquo;est pas repartie avec le troph\u00e9e de Roland-Garros cette ann\u00e9e, battue par l&rsquo;Am\u00e9ricaine <a data-i13n=\"cpos:2;pos:1\" href=\"https:\/\/fr.news.yahoo.com\/l-am%C3%A9ricaine-coco-gauff-nouvelle-030026147.html\" data-ylk=\"slk:Coco Gauff;cpos:2;pos:1;elm:context_link;itc:0;sec:content-canvas;outcm:mb_qualified_link;_E:mb_qualified_link;ct:story;\" class=\"link  yahoo-link\" target=\"_blank\" rel=\"noopener\">Coco Gauff<\/a>. En conf\u00e9rence de presse, samedi 7 juin, la championne bi\u00e9lorusse est revenue sur sa d\u00e9faite. \u00ab\u00a0En finale, j\u2019ai jou\u00e9 mon plus mauvais tennis depuis je ne sais pas combien de mois (&#8230;) Je crois que c\u2019est la pire finale que j\u2019ai jamais jou\u00e9e\u00a0\u00bb, reconna\u00eet d&#8217;embl\u00e9e la jeune femme. Elle \u00e9voque ensuite la pr\u00e9sence du \u00ab\u00a0vent\u00a0\u00bb, et son trop-plein d&rsquo;\u00e9motions lors de cette finale. \u00ab\u00a0Aujourd\u2019hui, je ne me suis pas bien g\u00e9r\u00e9e mentalement. J\u2019ai mal servi et j\u2019ai fait des fautes directes. Il faut que je v\u00e9rifie les statistiques. Elle a gagn\u00e9 le match mais pas uniquement parce qu\u2019elle a jou\u00e9 incroyablement bien, aussi parce que j\u2019ai fait toutes ces erreurs, notamment sur des balles faciles.\u00a0\u00bb<\/p>\n<p>Le programme d&rsquo;Aryna Sabalenka est clair pour ces prochains jours. \u00ab\u00a0De la tequila, des petits oursons en g\u00e9latine, de la natation, faire la touriste pendant quelques jours.\u00a0\u00bb En bref, de l&rsquo;alcool et du sucre \u00e0 Mykonos, o\u00f9 elle part se r\u00e9fugier au lendemain de sa d\u00e9faite \u00e0 Roland-Garros. Coco Gauff a tr\u00e8s vite r\u00e9agi aux propos de son adversaire : \u00ab\u00a0Ce n&rsquo;est pas juste de dire cela. Aryna, avec son niveau ces derni\u00e8res semaines, \u00e9tait la favorite. C\u2019\u00e9tait le test le plus dur pour moi. Mais je pense que j\u2019aurais eu de bonnes chances contre n\u2019importe qui.\u00a0\u00bb Et les (t\u00e9l\u00e9)spectateurs sont les premiers \u00e0 prendre la d\u00e9fense de <a data-i13n=\"cpos:3;pos:1\" href=\"https:\/\/fr.finance.yahoo.com\/actualites\/coco-gauff-sportive-mieux-r%C3%A9mun%C3%A9r%C3%A9e-144007873.html\" data-ylk=\"slk:l&#039;Am\u00e9ricaine;cpos:3;pos:1;elm:context_link;itc:0;sec:content-canvas;outcm:mb_qualified_link;_E:mb_qualified_link;ct:story;\" class=\"link  yahoo-link\" target=\"_blank\" rel=\"noopener\">l&rsquo;Am\u00e9ricaine<\/a>.<\/p>\n<blockquote placeholder=\"\" data-theme=\"light\" class=\"twitter-tweet\">\n<p>\u00ab\u00a0C&rsquo;est mon pire match des deux derniers mois. Quelle blague ! Je ne peux plus faire \u00e7a en finale. (&#8230;) \u00c7a fait mal, surtout apr\u00e8s avoir aussi bien jou\u00e9 pendant 2 semaines. Je pense que si Iga Swiatek m&rsquo;avait battue l&rsquo;autre jour, elle aurait gagn\u00e9 [hier].\u00a0\u00bb<\/p>\n<p>Aryna Sabalenka <a href=\"https:\/\/t.co\/XVdF0dDLn7\" rel=\"nofollow noopener\" target=\"_blank\" data-ylk=\"slk:pic.twitter.com\/XVdF0dDLn7;elm:context_link;itc:0;sec:content-canvas\" class=\"link \">pic.twitter.com\/XVdF0dDLn7<\/a><\/p>\n<p>\u2014 We Are Tennis France (@WeAreTennisFR) <a href=\"https:\/\/twitter.com\/WeAreTennisFR\/status\/1931633547015868642?ref_src=twsrc%5Etfw\" rel=\"nofollow noopener\" target=\"_blank\" data-ylk=\"slk:June 8, 2025;elm:context_link;itc:0;sec:content-canvas\" class=\"link \">June 8, 2025<\/a><\/p>\n<\/blockquote>\n<p>\u00ab\u00a0Comme quoi, \u00eatre num\u00e9ro 1 ne garantit ni la classe ni l\u2019esprit sportif\u00a0\u00bb<\/p>\n<p>\u00ab\u00a0L&rsquo;humilit\u00e9 ne semble pas \u00eatre une de ses qualit\u00e9s. Savoir g\u00e9rer la pression fait qu&rsquo;on est une championne ou non.\u00a0\u00bb Et cette internaute est loin d&rsquo;\u00eatre la seule \u00e0 le penser. \u00ab\u00a0Comme quoi, \u00eatre num\u00e9ro 1 ne garantit ni la classe ni l\u2019esprit sportif\u00a0\u00bb, lance un autre au lendemain du match. \u00ab\u00a0C&rsquo;est d&rsquo;une effroyable nullit\u00e9 cette r\u00e9action ! D\u00e9j\u00e0 qu&rsquo;elle nous casse les oreilles avec ses hurlements, elle n&rsquo;a cess\u00e9 de s&rsquo;\u00e9nerver quand Coco restait hyper concentr\u00e9e. La victoire est m\u00e9rit\u00e9e. Et c&rsquo;est vraiment irrespectueux et pu\u00e9rile. C&rsquo;est le sport. Parfois on perd, parfois on gagne.\u00a0\u00bb<\/p>\n<blockquote placeholder=\"\" data-theme=\"light\" class=\"twitter-tweet\">\n<p>Je viens de me retaper la conf\u2019 de Sabalenka. Attachante lors de ses victoires, elle est devenue \u00e0 mes yeux un personnage exclusivement antipathique. <\/p>\n<p>On reconna\u00eet les grandes championnes dans la d\u00e9faite avant tout.<\/p>\n<p>Pas cool du tout Aryna.<\/p>\n<p>\u2014 Ilan Merhaba \u270d\ud83c\udffc (@ilanmerhaba) <a href=\"https:\/\/twitter.com\/ilanmerhaba\/status\/1931676974780395531?ref_src=twsrc%5Etfw\" rel=\"nofollow noopener\" target=\"_blank\" data-ylk=\"slk:June 8, 2025;elm:context_link;itc:0;sec:content-canvas\" class=\"link \">June 8, 2025<\/a><\/p>\n<\/blockquote>\n<p>\u00ab\u00a0Ses propos sont honteux. Bravo Coco !\u00a0\u00bb, \u00ab\u00a0Quelle mauvaise foi !\u00a0\u00bb, \u00ab\u00a0Mauvaise perdante\u00a0\u00bb, \u00ab\u00a0Un peu d&rsquo;humilit\u00e9 ne ferait pas de mal\u00a0\u00bb, \u00ab\u00a0Coco m\u00e9rite sa victoire\u00a0\u00bb, \u00ab\u00a0Je suis d\u00e9\u00e7ue des propos d&rsquo;Aryna\u00a0\u00bb, \u00ab\u00a0Quand on ne sait pas perdre, il ne faut pas jouer\u00a0\u00bb, &#8230; Voil\u00e0 le genre de commentaires que l&rsquo;on retrouve sur les r\u00e9seaux sociaux en ce d\u00e9but de semaine. \u00ab\u00a0\u00catre la meilleure, ce n\u2019est pas seulement gagner, c\u2019est aussi savoir perdre avec dignit\u00e9\u00a0\u00bb, assure une internaute. \u00ab\u00a0Attachante lors de ses victoires, elle est devenue \u00e0 mes yeux un personnage exclusivement antipathique. On reconna\u00eet les grandes championnes dans la d\u00e9faite avant tout.\u00a0\u00bb Et c&rsquo;est en ce sens que d\u00e9sormais, aux yeux de beaucoup d&rsquo;amateurs de tennis, Aryna Sabalenka n&rsquo;a plus rien d&rsquo;une championne. \u00ab\u00a0Avec ce manque de fair-play envers Coco Gauff, elle n&rsquo;ira pas loin.\u00a0\u00bb<\/p>\n<blockquote placeholder=\"\" data-theme=\"light\" class=\"twitter-tweet\">\n<p>Je suis totalement bluff\u00e9 par ce qu\u2019a absorb\u00e9 Gauff.<br \/>Elle n\u2019\u00e9tait pas favorite.<br \/>Elle est men\u00e9e 1 set 0.<br \/>Elle s\u2019est fait agresser pendant 2h38.<br \/>Elle sauve 1 balle de 5\/5 dans le dernier jeu.<br \/>Et elle gagne son 1er Roland-Garros.<br \/>Coco a \u00e9t\u00e9 incroyable \ud83d\udc51\u2764\ufe0f <a href=\"https:\/\/t.co\/wyXo4QOb1R\" rel=\"nofollow noopener\" target=\"_blank\" data-ylk=\"slk:pic.twitter.com\/wyXo4QOb1R;elm:context_link;itc:0;sec:content-canvas\" class=\"link \">pic.twitter.com\/wyXo4QOb1R<\/a><\/p>\n<p>\u2014 Benoit Maylin (@BenoitMaylin) <a href=\"https:\/\/twitter.com\/BenoitMaylin\/status\/1931385352859648255?ref_src=twsrc%5Etfw\" rel=\"nofollow noopener\" target=\"_blank\" data-ylk=\"slk:June 7, 2025;elm:context_link;itc:0;sec:content-canvas\" class=\"link \">June 7, 2025<\/a><\/p>\n<\/blockquote>\n<p>A contrario, nombreux sont ceux \u00e0 avoir \u00e9t\u00e9 \u00e9pat\u00e9s par la jeune Am\u00e9ricaine. \u00ab\u00a0\u00c0 21 ans, elle n&rsquo;a jamais montr\u00e9 une \u00e9motion n\u00e9gative\u00a0\u00bb, souligne un spectateur. \u00ab\u00a0Une jeune femme intelligente, calme, humble, qui a un comportement irr\u00e9prochable sur un court de tennis. Victoire m\u00e9rit\u00e9e\u00a0\u00bb, \u00e9crit un internaute. \u00ab\u00a0Coco Gauff est exceptionnelle. Immense championne en vue.\u00a0\u00bb <\/p>\n<p><script async src=\"https:\/\/platform.twitter.com\/widgets.js\" charset=\"utf-8\"><\/script><\/p>\n","protected":false},"excerpt":{"rendered":"Il y en a une qui semble mauvaise perdante. La num\u00e9ro 1 mondiale Aryna Sabalenka n&rsquo;est pas repartie&hellip;\n","protected":false},"author":2,"featured_media":163782,"comment_status":"","ping_status":"","sticky":false,"template":"","format":"standard","meta":{"footnotes":""},"categories":[1415],"tags":[7615,20863,1153,1011,27,4171,60,1467],"class_list":{"0":"post-163781","1":"post","2":"type-post","3":"status-publish","4":"format-standard","5":"has-post-thumbnail","7":"category-tennis","8":"tag-aryna-sabalenka","9":"tag-coco-gauff","10":"tag-conference-de-presse","11":"tag-fr","12":"tag-france","13":"tag-roland-garros","14":"tag-sports","15":"tag-tennis"},"share_on_mastodon":{"url":"https:\/\/pubeurope.com\/@fr\/114654719715853719","error":""},"_links":{"self":[{"href":"https:\/\/www.europesays.com\/fr\/wp-json\/wp\/v2\/posts\/163781","targetHints":{"allow":["GET"]}}],"collection":[{"href":"https:\/\/www.europesays.com\/fr\/wp-json\/wp\/v2\/posts"}],"about":[{"href":"https:\/\/www.europesays.com\/fr\/wp-json\/wp\/v2\/types\/post"}],"author":[{"embeddable":true,"href":"https:\/\/www.europesays.com\/fr\/wp-json\/wp\/v2\/users\/2"}],"replies":[{"embeddable":true,"href":"https:\/\/www.europesays.com\/fr\/wp-json\/wp\/v2\/comments?post=163781"}],"version-history":[{"count":0,"href":"https:\/\/www.europesays.com\/fr\/wp-json\/wp\/v2\/posts\/163781\/revisions"}],"wp:featuredmedia":[{"embeddable":true,"href":"https:\/\/www.europesays.com\/fr\/wp-json\/wp\/v2\/media\/163782"}],"wp:attachment":[{"href":"https:\/\/www.europesays.com\/fr\/wp-json\/wp\/v2\/media?parent=163781"}],"wp:term":[{"taxonomy":"category","embeddable":true,"href":"https:\/\/www.europesays.com\/fr\/wp-json\/wp\/v2\/categories?post=163781"},{"taxonomy":"post_tag","embeddable":true,"href":"https:\/\/www.europesays.com\/fr\/wp-json\/wp\/v2\/tags?post=163781"}],"curies":[{"name":"wp","href":"https:\/\/api.w.org\/{rel}","templated":true}]}}