{"id":163785,"date":"2025-06-09T18:04:09","date_gmt":"2025-06-09T18:04:09","guid":{"rendered":"https:\/\/www.europesays.com\/fr\/163785\/"},"modified":"2025-06-09T18:04:09","modified_gmt":"2025-06-09T18:04:09","slug":"giovanni-mpetshi-perricard-qualifie-pour-le-2e-tour-a-stuttgart","status":"publish","type":"post","link":"https:\/\/www.europesays.com\/fr\/163785\/","title":{"rendered":"Giovanni Mpetshi\u00a0Perricard qualifi\u00e9 pour le 2e tour \u00e0 Stuttgart"},"content":{"rendered":"<p>Ce lundi, le Fran\u00e7ais Giovanni Mpetshi\u00a0Perricard s\u2019est qualifi\u00e9 pour le deuxi\u00e8me tour du tournoi ATP 250 de Stuttgart.<\/p>\n<p class=\"fig-paragraph\">\u00c7a passe.\u00a0<a href=\"http:\/\/www.lefigaro.fr\/sports\/tennis\/roland-garros\/roland-garros-deception-pour-mpetshi-perricard-sorti-des-le-2e-tour-20250528\" data-fig-type=\"NewsFlash\" data-gtm-custom-categorie=\"navigation\" data-gtm-custom-action=\"crossclick\" data-gtm-custom-label=\"Contextuel\" data-gtm-event=\"customEventSPE\" data-fig-domain=\"LEFIGARO\" rel=\"nofollow noopener\" target=\"_blank\">Giovanni Mpetshi\u00a0Perricard<\/a>, 36e mondial, s&rsquo;est qualifi\u00e9 pour le deuxi\u00e8me tour du tournoi ATP 250 sur gazon de Stuttgart en battant le Russe Roman Safiullin (74e) 7-6 (12\/10), 3-6, 7-5, lundi.<\/p>\n<p class=\"fig-paragraph\">Il affrontera au prochain tour le Canadien F\u00e9lix Auger-Aliassime, 29e mondial et t\u00eate de s\u00e9rie N.4. Le N.3 Fran\u00e7ais, \u00e9limin\u00e9 au deuxi\u00e8me tour de Roland-Garros, lance en Allemagne sa saison sur gazon, une surface qu&rsquo;il affectionne. Il avait atteint l&rsquo;an pass\u00e9 les huiti\u00e8mes de finale \u00e0 Wimbledon.<\/p>\n<p class=\"fig-paragraph\">Face \u00e0 Safiullin, pour empocher la premi\u00e8re manche au jeu d\u00e9cisif, Mpetshi Perricard a pu s&rsquo;appuyer sur la qualit\u00e9 de son service (14 aces, 26 sur l&rsquo;ensemble du match). Mais dans le deuxi\u00e8me set, le Russe a r\u00e9ussi \u00e0 s&#8217;emparer de la mise en jeu du Fran\u00e7ais pour \u00e9galiser \u00e0 une manche partout. Dans une troisi\u00e8me manche tr\u00e8s disput\u00e9e, Mpetshi Perricard, qui menait 6-5, est parvenu \u00e0 prendre ensuite le service de son adversaire au meilleur moment pour conclure.<\/p>\n<p class=\"fig-paragraph\">Autre Fran\u00e7ais en lice lundi, Benjamin Bonzi (61e) s&rsquo;est en revanche inclin\u00e9 face \u00e0 la t\u00eate de s\u00e9rie N.8, le Tch\u00e8que Jiri Lehecka (33e), 6-4, 6-4.<\/p>\n","protected":false},"excerpt":{"rendered":"Ce lundi, le Fran\u00e7ais Giovanni Mpetshi\u00a0Perricard s\u2019est qualifi\u00e9 pour le deuxi\u00e8me tour du tournoi ATP 250 de Stuttgart.&hellip;\n","protected":false},"author":2,"featured_media":163786,"comment_status":"","ping_status":"","sticky":false,"template":"","format":"standard","meta":{"footnotes":""},"categories":[1412],"tags":[47,4169,525,1981,4178,1451,4179,1452,1453,1454,1455,1011,27,22950,1114,3996,4177,4176,4174,4175,1980,4171,60,12500,1467,4172,4173,4170],"class_list":{"0":"post-163785","1":"post","2":"type-post","3":"status-publish","4":"format-standard","5":"has-post-thumbnail","7":"category-f1","8":"tag-actualite","9":"tag-atp","10":"tag-calendrier","11":"tag-classement","12":"tag-coupe-davis","13":"tag-f1","14":"tag-fed-cup","15":"tag-formula-1","16":"tag-formula1","17":"tag-formule-1","18":"tag-formule1","19":"tag-fr","20":"tag-france","21":"tag-giovanni-mpetshi-perricard","22":"tag-infos","23":"tag-jeux-olympiques","24":"tag-masters-1000","25":"tag-masters-500","26":"tag-masters-series","27":"tag-open-daustralie","28":"tag-resultats","29":"tag-roland-garros","30":"tag-sports","31":"tag-stuttgart","32":"tag-tennis","33":"tag-us-open","34":"tag-wimbledon","35":"tag-wta"},"share_on_mastodon":{"url":"https:\/\/pubeurope.com\/@fr\/114654731545349854","error":""},"_links":{"self":[{"href":"https:\/\/www.europesays.com\/fr\/wp-json\/wp\/v2\/posts\/163785","targetHints":{"allow":["GET"]}}],"collection":[{"href":"https:\/\/www.europesays.com\/fr\/wp-json\/wp\/v2\/posts"}],"about":[{"href":"https:\/\/www.europesays.com\/fr\/wp-json\/wp\/v2\/types\/post"}],"author":[{"embeddable":true,"href":"https:\/\/www.europesays.com\/fr\/wp-json\/wp\/v2\/users\/2"}],"replies":[{"embeddable":true,"href":"https:\/\/www.europesays.com\/fr\/wp-json\/wp\/v2\/comments?post=163785"}],"version-history":[{"count":0,"href":"https:\/\/www.europesays.com\/fr\/wp-json\/wp\/v2\/posts\/163785\/revisions"}],"wp:featuredmedia":[{"embeddable":true,"href":"https:\/\/www.europesays.com\/fr\/wp-json\/wp\/v2\/media\/163786"}],"wp:attachment":[{"href":"https:\/\/www.europesays.com\/fr\/wp-json\/wp\/v2\/media?parent=163785"}],"wp:term":[{"taxonomy":"category","embeddable":true,"href":"https:\/\/www.europesays.com\/fr\/wp-json\/wp\/v2\/categories?post=163785"},{"taxonomy":"post_tag","embeddable":true,"href":"https:\/\/www.europesays.com\/fr\/wp-json\/wp\/v2\/tags?post=163785"}],"curies":[{"name":"wp","href":"https:\/\/api.w.org\/{rel}","templated":true}]}}