{"id":163791,"date":"2025-06-09T18:07:09","date_gmt":"2025-06-09T18:07:09","guid":{"rendered":"https:\/\/www.europesays.com\/fr\/163791\/"},"modified":"2025-06-09T18:07:09","modified_gmt":"2025-06-09T18:07:09","slug":"bras-arme-de-bruno-retailleau-le-prefet-hugues-moutouh-remonte-sur-le-ring-pour-secouer-le-cocotier","status":"publish","type":"post","link":"https:\/\/www.europesays.com\/fr\/163791\/","title":{"rendered":"Bras arm\u00e9 de Bruno Retailleau, le pr\u00e9fet Hugues Moutouh remonte sur le ring pour \u00absecouer le cocotier\u00bb"},"content":{"rendered":"<p><strong>PORTRAIT &#8211; <\/strong>Promu secr\u00e9taire g\u00e9n\u00e9ral de Beauvau, cet agr\u00e9g\u00e9 au physique de boxeur a deux ennemis\u00a0: l\u2019islamisme rampant et la bureaucratie scl\u00e9rosante.<\/p>\n<p class=\"fig-paragraph\">\u00abVous connaissez beaucoup d\u2019agr\u00e9g\u00e9s de droit qui ont \u00e9t\u00e9 videurs de bo\u00eetes de nuit\u00a0? Hugues l\u2019a \u00e9t\u00e9 sept ann\u00e9es durant pour payer ses \u00e9tudes\u00bb.\u00a0<a href=\"http:\/\/www.lefigaro.fr\/actualite-france\/le-metier-ne-s-apprend-pas-dans-les-livres-frederic-pechenard-les-confessions-de-l-ancien-patron-de-la-police-nationale-20241116\" data-fig-type=\"Article\" data-gtm-custom-categorie=\"navigation\" data-gtm-custom-action=\"crossclick\" data-gtm-custom-label=\"Contextuel\" data-gtm-event=\"customEventSPE\" data-fig-domain=\"LEFIGARO\" target=\"_blank\" rel=\"noopener\">Fr\u00e9d\u00e9ric P\u00e9chenard, l\u2019ancien directeur g\u00e9n\u00e9ral de la police nationale<\/a>, se permet cette confidence au sujet de son ami de vingt ans, le pr\u00e9fet\u00a0<a href=\"http:\/\/www.lefigaro.fr\/nice\/le-prefet-hugues-moutouh-va-quitter-les-alpes-maritimes-pour-le-ministere-de-l-interieur-20250409\" target=\"_blank\" data-fig-type=\"NewsFlash\" rel=\"noopener\" data-gtm-custom-categorie=\"navigation\" data-gtm-custom-action=\"crossclick\" data-gtm-custom-label=\"Contextuel\" data-gtm-event=\"customEventSPE\" data-fig-domain=\"LEFIGARO\">Hugues Moutouh<\/a>. \u00c0 57 ans, celui-ci vient d\u2019\u00eatre promu secr\u00e9taire g\u00e9n\u00e9ral du minist\u00e8re de l\u2019Int\u00e9rieur par Bruno Retailleau. L\u2019h\u00f4te de Beauvau est en qu\u00eate de profils solides pour l\u2019\u00e9pauler, alors qu\u2019il entame le rude parcours qui doit le mener jusqu\u2019\u00e0 l\u2019\u00e9lection supr\u00eame.<\/p>\n<p class=\"fig-paragraph\">Fils d\u2019une Parisienne de souche normande et d\u2019un Fran\u00e7ais d\u2019Indochine n\u00e9 \u00e0\u00a0<a href=\"http:\/\/www.lefigaro.fr\/international\/en-deplacement-a-hanoi-emmanuel-macron-appelle-a-preserver-un-ordre-mondial-fonde-sur-le-droit-20250526\" target=\"_blank\" data-fig-type=\"NewsFlash\" rel=\"noopener\" data-gtm-custom-categorie=\"navigation\" data-gtm-custom-action=\"crossclick\" data-gtm-custom-label=\"Contextuel\" data-gtm-event=\"customEventSPE\" data-fig-domain=\"LEFIGARO\">Hano\u00ef<\/a>, Moutouh l\u2019Eurasien se d\u00e9peint, avec humour, comme \u00abun enfant de l\u2019Empire\u00bb. Son bureau est truff\u00e9 de messages\u00a0: un maillot de rugby, une photo du G\u00e9n\u00e9ral, un sabre de garde royal et une instruction \u00e0 la plume de Joseph Fouch\u00e9, le terrible Duc d\u2019Otrante\u2026<\/p>\n<p>Capable de diss\u00e9quer le grand hell\u00e9niste Vernant<\/p>\n<p class=\"fig-paragraph\">De l\u2019avis des pr\u00e9fets les plus cap\u00e9s du minist\u00e8re, Hugues Moutouh est un homme \u00aben trompe-l\u2019\u0153il\u00bb. Son\u2026<\/p>\n<p class=\"fig-premium-paywall__infos\">\n        Cet article est r\u00e9serv\u00e9 aux abonn\u00e9s.        Il vous reste 90% \u00e0 d\u00e9couvrir.\n    <\/p>\n<p>                <img  data- alt=\"Le Figaro\" class=\"fig-img--complete fig-img\"\/><\/p>\n<p class=\"fig-premium-paywall__title\">Vente Flash<\/p>\n<p class=\"fig-premium-paywall__subtitle\">3,99\u20ac par mois pendant 12 mois. Sans engagement.<\/p>\n<p class=\"fig-premium-paywall__connect\">\n                D\u00e9j\u00e0 abonn\u00e9\u00a0?                <a class=\"fig-premium-paywall__connect-link\" href=\"https:\/\/connect.lefigaro.fr\/login?client=horizon_web&amp;type=main&amp;redirect_uri=https%3A%2F%2Fwww.lefigaro.fr%2Factualite-france%2Fbras-arme-de-bruno-retailleau-le-prefet-hugues-moutouh-remonte-sur-le-ring-pour-secouer-le-cocotier-20250609\" data-js-gtm=\"{&quot;customCategorie&quot;: &quot;conversion&quot;, &quot;customAction&quot;: &quot;before_Landing_Connexion_paywall_auto&quot;, &quot;customLabel&quot;: &quot;bGVmaWdhcm8uZnJfXzFmMDQyZDE5LTBiNjUtNmQ2NC04NTY0LTE1YTUzOWM5ZGNkY19fQXJ0aWNsZQ==_Bras arm\u00e9 de Bruno Retailleau, le pr\u00e9fet Hugues Moutouh remonte sur le ring pour \u00absecouer le cocotier\u00bb_101&quot;, &quot;customIDSPE&quot;: &quot;bGVmaWdhcm8uZnJfXzFmMDQyZDE5LTBiNjUtNmQ2NC04NTY0LTE1YTUzOWM5ZGNkY19fQXJ0aWNsZQ==&quot;, &quot;event&quot;: &quot;customEventSPE&quot;}\" target=\"_blank\" rel=\"noopener\"><br \/>\n                    Connectez-vous<br \/>\n                <\/a>\n            <\/p>\n","protected":false},"excerpt":{"rendered":"PORTRAIT &#8211; Promu secr\u00e9taire g\u00e9n\u00e9ral de Beauvau, cet agr\u00e9g\u00e9 au physique de boxeur a deux ennemis\u00a0: l\u2019islamisme rampant&hellip;\n","protected":false},"author":2,"featured_media":163792,"comment_status":"","ping_status":"","sticky":false,"template":"","format":"standard","meta":{"footnotes":""},"categories":[1359],"tags":[47,1058,1054,1059,1060,1055,1013,58,1057,59,118,1011,27,1061,303,1014,973,1062,656,104,1056,809],"class_list":{"0":"post-163791","1":"post","2":"type-post","3":"status-publish","4":"format-standard","5":"has-post-thumbnail","7":"category-people","8":"tag-actualite","9":"tag-actualite-education","10":"tag-actualite-france","11":"tag-actualite-justice","12":"tag-actualite-securite","13":"tag-actualite-societe","14":"tag-bruno-retailleau","15":"tag-divertissement","16":"tag-education","17":"tag-entertainment","18":"tag-faits-divers","19":"tag-fr","20":"tag-france","21":"tag-immigration","22":"tag-justice","23":"tag-ministere-de-linterieur","24":"tag-people","25":"tag-polemique","26":"tag-securite","27":"tag-societe","28":"tag-societe-francaise","29":"tag-violence"},"share_on_mastodon":{"url":"https:\/\/pubeurope.com\/@fr\/114654743507660922","error":""},"_links":{"self":[{"href":"https:\/\/www.europesays.com\/fr\/wp-json\/wp\/v2\/posts\/163791","targetHints":{"allow":["GET"]}}],"collection":[{"href":"https:\/\/www.europesays.com\/fr\/wp-json\/wp\/v2\/posts"}],"about":[{"href":"https:\/\/www.europesays.com\/fr\/wp-json\/wp\/v2\/types\/post"}],"author":[{"embeddable":true,"href":"https:\/\/www.europesays.com\/fr\/wp-json\/wp\/v2\/users\/2"}],"replies":[{"embeddable":true,"href":"https:\/\/www.europesays.com\/fr\/wp-json\/wp\/v2\/comments?post=163791"}],"version-history":[{"count":0,"href":"https:\/\/www.europesays.com\/fr\/wp-json\/wp\/v2\/posts\/163791\/revisions"}],"wp:featuredmedia":[{"embeddable":true,"href":"https:\/\/www.europesays.com\/fr\/wp-json\/wp\/v2\/media\/163792"}],"wp:attachment":[{"href":"https:\/\/www.europesays.com\/fr\/wp-json\/wp\/v2\/media?parent=163791"}],"wp:term":[{"taxonomy":"category","embeddable":true,"href":"https:\/\/www.europesays.com\/fr\/wp-json\/wp\/v2\/categories?post=163791"},{"taxonomy":"post_tag","embeddable":true,"href":"https:\/\/www.europesays.com\/fr\/wp-json\/wp\/v2\/tags?post=163791"}],"curies":[{"name":"wp","href":"https:\/\/api.w.org\/{rel}","templated":true}]}}