{"id":163795,"date":"2025-06-09T18:09:24","date_gmt":"2025-06-09T18:09:24","guid":{"rendered":"https:\/\/www.europesays.com\/fr\/163795\/"},"modified":"2025-06-09T18:09:24","modified_gmt":"2025-06-09T18:09:24","slug":"les-enfants-nes-en-2025-vont-recevoir-un-livre-offert-par-le-departement","status":"publish","type":"post","link":"https:\/\/www.europesays.com\/fr\/163795\/","title":{"rendered":"Les enfants n\u00e9s en 2025 vont recevoir un livre offert par le D\u00e9partement"},"content":{"rendered":"<p>\t\t\t\t\t\t\t<img width=\"690\" height=\"400\" src=\"https:\/\/www.europesays.com\/fr\/wp-content\/uploads\/2025\/06\/Distribution_de_l_album_Le_Nid__c__Departement_49-690x400.jpg\" class=\"attachment-meed-single-thumb size-meed-single-thumb wp-post-image\" alt=\"Les enfants n\u00e9s en 2025 vont recevoir un livre offert par le D\u00e9partement\" decoding=\"async\" fetchpriority=\"high\" data-attachment-id=\"83302\" data-permalink=\"https:\/\/www.angers.villactu.fr\/les-enfants-nes-en-2025-vont-recevoir-un-livre-offert-par-le-departement\/distribution_de_l_album_le_nid__c__departement_49\/\" data-orig-file=\"https:\/\/www.europesays.com\/fr\/wp-content\/uploads\/2025\/06\/Distribution_de_l_album_Le_Nid__c__Departement_49.jpg\" data-orig-size=\"780,440\" data-comments-opened=\"1\" data-image-meta=\"{&quot;aperture&quot;:&quot;0&quot;,&quot;credit&quot;:&quot;&quot;,&quot;camera&quot;:&quot;&quot;,&quot;caption&quot;:&quot;&quot;,&quot;created_timestamp&quot;:&quot;0&quot;,&quot;copyright&quot;:&quot;&quot;,&quot;focal_length&quot;:&quot;0&quot;,&quot;iso&quot;:&quot;0&quot;,&quot;shutter_speed&quot;:&quot;0&quot;,&quot;title&quot;:&quot;&quot;,&quot;orientation&quot;:&quot;1&quot;}\" data-image-title=\"Distribution_de_l_album_Le_Nid__c__Departement_49\" data-image-description=\"\" data-image-caption=\"&lt;p&gt;La pr\u00e9sidence du D\u00e9partement a distribu\u00e9 des livres aux enfants ce samedi 7 juin 2025 \u2013 \u00a9 D\u00e9partement Maine-et-Loire&lt;\/p&gt;&#10;\" data-medium-file=\"https:\/\/a2x2y5u6.delivery.rocketcdn.me\/wp-content\/uploads\/2025\/06\/Distribution_de_l_album_Le_Nid__c__Departement_49-300x169.jpg\" data-large-file=\"https:\/\/a2x2y5u6.delivery.rocketcdn.me\/wp-content\/uploads\/2025\/06\/Distribution_de_l_album_Le_Nid__c__Departement_49-780x440.jpg\"\/>\t\t\t\t\t\t<\/p>\n<p>\t\t\t\t\t<a href=\"https:\/\/www.angers.villactu.fr\/culture\/\" rel=\"category tag noopener\" target=\"_blank\">Culture<\/a><\/p>\n<p>\t\t\t\t\t9 juin 2025<\/p>\n<p>\t\t\t\t\t\tDans le cadre de l\u2019op\u00e9ration nationale \u00ab Premi\u00e8res pages \u00bb lanc\u00e9e il y a quelques ann\u00e9es par le minist\u00e8re de la Culture, le D\u00e9partement de Maine-et-Loire va distribuer gratuitement l\u2019album \u00ab Le Nid \u00bb.<br \/>\n<img loading=\"lazy\" decoding=\"async\" aria-describedby=\"caption-attachment-83302\" data-attachment-id=\"83302\" data-permalink=\"https:\/\/www.angers.villactu.fr\/les-enfants-nes-en-2025-vont-recevoir-un-livre-offert-par-le-departement\/distribution_de_l_album_le_nid__c__departement_49\/\" data-orig-file=\"https:\/\/www.europesays.com\/fr\/wp-content\/uploads\/2025\/06\/Distribution_de_l_album_Le_Nid__c__Departement_49.jpg\" data-orig-size=\"780,440\" data-comments-opened=\"1\" data-image-meta=\"{&quot;aperture&quot;:&quot;0&quot;,&quot;credit&quot;:&quot;&quot;,&quot;camera&quot;:&quot;&quot;,&quot;caption&quot;:&quot;&quot;,&quot;created_timestamp&quot;:&quot;0&quot;,&quot;copyright&quot;:&quot;&quot;,&quot;focal_length&quot;:&quot;0&quot;,&quot;iso&quot;:&quot;0&quot;,&quot;shutter_speed&quot;:&quot;0&quot;,&quot;title&quot;:&quot;&quot;,&quot;orientation&quot;:&quot;1&quot;}\" data-image-title=\"Distribution_de_l_album_Le_Nid__c__Departement_49\" data-image-description=\"\" data-image-caption=\"&lt;p&gt;La pr\u00e9sidence du D\u00e9partement a distribu\u00e9 des livres aux enfants ce samedi 7 juin 2025 \u2013 \u00a9 D\u00e9partement Maine-et-Loire&lt;\/p&gt;&#10;\" data-medium-file=\"https:\/\/a2x2y5u6.delivery.rocketcdn.me\/wp-content\/uploads\/2025\/06\/Distribution_de_l_album_Le_Nid__c__Departement_49-300x169.jpg\" data-large-file=\"https:\/\/a2x2y5u6.delivery.rocketcdn.me\/wp-content\/uploads\/2025\/06\/Distribution_de_l_album_Le_Nid__c__Departement_49-780x440.jpg\" class=\"size-full wp-image-83302\" src=\"https:\/\/www.europesays.com\/fr\/wp-content\/uploads\/2025\/06\/Distribution_de_l_album_Le_Nid__c__Departement_49.jpg\" alt=\"\" width=\"780\" height=\"440\"  \/><\/p>\n<p id=\"caption-attachment-83302\" class=\"wp-caption-text\">La pr\u00e9sidente du D\u00e9partement a distribu\u00e9 des livres aux enfants ce samedi 7 juin 2025 \u2013 \u00a9 D\u00e9partement Maine-et-Loire<\/p>\n<p>Afin de donner le go\u00fbt de la lecture d\u00e8s le plus jeune \u00e2ge, le D\u00e9partement, avec le soutien du minist\u00e8re de la Culture, va offrir un livre \u00e0 tous les enfants n\u00e9s en 2025. Au total, 4 500 exemplaires de l\u2019album Le Nid de La\u00ebtitia Le Saux et St\u00e9phane Servant, publi\u00e9 aux \u00e9ditions Didier Jeunesse, vont \u00eatre distribu\u00e9s.<\/p>\n<p>Cet album aborde les th\u00e8mes de l\u2019attente d\u2019un enfant, puis de son arriv\u00e9e au monde. Pour faciliter l\u2019acc\u00e8s au livre \u00e0 toutes les familles, des exemplaires seront distribu\u00e9s gratuitement dans les m\u00e9diath\u00e8ques et biblioth\u00e8ques, les Maisons d\u00e9partementales des solidarit\u00e9s et les Maisons du D\u00e9partement.<\/p>\n<p>Tous les parents accueillant un nouvel enfant en 2025 re\u00e7oivent automatiquement un bon de retrait pour cet album jeunesse, en accompagnement du courrier de naissance du service de la Protection maternelle et infantile du D\u00e9partement.<\/p>\n<p>Pour savoir o\u00f9 il est possible r\u00e9cup\u00e9rer un album, il existe <a href=\"https:\/\/www.maine-et-loire.fr\/aides-et-services\/culture-et-patrimoine\/jeune-pousse#before_14060\" target=\"_blank\" rel=\"noopener\">une carte interactive des lieux de distribution disponible sur le site du BiblioP\u00f4le de Maine-et-Loire<\/a>.<\/p>\n<p>\u00a0<\/p>\n<p>Suivez toute l\u2019actualit\u00e9 d\u2019Angers sur la <a href=\"https:\/\/www.whatsapp.com\/channel\/0029VadHJ7CFXUuTxNomHm24\" target=\"_blank\" rel=\"noopener\">cha\u00eene WhatsApp<\/a> d\u2019Angers Villactu.<\/p>\n","protected":false},"excerpt":{"rendered":"Culture 9 juin 2025 Dans le cadre de l\u2019op\u00e9ration nationale \u00ab Premi\u00e8res pages \u00bb lanc\u00e9e il y a&hellip;\n","protected":false},"author":2,"featured_media":163796,"comment_status":"","ping_status":"","sticky":false,"template":"","format":"standard","meta":{"footnotes":""},"categories":[1357],"tags":[1438,1379,58,1057,59,1011,27,2003,1380,13291],"class_list":{"0":"post-163795","1":"post","2":"type-post","3":"status-publish","4":"format-standard","5":"has-post-thumbnail","7":"category-livres","8":"tag-angers","9":"tag-books","10":"tag-divertissement","11":"tag-education","12":"tag-entertainment","13":"tag-fr","14":"tag-france","15":"tag-livre","16":"tag-livres","17":"tag-maine-et-loire"},"share_on_mastodon":{"url":"https:\/\/pubeurope.com\/@fr\/114654751204481606","error":""},"_links":{"self":[{"href":"https:\/\/www.europesays.com\/fr\/wp-json\/wp\/v2\/posts\/163795","targetHints":{"allow":["GET"]}}],"collection":[{"href":"https:\/\/www.europesays.com\/fr\/wp-json\/wp\/v2\/posts"}],"about":[{"href":"https:\/\/www.europesays.com\/fr\/wp-json\/wp\/v2\/types\/post"}],"author":[{"embeddable":true,"href":"https:\/\/www.europesays.com\/fr\/wp-json\/wp\/v2\/users\/2"}],"replies":[{"embeddable":true,"href":"https:\/\/www.europesays.com\/fr\/wp-json\/wp\/v2\/comments?post=163795"}],"version-history":[{"count":0,"href":"https:\/\/www.europesays.com\/fr\/wp-json\/wp\/v2\/posts\/163795\/revisions"}],"wp:featuredmedia":[{"embeddable":true,"href":"https:\/\/www.europesays.com\/fr\/wp-json\/wp\/v2\/media\/163796"}],"wp:attachment":[{"href":"https:\/\/www.europesays.com\/fr\/wp-json\/wp\/v2\/media?parent=163795"}],"wp:term":[{"taxonomy":"category","embeddable":true,"href":"https:\/\/www.europesays.com\/fr\/wp-json\/wp\/v2\/categories?post=163795"},{"taxonomy":"post_tag","embeddable":true,"href":"https:\/\/www.europesays.com\/fr\/wp-json\/wp\/v2\/tags?post=163795"}],"curies":[{"name":"wp","href":"https:\/\/api.w.org\/{rel}","templated":true}]}}