{"id":163797,"date":"2025-06-09T18:10:12","date_gmt":"2025-06-09T18:10:12","guid":{"rendered":"https:\/\/www.europesays.com\/fr\/163797\/"},"modified":"2025-06-09T18:10:12","modified_gmt":"2025-06-09T18:10:12","slug":"itc-du-10-juin-2025-en-avance-romain-valdine-est-de-retour","status":"publish","type":"post","link":"https:\/\/www.europesays.com\/fr\/163797\/","title":{"rendered":"ITC du 10 juin 2025 en avance &#8211; Romain Valdine est de retour&#8230;"},"content":{"rendered":"<p id=\"descriptionPanel\" aria-labelledby=\"descriptionArrow\" aria-expanded=\"false\" class=\"mr-2 line-clamp-2 pr-2.5 text-secondary overflow-visible\">Les \u00e9l\u00e8ves de l&rsquo;Institut m\u00e8nent leur propre enqu\u00eate pour tenter de d\u00e9masquer l&#8217;empoisonneur. En suivant une piste, Tom Azem a surpris l&rsquo;une de ses ex avec Romain Valdine, le chef qui avait manipul\u00e9 plusieurs \u00e9tudiantes par pure perversion. Une d\u00e9couverte qui donne froid dans le dos aux \u00e9l\u00e8ves&#8230; Romain a une bonne raison d&rsquo;en vouloir \u00e0 l&rsquo;\u00e9cole, et en particulier \u00e0 Emi et Billie. Aurait-il pu vouloir se venger quitte \u00e0 risquer la vie de plusieurs personnes ? Premi\u00e8res minutes de l&rsquo;\u00e9pisode 1194 du 10 juin 2025 en avance. Retrouvez \u00ab\u00a0Ici tout commence\u00a0\u00bb, du lundi au vendredi \u00e0 18h35 sur TF1. Retrouvez tous les \u00e9pisodes, extraits et bonus tous les jours sur TF1+.<\/p>\n<p><a class=\"shrink-0\" href=\"https:\/\/www.tf1.fr\/tf1\/ici-tout-commence\" target=\"_blank\" rel=\"noopener\"><img decoding=\"async\" src=\"https:\/\/www.europesays.com\/fr\/wp-content\/uploads\/2025\/05\/program-card-portrait-1-0d2bc5-87b354-0@1x.jpg\" width=\"138\" height=\"184\" alt=\"\" loading=\"eager\" fetchpriority=\"auto\" class=\"aspect-[3\/4] h-24 w-auto rounded-3px\" aria-hidden=\"true\"\/><\/a><\/p>\n","protected":false},"excerpt":{"rendered":"Les \u00e9l\u00e8ves de l&rsquo;Institut m\u00e8nent leur propre enqu\u00eate pour tenter de d\u00e9masquer l&#8217;empoisonneur. En suivant une piste, Tom&hellip;\n","protected":false},"author":2,"featured_media":163798,"comment_status":"","ping_status":"","sticky":false,"template":"","format":"standard","meta":{"footnotes":""},"categories":[1356],"tags":[58,59,3483,14231,1011,27,620,14232,14234,252,1364,14235,14233],"class_list":{"0":"post-163797","1":"post","2":"type-post","3":"status-publish","4":"format-standard","5":"has-post-thumbnail","7":"category-television","8":"tag-divertissement","9":"tag-entertainment","10":"tag-extrait","11":"tag-extrait-ici-tout-commence","12":"tag-fr","13":"tag-france","14":"tag-ici-tout-commence","15":"tag-ici-tout-commence-extrait","16":"tag-streaming-ici-tout-commence","17":"tag-television","18":"tag-tv","19":"tag-video-en-streaming-ici-tout-commence","20":"tag-video-ici-tout-commence"},"share_on_mastodon":{"url":"","error":""},"_links":{"self":[{"href":"https:\/\/www.europesays.com\/fr\/wp-json\/wp\/v2\/posts\/163797","targetHints":{"allow":["GET"]}}],"collection":[{"href":"https:\/\/www.europesays.com\/fr\/wp-json\/wp\/v2\/posts"}],"about":[{"href":"https:\/\/www.europesays.com\/fr\/wp-json\/wp\/v2\/types\/post"}],"author":[{"embeddable":true,"href":"https:\/\/www.europesays.com\/fr\/wp-json\/wp\/v2\/users\/2"}],"replies":[{"embeddable":true,"href":"https:\/\/www.europesays.com\/fr\/wp-json\/wp\/v2\/comments?post=163797"}],"version-history":[{"count":0,"href":"https:\/\/www.europesays.com\/fr\/wp-json\/wp\/v2\/posts\/163797\/revisions"}],"wp:featuredmedia":[{"embeddable":true,"href":"https:\/\/www.europesays.com\/fr\/wp-json\/wp\/v2\/media\/163798"}],"wp:attachment":[{"href":"https:\/\/www.europesays.com\/fr\/wp-json\/wp\/v2\/media?parent=163797"}],"wp:term":[{"taxonomy":"category","embeddable":true,"href":"https:\/\/www.europesays.com\/fr\/wp-json\/wp\/v2\/categories?post=163797"},{"taxonomy":"post_tag","embeddable":true,"href":"https:\/\/www.europesays.com\/fr\/wp-json\/wp\/v2\/tags?post=163797"}],"curies":[{"name":"wp","href":"https:\/\/api.w.org\/{rel}","templated":true}]}}