{"id":163805,"date":"2025-06-09T18:14:09","date_gmt":"2025-06-09T18:14:09","guid":{"rendered":"https:\/\/www.europesays.com\/fr\/163805\/"},"modified":"2025-06-09T18:14:09","modified_gmt":"2025-06-09T18:14:09","slug":"mamadou-sakho-interpelle-la-france-pour","status":"publish","type":"post","link":"https:\/\/www.europesays.com\/fr\/163805\/","title":{"rendered":"Mamadou Sakho interpelle la France pour &#8230;"},"content":{"rendered":"<p><img width=\"768\" height=\"410\" src=\"https:\/\/www.europesays.com\/fr\/wp-content\/uploads\/2025\/06\/AA1Ab5vf.jpeg\" class=\"attachment-jannah-image-post size-jannah-image-post wp-post-image\" alt=\"Mamadou Sakho\" is_main_img=\"1\" decoding=\"async\" fetchpriority=\"high\"  \/><\/p>\n<p>L\u2019ancien capitaine embl\u00e9matique du <strong>PSG<\/strong>,<br \/>\n<strong>Mamadou Sakho<\/strong>, a r\u00e9cemment pris la parole sur RMC<br \/>\nSport pour lancer un appel vibrant en faveur d\u2019<strong>Ousmane<br \/>\nDemb\u00e9l\u00e9<\/strong> dans la course au <strong>Ballon<br \/>\nd\u2019Or<\/strong>.<\/p>\n<p>Pour <strong>Mamadou Sakho<\/strong>, le d\u00e9bat autour du prochain<br \/>\n<strong>Ballon d\u2019Or<\/strong> ne devrait m\u00eame pas exister concernant<br \/>\nla star parisienne. Il a fermement d\u00e9clar\u00e9 : \u00ab\u00a0Pour moi,<br \/>\ntous les Fran\u00e7ais doivent soutenir Demb\u00e9l\u00e9, point<br \/>\nbarre\u00ab\u00a0. Cette affirmation sans \u00e9quivoque met en lumi\u00e8re<br \/>\nson incompr\u00e9hension face aux doutes \u00e9mis par certains observateurs<br \/>\net journalistes fran\u00e7ais. L\u2019ancien d\u00e9fenseur international a<br \/>\ninsist\u00e9 sur la saison exceptionnelle r\u00e9alis\u00e9e par <strong>Ousmane<br \/>\nDemb\u00e9l\u00e9<\/strong>, notamment avec le <strong><a href=\"https:\/\/canal-supporters.com\/\" target=\"_blank\" rel=\"noopener\">Paris Saint-Germain<\/a><\/strong> et<br \/>\nson r\u00f4le cl\u00e9 dans le parcours victorieux du club. Il regrette que,<br \/>\ndans son propre pays, on puisse encore remettre en question la<br \/>\nl\u00e9gitimit\u00e9 d\u2019un joueur fran\u00e7ais ayant \u00ab\u00a0tout gagn\u00e9\u00a0\u00bb et<br \/>\nr\u00e9alis\u00e9 une telle performance.<\/p>\n<p>La rivalit\u00e9 avec Lamine Yamal et<br \/>\nl\u2019imp\u00e9ratif national<\/p>\n<p>Face \u00e0 la pression de la presse espagnole qui milite activement<br \/>\npour <strong>Lamine Yamal<\/strong>, <strong>Mamadou Sakho<\/strong><br \/>\nrappelle avec force la nationalit\u00e9 de <strong>Ousmane<br \/>\nDemb\u00e9l\u00e9<\/strong> : \u00ab\u00a0Lamine Yamal, c\u2019est un Espagnol. On<br \/>\nest Fran\u00e7ais, je suis Fran\u00e7ais. Et je veux qu\u2019un joueur fran\u00e7ais<br \/>\nqui a fait une saison exceptionnelle, qui a tout gagn\u00e9, doit avoir<br \/>\nle Ballon d\u2019Or\u00ab\u00a0, insiste <strong>Mamadou Sakho<\/strong>,<br \/>\ntoujours au micro d\u2019<a href=\"https:\/\/rmcsport.bfmtv.com\/football\/ballon-d-or\/ballon-d-or-tous-les-francais-doivent-soutenir-dembele-mamadou-sakho-deplore-le-manque-d-unite-derriere-la-star-du-psg_AV-202506090406.html\" target=\"_blank\" rel=\"noopener\">RMC<br \/>\nSport<\/a>. Pour lui, il est crucial que la France fasse front<br \/>\ncommun derri\u00e8re son repr\u00e9sentant. <strong>Didier<br \/>\nDeschamps<\/strong>, <strong>Kylian Mbapp\u00e9<\/strong> et d\u2019autres<br \/>\nco\u00e9quipiers des Bleus ont d\u00e9j\u00e0 affich\u00e9 publiquement leur<br \/>\nsoutien \u00e0 <strong>Ousmane Demb\u00e9l\u00e9<\/strong>. Cependant, la position<br \/>\nde certains m\u00e9dias sportifs, qui penchent davantage pour le jeune<br \/>\nprodige espagnol, irrite <strong>Mamadou Sakho<\/strong>, qui estime<br \/>\nqu\u2019il est temps de \u00ab\u00a0faire corps tous<br \/>\nensemble\u00ab\u00a0.<\/p>\n<\/p>\n<p>YouTube : <a href=\"https:\/\/www.youtube.com\/watch?v=YdKSZVRKx4Q&amp;t=1223s\" target=\"_blank\" rel=\"noopener\">Canal<br \/>\nSupporters Paris<\/a><\/p>\n","protected":false},"excerpt":{"rendered":"L\u2019ancien capitaine embl\u00e9matique du PSG, Mamadou Sakho, a r\u00e9cemment pris la parole sur RMC Sport pour lancer un&hellip;\n","protected":false},"author":2,"featured_media":163806,"comment_status":"","ping_status":"","sticky":false,"template":"","format":"standard","meta":{"footnotes":""},"categories":[9],"tags":[21967,454,81,12732,29650,29651,1011,27,15066,29652,29653,2782,91,92,93,29654,29655,60,96],"class_list":{"0":"post-163805","1":"post","2":"type-post","3":"status-publish","4":"format-standard","5":"has-post-thumbnail","7":"category-sports","8":"tag-ballon-dor-2025","9":"tag-ballon-dor","10":"tag-canal-supporters","11":"tag-dembele","12":"tag-dembele-ballon-dor","13":"tag-dembouz","14":"tag-fr","15":"tag-france","16":"tag-mamadou-sakho","17":"tag-mamadou-sakho-psg","18":"tag-ousmane-ballon-dor","19":"tag-ousmane-dembele","20":"tag-paris-saint-germain","21":"tag-paris-sg","22":"tag-psg","23":"tag-sakho","24":"tag-sakho-psg","25":"tag-sports","26":"tag-une"},"share_on_mastodon":{"url":"https:\/\/pubeurope.com\/@fr\/114654770946661750","error":""},"_links":{"self":[{"href":"https:\/\/www.europesays.com\/fr\/wp-json\/wp\/v2\/posts\/163805","targetHints":{"allow":["GET"]}}],"collection":[{"href":"https:\/\/www.europesays.com\/fr\/wp-json\/wp\/v2\/posts"}],"about":[{"href":"https:\/\/www.europesays.com\/fr\/wp-json\/wp\/v2\/types\/post"}],"author":[{"embeddable":true,"href":"https:\/\/www.europesays.com\/fr\/wp-json\/wp\/v2\/users\/2"}],"replies":[{"embeddable":true,"href":"https:\/\/www.europesays.com\/fr\/wp-json\/wp\/v2\/comments?post=163805"}],"version-history":[{"count":0,"href":"https:\/\/www.europesays.com\/fr\/wp-json\/wp\/v2\/posts\/163805\/revisions"}],"wp:featuredmedia":[{"embeddable":true,"href":"https:\/\/www.europesays.com\/fr\/wp-json\/wp\/v2\/media\/163806"}],"wp:attachment":[{"href":"https:\/\/www.europesays.com\/fr\/wp-json\/wp\/v2\/media?parent=163805"}],"wp:term":[{"taxonomy":"category","embeddable":true,"href":"https:\/\/www.europesays.com\/fr\/wp-json\/wp\/v2\/categories?post=163805"},{"taxonomy":"post_tag","embeddable":true,"href":"https:\/\/www.europesays.com\/fr\/wp-json\/wp\/v2\/tags?post=163805"}],"curies":[{"name":"wp","href":"https:\/\/api.w.org\/{rel}","templated":true}]}}