{"id":163809,"date":"2025-06-09T18:16:10","date_gmt":"2025-06-09T18:16:10","guid":{"rendered":"https:\/\/www.europesays.com\/fr\/163809\/"},"modified":"2025-06-09T18:16:10","modified_gmt":"2025-06-09T18:16:10","slug":"la-traque-des-axions-nouvelle-coqueluche-des-physiciens","status":"publish","type":"post","link":"https:\/\/www.europesays.com\/fr\/163809\/","title":{"rendered":"La traque des axions, nouvelle coqueluche des physiciens"},"content":{"rendered":"\n<p class=\"article__paragraph article__paragraph--lf \">La chasse est ouverte. Des centaines de \u00ab\u00a0chercheurs-cueilleurs\u00a0\u00bb du monde entier se lancent dans la traque d\u2019une nouvelle particule invisible, ultral\u00e9g\u00e8re, au comportement d\u00e9routant, et encore jamais vue\u00a0: l\u2019axion. Il serait omnipr\u00e9sent autour et tr\u00e8s loin de nous dans tout l\u2019Univers. Une bouteille de 1\u00a0litre en contiendrait quelques milliards de milliards, soit dix mille fois moins que le nombre de mol\u00e9cules dans un m\u00eame volume d\u2019air.<\/p>\n<p class=\"article__paragraph article__paragraph--lf \">Malgr\u00e9 cette (relative)<strong> <\/strong>petite densit\u00e9, ses effets seraient tr\u00e8s importants. A grande \u00e9chelle, celle de l\u2019Univers, l\u2019union des axions fait la force. Cette substance assurerait en effet la coh\u00e9sion des galaxies, \u00ab\u00a0tenant\u00a0\u00bb par la gravit\u00e9 les \u00e9toiles en p\u00e9riph\u00e9rie et les emp\u00eachant de filer. Autrement dit, l\u2019axion pourrait constituer une part de la mati\u00e8re noire que les astronomes cherchent depuis des dizaines d\u2019ann\u00e9es, et qui repr\u00e9sente tout de m\u00eame un bon quart de tout l\u2019Univers.<\/p>\n<p class=\"article__paragraph article__paragraph--lf \">A l\u2019oppos\u00e9, aux tr\u00e8s petites \u00e9chelles, dans l\u2019infiniment petit, ce poids plume r\u00e9soudrait une anomalie fondamentale du mod\u00e8le qui d\u00e9crit toutes les particules, sur laquelle nous reviendrons. L\u2019axion a d\u2019ailleurs \u00e9t\u00e9 invent\u00e9 par deux physiciens de Stanford (Californie) en\u00a01977, <a href=\"https:\/\/doi.org\/10.1103\/PhysRevD.16.1791\" target=\"_blank\" rel=\"noopener nofollow\" title=\"Nouvelle fen\u00eatre\">Roberto Peccei et Helen Quinn<\/a>, comme solution \u00e0 ce probl\u00e8me. Quelques mois plus tard, le <a href=\"https:\/\/www.lemonde.fr\/archives\/article\/2004\/10\/06\/la-force-des-quarks-honoree_381947_1819218.html\" target=\"_blank\" rel=\"noopener nofollow\" title=\"Nouvelle fen\u00eatre\">futur Nobel de physique<\/a> <a href=\"https:\/\/journals.aps.org\/prl\/abstract\/10.1103\/PhysRevLett.40.279\" target=\"_blank\" rel=\"noopener nofollow\" title=\"Nouvelle fen\u00eatre\">Frank Wilczek<\/a> lui donnait ce nom de marque de d\u00e9tergent.<\/p>\n<p>                              Lire aussi |  Article r\u00e9serv\u00e9 \u00e0 nos abonn\u00e9s  <a href=\"https:\/\/www.lemonde.fr\/sciences\/article\/2025\/04\/15\/la-masse-du-neutrino-se-precise-1-million-de-fois-inferieure-a-celle-de-l-electron_6596318_1650684.html\" class=\"js-article-read-also catcher--favoris__link\" data-premium=\"1\" id=\"article-title-3418110\" rel=\"nofollow noopener\" target=\"_blank\">La masse du neutrino se pr\u00e9cise\u00a0: 1\u00a0million de fois inf\u00e9rieure \u00e0 celle de l\u2019\u00e9lectron<\/a>    <\/p>\n<p>   Lire plus tard  <\/p>\n<p class=\"article__paragraph article__paragraph--lf \">Dans la grande famille des particules hypoth\u00e9tiques n\u00e9es des cerveaux cr\u00e9atifs des physiciens, l\u2019axion est ce qu\u2019on appelle un \u00ab\u00a0Wisp\u00a0\u00bb, qui veut dire \u00ab\u00a0fr\u00eale\u00a0\u00bb et est aussi un acronyme, Weakly Interactive Slender Particle (\u00ab\u00a0particule maigre interagissant faiblement\u00a0\u00bb). Il p\u00e8serait moins qu\u2019un neutrino, pourtant r\u00e9put\u00e9 pour \u00eatre particuli\u00e8rement l\u00e9ger. Et des millions voire des milliards de fois moins qu\u2019un \u00e9lectron.<\/p>\n<p class=\"reading-mode-only \"><strong>Il vous reste 89.53% de cet article \u00e0 lire. La suite est r\u00e9serv\u00e9e aux abonn\u00e9s.<\/strong><\/p>\n","protected":false},"excerpt":{"rendered":"La chasse est ouverte. Des centaines de \u00ab\u00a0chercheurs-cueilleurs\u00a0\u00bb du monde entier se lancent dans la traque d\u2019une nouvelle&hellip;\n","protected":false},"author":2,"featured_media":163810,"comment_status":"","ping_status":"","sticky":false,"template":"","format":"standard","meta":{"footnotes":""},"categories":[7],"tags":[1011,27,43,40,41,39,42,44],"class_list":{"0":"post-163809","1":"post","2":"type-post","3":"status-publish","4":"format-standard","5":"has-post-thumbnail","7":"category-sciences-et-technologies","8":"tag-fr","9":"tag-france","10":"tag-science","11":"tag-science-and-technology","12":"tag-sciences","13":"tag-sciences-et-technologies","14":"tag-technologies","15":"tag-technology"},"share_on_mastodon":{"url":"https:\/\/pubeurope.com\/@fr\/114654778747106042","error":""},"_links":{"self":[{"href":"https:\/\/www.europesays.com\/fr\/wp-json\/wp\/v2\/posts\/163809","targetHints":{"allow":["GET"]}}],"collection":[{"href":"https:\/\/www.europesays.com\/fr\/wp-json\/wp\/v2\/posts"}],"about":[{"href":"https:\/\/www.europesays.com\/fr\/wp-json\/wp\/v2\/types\/post"}],"author":[{"embeddable":true,"href":"https:\/\/www.europesays.com\/fr\/wp-json\/wp\/v2\/users\/2"}],"replies":[{"embeddable":true,"href":"https:\/\/www.europesays.com\/fr\/wp-json\/wp\/v2\/comments?post=163809"}],"version-history":[{"count":0,"href":"https:\/\/www.europesays.com\/fr\/wp-json\/wp\/v2\/posts\/163809\/revisions"}],"wp:featuredmedia":[{"embeddable":true,"href":"https:\/\/www.europesays.com\/fr\/wp-json\/wp\/v2\/media\/163810"}],"wp:attachment":[{"href":"https:\/\/www.europesays.com\/fr\/wp-json\/wp\/v2\/media?parent=163809"}],"wp:term":[{"taxonomy":"category","embeddable":true,"href":"https:\/\/www.europesays.com\/fr\/wp-json\/wp\/v2\/categories?post=163809"},{"taxonomy":"post_tag","embeddable":true,"href":"https:\/\/www.europesays.com\/fr\/wp-json\/wp\/v2\/tags?post=163809"}],"curies":[{"name":"wp","href":"https:\/\/api.w.org\/{rel}","templated":true}]}}