{"id":163817,"date":"2025-06-09T18:21:11","date_gmt":"2025-06-09T18:21:11","guid":{"rendered":"https:\/\/www.europesays.com\/fr\/163817\/"},"modified":"2025-06-09T18:21:11","modified_gmt":"2025-06-09T18:21:11","slug":"la-gastronomie-stephanoise-descend-dans-la-rue","status":"publish","type":"post","link":"https:\/\/www.europesays.com\/fr\/163817\/","title":{"rendered":"la gastronomie st\u00e9phanoise descend dans la rue"},"content":{"rendered":"<p>Compos\u00e9 de cuisiniers de tous horizons (\u00e9toil\u00e9s ou de food-truck, de brasserie ou de restaurant gastronomique, traiteurs ou \u00e0 domicile), le collectif des Tables st\u00e9phanoises, cr\u00e9\u00e9 en 2024 \u00e0 l\u2019initiative d\u2019Antoine Martinez, a pour vocation de partager \u00ab\u00a0l\u2019amour du terroir et du territoire\u00a0\u00bb.<\/p>\n<p>Une premi\u00e8re \u00e9dition sous le th\u00e8me de la street food<\/p>\n<p>\u00ab\u00a0L\u2019objectif des <a href=\"https:\/\/www.leprogres.fr\/economie\/2024\/09\/22\/gastronomie-lutter-contre-la-beauseigne-attitude\" target=\"_blank\" rel=\"nofollow noopener\">Tables st\u00e9phanoises<\/a> est de lutter contre la beauseigne attitude, explique le chef de la Java bleue. Nous sommes de bons cuisiniers, avec des valeurs positives, unis par le fait maison et le travail de produits frais et&#8230;<\/p>\n","protected":false},"excerpt":{"rendered":"Compos\u00e9 de cuisiniers de tous horizons (\u00e9toil\u00e9s ou de food-truck, de brasserie ou de restaurant gastronomique, traiteurs ou&hellip;\n","protected":false},"author":2,"featured_media":163818,"comment_status":"","ping_status":"","sticky":false,"template":"","format":"standard","meta":{"footnotes":""},"categories":[9653],"tags":[1111,11,2430,1687,7539,1777,674,3326,1011,27,3367,6016,12,25,4001,7538],"class_list":{"0":"post-163817","1":"post","2":"type-post","3":"status-publish","4":"format-standard","5":"has-post-thumbnail","7":"category-saint-etienne","8":"tag-actu","9":"tag-actualites","10":"tag-auvergne-rhone-alpes","11":"tag-culture-loisirs","12":"tag-edition-loire-sud","13":"tag-eu","14":"tag-europe","15":"tag-fete-locale","16":"tag-fr","17":"tag-france","18":"tag-loire","19":"tag-magazine-cuisine-et-vins","20":"tag-news","21":"tag-republique-francaise","22":"tag-saint-etienne","23":"tag-saint-etienne-ville"},"share_on_mastodon":{"url":"https:\/\/pubeurope.com\/@fr\/114654798439244746","error":""},"_links":{"self":[{"href":"https:\/\/www.europesays.com\/fr\/wp-json\/wp\/v2\/posts\/163817","targetHints":{"allow":["GET"]}}],"collection":[{"href":"https:\/\/www.europesays.com\/fr\/wp-json\/wp\/v2\/posts"}],"about":[{"href":"https:\/\/www.europesays.com\/fr\/wp-json\/wp\/v2\/types\/post"}],"author":[{"embeddable":true,"href":"https:\/\/www.europesays.com\/fr\/wp-json\/wp\/v2\/users\/2"}],"replies":[{"embeddable":true,"href":"https:\/\/www.europesays.com\/fr\/wp-json\/wp\/v2\/comments?post=163817"}],"version-history":[{"count":0,"href":"https:\/\/www.europesays.com\/fr\/wp-json\/wp\/v2\/posts\/163817\/revisions"}],"wp:featuredmedia":[{"embeddable":true,"href":"https:\/\/www.europesays.com\/fr\/wp-json\/wp\/v2\/media\/163818"}],"wp:attachment":[{"href":"https:\/\/www.europesays.com\/fr\/wp-json\/wp\/v2\/media?parent=163817"}],"wp:term":[{"taxonomy":"category","embeddable":true,"href":"https:\/\/www.europesays.com\/fr\/wp-json\/wp\/v2\/categories?post=163817"},{"taxonomy":"post_tag","embeddable":true,"href":"https:\/\/www.europesays.com\/fr\/wp-json\/wp\/v2\/tags?post=163817"}],"curies":[{"name":"wp","href":"https:\/\/api.w.org\/{rel}","templated":true}]}}