{"id":163832,"date":"2025-06-09T18:31:30","date_gmt":"2025-06-09T18:31:30","guid":{"rendered":"https:\/\/www.europesays.com\/fr\/163832\/"},"modified":"2025-06-09T18:31:30","modified_gmt":"2025-06-09T18:31:30","slug":"ces-revelations-dune-amie-sur-les-minutes-qui-ont-precede-les-faits-il-nous-rejoignait-au-club","status":"publish","type":"post","link":"https:\/\/www.europesays.com\/fr\/163832\/","title":{"rendered":"ces r\u00e9v\u00e9lations d\u2019une amie sur les minutes qui ont pr\u00e9c\u00e9d\u00e9 les faits, \u201cIl nous rejoignait au club\u201d"},"content":{"rendered":"<p itemprop=\"description\">Disparu depuis le 2 juin 2025 \u00e0 Rouen, le<br \/>\njeune Alexandr, 15 ans, reste introuvable. Inquiets, ses proches<br \/>\nsortent du silence.<\/p>\n<p>EN BREF<\/p>\n<ul class=\"bloc_resume_post_list\">\n<li>\ud83d\uddd3\ufe0f Alexandr Grechanovsky, 15 ans, a disparu le 2 juin<br \/>\n2025 \u00e0 Rouen, o\u00f9 la police a lanc\u00e9 un appel \u00e0 t\u00e9moins.<\/li>\n<li>\ud83d\udea8 Une amie du club de jiu-jitsu a partag\u00e9 un t\u00e9moignage<br \/>\nsur les \u00e9v\u00e9nements pr\u00e9c\u00e9dant sa disparition.<\/li>\n<li>\ud83d\udd0d L\u00a0\u00bbenqu\u00eate se poursuit activement, laissant proches et<br \/>\namis dans l&rsquo;attente d&rsquo;un d\u00e9nouement positif.<\/li>\n<\/ul>\n<p><strong>O\u00f9 se trouve Alexandr Grechanovsky ?<\/strong> Disparu<br \/>\ndepuis le lundi 2 juin 2025, l\u2019adolescent de 15 ans, n\u2019a plus donn\u00e9<br \/>\nsigne de vie. Les enqu\u00eateurs de la police nationale de Rouen ont<br \/>\nlanc\u00e9 <a href=\"https:\/\/www.mariefrance.fr\/faits-divers\/disparition-inquietante-alexandr-15-ans-rouen-lieu-ou-il-a-ete-vu-pour-derniere-fois-1173451.html\" rel=\"nofollow noopener\" target=\"_blank\"><br \/>\nun appel \u00e0 t\u00e9moins<\/a> afin de r\u00e9cup\u00e9rer toute information<br \/>\nsusceptible de le retrouver. Pour les proches du jeune homme,<br \/>\narriv\u00e9 d\u2019Ukraine en France pour \u00e9chapper \u00e0 <a href=\"https:\/\/www.mariefrance.fr\/actualite\/societe\/guerre-livret-a-emmanuel-macron-peut-puiser-compte-epargne-francais-financer-leffort-militaire-1138778.html\" rel=\"nofollow noopener\" target=\"_blank\"><br \/>\nla guerre<\/a>, l\u2019inqui\u00e9tude grandie.<\/p>\n<p>Depuis son arriv\u00e9e en France, Alexandr avait trouv\u00e9 un certain<br \/>\n\u00e9quilibre. H\u00e9berg\u00e9 \u00e0 Saint-\u00c9tienne-du-Rouvray chez un oncle, il<br \/>\n\u00e9tait scolaris\u00e9 au coll\u00e8ge Charles Gounod \u00e0 Canteleu.<br \/>\n\u201c<strong>C\u2019est un gamin g\u00e9nial<\/strong>, bien int\u00e9gr\u00e9, r\u00e9serv\u00e9,<br \/>\nmais tr\u00e8s dr\u00f4le, avec beaucoup d\u2019humour\u201d, t\u00e9moigne un proche<br \/>\nau m\u00e9dia local <a href=\"https:\/\/www.paris-normandie.fr\/id636481\/article\/2025-06-06\/cest-un-gamin-genial-rouen-linquietude-apres-la-disparition-dalexandr-ado-de-15\" target=\"_blank\" rel=\"nofollow noopener\">Paris<br \/>\nNormandie<\/a>. Il s\u2019int\u00e9resse \u00e0 de nombreux domaines,<br \/>\n\u201cparle tr\u00e8s bien fran\u00e7ais\u201d et montre un grand int\u00e9r\u00eat pour<br \/>\nle sport. Une de ses amies rencontr\u00e9es au club de sport t\u00e9moigne<br \/>\ndes minutes qui ont pr\u00e9c\u00e9d\u00e9 sa disparition.<\/p>\n<p><img aria-describedby=\"caption-attachment-1159103\" itemprop=\"thumbnailUrl\" decoding=\"async\" loading=\"lazy\" class=\"size-medium wp-image-1159103 img-responsive\" src=\"https:\/\/www.europesays.com\/fr\/wp-content\/uploads\/2025\/06\/sept-a-huit-ce-reportage-ecoeurant-sur-un-couple-de-petits-vieux-depouille-avant-sa-mort-scandalise-.jpeg\" alt=\"gendarmes\u00a0\" width=\"680\" height=\"383\"\/> \u00a9<br \/>\nShutterstock<\/p>\n<p id=\"caption-attachment-1159103\" class=\"wp-caption-text\">\nAlexandr, 15 ans, arriv\u00e9 en France en 2022 apr\u00e8s avoir fui la<br \/>\nguerre en Ukraine avec sa famille, est introuvable depuis le 2 juin<br \/>\n2025.<\/p>\n<p>Disparition d&rsquo;Alexandr \u00e0 Rouen : les r\u00e9v\u00e9lations d\u2019une<br \/>\namie sur les \u00e9v\u00e9nements qui ont pr\u00e9c\u00e9d\u00e9 les faits<\/p>\n<p>Camille, une amie rencontr\u00e9e au club de jiu-jitsu situ\u00e9 rue<br \/>\nElboeuf \u00e0 Rouen, a partag\u00e9 sur Facebook un t\u00e9moignage bouleversant<br \/>\n: \u201cAlexandre, c&rsquo;est l\u2019un de mes partenaires de JJB pr\u00e9f\u00e9r\u00e9. Il<br \/>\na disparu depuis lundi, alors qu\u2019<strong>il nous rejoignait au<br \/>\nclub<\/strong>. Il a 15 ans, il est adorable\u201d. Sa publication a<br \/>\n\u00e9t\u00e9 partag\u00e9e massivement, contribuant \u00e0 relayer l\u2019appel \u00e0 t\u00e9moins<br \/>\nlanc\u00e9 par la police le 5 juin dernier.<\/p>\n<p>Une proche s\u2019est \u00e9galement exprim\u00e9e aupr\u00e8s de nos confr\u00e8res :<br \/>\n\u201cOn ne sait pas trop ce qui a pu se passer. Connaissant le<br \/>\ncaract\u00e8re d\u2019Alexandr, ce qui est s\u00fbr, c\u2019est qu\u2019<strong>il ne s\u2019agit<br \/>\npas d\u2019une fugue<\/strong>. Depuis lundi, c\u2019est compliqu\u00e9. \u00c7a sera un<br \/>\nsoulagement \u00e9norme de le retrouver\u201d. Que ce soit pour les<br \/>\nproches ou pour les amis du jeune homme, l\u2019incompr\u00e9hension est<br \/>\ntotale dans cette affaire. Une <strong>enqu\u00eate a \u00e9t\u00e9<br \/>\nouverte<\/strong> pour faire la lumi\u00e8re.<\/p>\n<p>Disparition inqui\u00e9tante de<br \/>\nl&rsquo;adolescent : 7 jours apr\u00e8s, ce que l\u2019on sait<\/p>\n<p>Sept jours apr\u00e8s la disparition d\u2019Alexandr Grechanovsky,<br \/>\nl\u2019enqu\u00eate se poursuit activement. La police nationale de<br \/>\nSeine-Maritime multiplie les recherches, tandis que proches et<br \/>\ncamarades esp\u00e8rent un d\u00e9nouement favorable. \u201cC\u2019est un petit<br \/>\ngars qui s\u2019est passionn\u00e9 rapidement pour ce sport. Il \u00e9tait assidu,<br \/>\nil venait tr\u00e8s souvent, plusieurs fois par semaine. <strong>\u00c7a m\u2019a<br \/>\nattrist\u00e9<\/strong> quand j\u2019ai appris sa disparition\u201d, a indiqu\u00e9<br \/>\nS\u00e9bastien, le responsable du club de sport.<\/p>\n<blockquote class=\"twitter-tweet\"><p><a class=\"twitter-link\" rel=\"noindex, nofollow noopener\" href=\"https:\/\/twitter.com\/mariefrancemag\/status\/1930915265652392270\" target=\"_blank\"><\/p><\/blockquote>\n<p>Alexandr est arriv\u00e9 en France le 5 mars 2022. Avec sa famille,<br \/>\n<strong>ses deux parents et sa petite s\u0153ur<\/strong>, alors \u00e2g\u00e9e de<br \/>\nquelques mois, ils avaient fui pr\u00e9cipitamment la r\u00e9gion de Kiev, au<br \/>\nd\u00e9but de <a href=\"https:\/\/www.mariefrance.fr\/actualite\/societe\/livret-a-fini-etat-piocher-assurance-vie-per-pea-assurer-defense-guerre-1145256.html\" rel=\"nofollow noopener\" target=\"_blank\"><br \/>\nla guerre contre la Russie<\/a>. Un an plus tard, en 2023,<br \/>\nl\u2019adolescent de 15 ans avait \u00e9t\u00e9 pris en charge par l\u2019ASE (Aide<br \/>\nsociale \u00e0 l\u2019enfance) et semblait s\u2019\u00eatre int\u00e9gr\u00e9 \u00e0 sa nouvelle<br \/>\nvie.<\/p>\n<p><script async src=\"https:\/\/platform.twitter.com\/widgets.js\" charset=\"utf-8\"><\/script><\/p>\n","protected":false},"excerpt":{"rendered":"Disparu depuis le 2 juin 2025 \u00e0 Rouen, le jeune Alexandr, 15 ans, reste introuvable. Inquiets, ses proches&hellip;\n","protected":false},"author":2,"featured_media":163833,"comment_status":"","ping_status":"","sticky":false,"template":"","format":"standard","meta":{"footnotes":""},"categories":[9587],"tags":[1111,11,21303,1777,674,1011,27,12,5161,25,9590],"class_list":{"0":"post-163832","1":"post","2":"type-post","3":"status-publish","4":"format-standard","5":"has-post-thumbnail","7":"category-rouen","8":"tag-actu","9":"tag-actualites","10":"tag-buzz_nonli","11":"tag-eu","12":"tag-europe","13":"tag-fr","14":"tag-france","15":"tag-news","16":"tag-normandie","17":"tag-republique-francaise","18":"tag-rouen"},"share_on_mastodon":{"url":"https:\/\/pubeurope.com\/@fr\/114654837876178333","error":""},"_links":{"self":[{"href":"https:\/\/www.europesays.com\/fr\/wp-json\/wp\/v2\/posts\/163832","targetHints":{"allow":["GET"]}}],"collection":[{"href":"https:\/\/www.europesays.com\/fr\/wp-json\/wp\/v2\/posts"}],"about":[{"href":"https:\/\/www.europesays.com\/fr\/wp-json\/wp\/v2\/types\/post"}],"author":[{"embeddable":true,"href":"https:\/\/www.europesays.com\/fr\/wp-json\/wp\/v2\/users\/2"}],"replies":[{"embeddable":true,"href":"https:\/\/www.europesays.com\/fr\/wp-json\/wp\/v2\/comments?post=163832"}],"version-history":[{"count":0,"href":"https:\/\/www.europesays.com\/fr\/wp-json\/wp\/v2\/posts\/163832\/revisions"}],"wp:featuredmedia":[{"embeddable":true,"href":"https:\/\/www.europesays.com\/fr\/wp-json\/wp\/v2\/media\/163833"}],"wp:attachment":[{"href":"https:\/\/www.europesays.com\/fr\/wp-json\/wp\/v2\/media?parent=163832"}],"wp:term":[{"taxonomy":"category","embeddable":true,"href":"https:\/\/www.europesays.com\/fr\/wp-json\/wp\/v2\/categories?post=163832"},{"taxonomy":"post_tag","embeddable":true,"href":"https:\/\/www.europesays.com\/fr\/wp-json\/wp\/v2\/tags?post=163832"}],"curies":[{"name":"wp","href":"https:\/\/api.w.org\/{rel}","templated":true}]}}