{"id":163841,"date":"2025-06-09T18:37:11","date_gmt":"2025-06-09T18:37:11","guid":{"rendered":"https:\/\/www.europesays.com\/fr\/163841\/"},"modified":"2025-06-09T18:37:11","modified_gmt":"2025-06-09T18:37:11","slug":"plus-de-1-000-personnes-rassemblees-a-strasbourg-mulhouse-et-colmar","status":"publish","type":"post","link":"https:\/\/www.europesays.com\/fr\/163841\/","title":{"rendered":"plus de 1\u00a0000 personnes rassembl\u00e9es \u00e0 Strasbourg, Mulhouse et Colmar"},"content":{"rendered":"<p>\u00ab\u00a0Gaza, Rama, Greta, Strasbourg est avec toi\u00a0!\u00a0\u00bb Plus de 800 personnes (selon la police) se sont r\u00e9unies ce lundi 9\u00a0juin d\u00e8s 18\u00a0h, place Kl\u00e9ber \u00e0 Strasbourg, \u00e0 l\u2019appel du Collectif Palestine 67 pour protester contre l\u2019arraisonnement par l\u2019arm\u00e9e isra\u00e9lienne du voilier sur lequel se trouvaient 12 activistes, dont la militante \u00e9cologiste <a href=\"https:\/\/www.lalsace.fr\/p\/greta-thunberg\" target=\"_blank\" rel=\"nofollow noopener\">Greta Thunberg<\/a> et l\u2019eurod\u00e9put\u00e9e Rima Hassan. Tous r\u00e9clament leur lib\u00e9ration imm\u00e9diate.<\/p>\n<p>Le Madleen est parti d\u2019Italie le 1er \u00a0juin pour \u00ab\u00a0briser le blocus isra\u00e9lien\u00a0\u00bb de l\u2019enclave&#8230;<\/p>\n","protected":false},"excerpt":{"rendered":"\u00ab\u00a0Gaza, Rama, Greta, Strasbourg est avec toi\u00a0!\u00a0\u00bb Plus de 800 personnes (selon la police) se sont r\u00e9unies ce&hellip;\n","protected":false},"author":2,"featured_media":163842,"comment_status":"","ping_status":"","sticky":false,"template":"","format":"standard","meta":{"footnotes":""},"categories":[2820],"tags":[1111,11,2389,1777,674,274,107,1011,27,775,12,316,25,640],"class_list":{"0":"post-163841","1":"post","2":"type-post","3":"status-publish","4":"format-standard","5":"has-post-thumbnail","7":"category-strasbourg","8":"tag-actu","9":"tag-actualites","10":"tag-alsace","11":"tag-eu","12":"tag-europe","13":"tag-faits-divers-justice","14":"tag-fil-info","15":"tag-fr","16":"tag-france","17":"tag-grand-est","18":"tag-news","19":"tag-politique","20":"tag-republique-francaise","21":"tag-strasbourg"},"share_on_mastodon":{"url":"https:\/\/pubeurope.com\/@fr\/114654861348558247","error":""},"_links":{"self":[{"href":"https:\/\/www.europesays.com\/fr\/wp-json\/wp\/v2\/posts\/163841","targetHints":{"allow":["GET"]}}],"collection":[{"href":"https:\/\/www.europesays.com\/fr\/wp-json\/wp\/v2\/posts"}],"about":[{"href":"https:\/\/www.europesays.com\/fr\/wp-json\/wp\/v2\/types\/post"}],"author":[{"embeddable":true,"href":"https:\/\/www.europesays.com\/fr\/wp-json\/wp\/v2\/users\/2"}],"replies":[{"embeddable":true,"href":"https:\/\/www.europesays.com\/fr\/wp-json\/wp\/v2\/comments?post=163841"}],"version-history":[{"count":0,"href":"https:\/\/www.europesays.com\/fr\/wp-json\/wp\/v2\/posts\/163841\/revisions"}],"wp:featuredmedia":[{"embeddable":true,"href":"https:\/\/www.europesays.com\/fr\/wp-json\/wp\/v2\/media\/163842"}],"wp:attachment":[{"href":"https:\/\/www.europesays.com\/fr\/wp-json\/wp\/v2\/media?parent=163841"}],"wp:term":[{"taxonomy":"category","embeddable":true,"href":"https:\/\/www.europesays.com\/fr\/wp-json\/wp\/v2\/categories?post=163841"},{"taxonomy":"post_tag","embeddable":true,"href":"https:\/\/www.europesays.com\/fr\/wp-json\/wp\/v2\/tags?post=163841"}],"curies":[{"name":"wp","href":"https:\/\/api.w.org\/{rel}","templated":true}]}}