{"id":163847,"date":"2025-06-09T18:40:13","date_gmt":"2025-06-09T18:40:13","guid":{"rendered":"https:\/\/www.europesays.com\/fr\/163847\/"},"modified":"2025-06-09T18:40:13","modified_gmt":"2025-06-09T18:40:13","slug":"photos-miss-meteo-reseaux-sociaux-en-marge-du-sommet-de-nice-differentes-strategies-pour-parler-de-locean","status":"publish","type":"post","link":"https:\/\/www.europesays.com\/fr\/163847\/","title":{"rendered":"Photos, miss m\u00e9t\u00e9o, r\u00e9seaux sociaux\u00a0: en marge du sommet de Nice, diff\u00e9rentes strat\u00e9gies pour parler de l\u2019oc\u00e9an"},"content":{"rendered":"<p>Depuis une semaine et jusqu\u2019\u00e0 vendredi, le palais des expositions de Nice est devenu une immense baleine, con\u00e7ue comme \u00ab\u00a0un miroir pour le grand public de ce qui va se passer sur le port\u00a0\u00bb, explique Ashok Adic\u00e9am, responsable du projet. Le visiteur entre \u00e0 travers une vague bleue et d\u00e9ambule parmi une quinzaine de pavillons qui alternent entre pr\u00e9sentations de savoirs et \u00e9vocations po\u00e9tiques\u00a0: une plong\u00e9e dans les grands fonds marins, une visite des banquises, une immersion \u00e0 360 degr\u00e9s parmi les p\u00eaches traditionnelles de Palau\u2026 Le jumeau num\u00e9rique de l\u2019oc\u00e9an g\u00e9n\u00e9r\u00e9 par l\u2019organisation Mercator, avec un panel d\u2019\u00e9crans de contr\u00f4le reproduisant une foule de donn\u00e9es sur les mers du monde, rencontre un succ\u00e8s particulier.<\/p>\n<p>Vendredi, une centaine de pr\u00e9sentateurs m\u00e9t\u00e9o du monde entier, depuis la Su\u00e8de jusqu\u2019aux Maldives, ont justement suivi une journ\u00e9e de formation sur les richesses de ce jumeau num\u00e9rique, en particulier pour la compr\u00e9hension des cyclones. R\u00e9unis chaque ann\u00e9e, depuis 1994, au sein du Forum international de la m\u00e9t\u00e9o et du climat, ils ont conscience de leur position strat\u00e9gique aupr\u00e8s du grand public.<\/p>\n<p>\u00ab\u00a0On ne peut plus \u00e9chapper au climat dans les bulletins m\u00e9t\u00e9o\u00a0\u00bb<\/p>\n<p>M\u00eame si la mani\u00e8re de pr\u00e9senter la m\u00e9t\u00e9o varie beaucoup selon les pays et selon les cha\u00eenes, les pr\u00e9sentateurs ont tous une connexion particuli\u00e8re avec le public. \u00ab\u00a0On est proche des gens\u00a0\u00bb, explique Myriam Seurat, qui pr\u00e9sente la m\u00e9t\u00e9o sur France T\u00e9l\u00e9visions depuis 20 ans. Elle a pourtant vu son m\u00e9tier \u00e9voluer\u00a0: \u00ab\u00a0Avant, les ph\u00e9nom\u00e8nes extr\u00eames \u00e9taient rares. Maintenant, ils sont r\u00e9currents, et toujours plus intenses. On ne peut plus \u00e9chapper au climat dans les bulletins\u00a0\u00bb m\u00eame si c\u2019est \u00ab\u00a0un sujet clivant\u00a0\u00bb.<\/p>\n<p>Le clivage est particuli\u00e8rement fort aux \u00c9tats-Unis, raconte Paul Gross, venu de Detroit, en \u00e9voquant ses confr\u00e8res qui n\u2019osent pas parler de climat sur certaines cha\u00eenes, ou celui qui a chang\u00e9 de m\u00e9tier apr\u00e8s avoir re\u00e7u des menaces de mort. Lui a une strat\u00e9gie\u00a0: jamais le moindre commentaire politique. \u00ab\u00a0Je ne cherche pas \u00e0 d\u00e9fendre une cause, je ne donne pas d\u2019opinion. Je pr\u00e9sente des faits\u00a0\u00bb, insiste-t-il.<\/p>\n<p>\u00ab\u00a0La science n\u2019est pas une opinion\u00a0\u00bb<\/p>\n<p>Myriam Seurat cherche aussi \u00e0 rester \u00ab\u00a0toujours tr\u00e8s neutre. La science n\u2019est pas une opinion. Je me mets \u00e0 la hauteur des gens et j\u2019essaie de leur apporter des outils de compr\u00e9hension de la m\u00e9t\u00e9o et du climat\u00a0\u00bb. Depuis deux ans, son bulletin m\u00e9t\u00e9o est d\u2019ailleurs devenu un \u00ab\u00a0journal m\u00e9t\u00e9o climat\u00a0\u00bb, tandis que Paul Gross, r\u00e9cemment parti \u00e0 la retraite, reste tr\u00e8s actif aupr\u00e8s de sa petite communaut\u00e9 sur ses r\u00e9seaux sociaux.<\/p>\n<p>Pour avoir de l\u2019\u00e9cho sur ce nouveau front, les organisateurs du congr\u00e8s scientifique, qui a r\u00e9uni plus de 2\u00a0000\u00a0chercheurs des oc\u00e9ans, la semaine derni\u00e8re, \u00e0 Nice, ont associ\u00e9 des jeunes experts et des \u00e9tudiants en journalisme. Neuf bin\u00f4mes ont publi\u00e9, chaque jour, textes et vid\u00e9os dans les neuf langues les plus parl\u00e9es au monde (fran\u00e7ais, anglais, espagnol, portugais, russe, allemand, hindi, mandarin et arabe), sur les r\u00e9seaux pertinents dans leurs pays.<\/p>\n<p>\u00ab\u00a0Agir sur la m\u00e9diation aupr\u00e8s du grand public\u00a0\u00bb<\/p>\n<p>No\u00e9mie Coulon, 27 ans, en postdoctorat d\u2019\u00e9cologie marine \u00e0 Montpellier, travaille, depuis mi-avril, avec Alexandre Simoes, 24 ans, \u00e9tudiant au Celsa (\u00c9cole des hautes \u00e9tudes en sciences de l\u2019information et de la communication), pour rep\u00e9rer les interlocuteurs int\u00e9ressants. Et ils en ont rendu compte \u00e0 leurs abonn\u00e9s respectifs sur LinkedIn et sur Instagram, touchant des publics tr\u00e8s diff\u00e9rents, essentiellement dans la tranche d\u2019\u00e2ge 18-34 ans.<\/p>\n<p>\u00ab\u00a0Mon m\u00e9tier de scientifique ne s\u2019arr\u00eate pas \u00e0 mes recherches, \u00e0 mon labo, \u00e0 mon bureau, explique No\u00e9mie Coulon. Il faut agir sur la m\u00e9diation aupr\u00e8s du grand public parce que, finalement, ce sont les citoyens et les citoyennes qui prendront les d\u00e9cisions pour faire changer les choses.\u00a0\u00bb<\/p>\n","protected":false},"excerpt":{"rendered":"Depuis une semaine et jusqu\u2019\u00e0 vendredi, le palais des expositions de Nice est devenu une immense baleine, con\u00e7ue&hellip;\n","protected":false},"author":2,"featured_media":163848,"comment_status":"","ping_status":"","sticky":false,"template":"","format":"standard","meta":{"footnotes":""},"categories":[2819],"tags":[1111,11,33,1777,674,1011,27,6127,12,2401,882,25],"class_list":{"0":"post-163847","1":"post","2":"type-post","3":"status-publish","4":"format-standard","5":"has-post-thumbnail","7":"category-nice","8":"tag-actu","9":"tag-actualites","10":"tag-economie","11":"tag-eu","12":"tag-europe","13":"tag-fr","14":"tag-france","15":"tag-mer","16":"tag-news","17":"tag-nice","18":"tag-provence-alpes-cote-dazur","19":"tag-republique-francaise"},"share_on_mastodon":{"url":"https:\/\/pubeurope.com\/@fr\/114654873133033292","error":""},"_links":{"self":[{"href":"https:\/\/www.europesays.com\/fr\/wp-json\/wp\/v2\/posts\/163847","targetHints":{"allow":["GET"]}}],"collection":[{"href":"https:\/\/www.europesays.com\/fr\/wp-json\/wp\/v2\/posts"}],"about":[{"href":"https:\/\/www.europesays.com\/fr\/wp-json\/wp\/v2\/types\/post"}],"author":[{"embeddable":true,"href":"https:\/\/www.europesays.com\/fr\/wp-json\/wp\/v2\/users\/2"}],"replies":[{"embeddable":true,"href":"https:\/\/www.europesays.com\/fr\/wp-json\/wp\/v2\/comments?post=163847"}],"version-history":[{"count":0,"href":"https:\/\/www.europesays.com\/fr\/wp-json\/wp\/v2\/posts\/163847\/revisions"}],"wp:featuredmedia":[{"embeddable":true,"href":"https:\/\/www.europesays.com\/fr\/wp-json\/wp\/v2\/media\/163848"}],"wp:attachment":[{"href":"https:\/\/www.europesays.com\/fr\/wp-json\/wp\/v2\/media?parent=163847"}],"wp:term":[{"taxonomy":"category","embeddable":true,"href":"https:\/\/www.europesays.com\/fr\/wp-json\/wp\/v2\/categories?post=163847"},{"taxonomy":"post_tag","embeddable":true,"href":"https:\/\/www.europesays.com\/fr\/wp-json\/wp\/v2\/tags?post=163847"}],"curies":[{"name":"wp","href":"https:\/\/api.w.org\/{rel}","templated":true}]}}