{"id":163849,"date":"2025-06-09T18:41:24","date_gmt":"2025-06-09T18:41:24","guid":{"rendered":"https:\/\/www.europesays.com\/fr\/163849\/"},"modified":"2025-06-09T18:41:24","modified_gmt":"2025-06-09T18:41:24","slug":"debord-de-loire-2025-comment-visiter-le-celebre-belem-maville-nantes","status":"publish","type":"post","link":"https:\/\/www.europesays.com\/fr\/163849\/","title":{"rendered":"D\u00e9bord de Loire 2025 : comment visiter le c\u00e9l\u00e8bre Belem ? &#8211; Maville Nantes"},"content":{"rendered":"<ol>\n<li><a href=\"https:\/\/news.google.com\/rss\/articles\/CBMitwFBVV95cUxPbTFtR2Nub2RucFFFTEpsS0RjZXZDcWNnanRYT3pRVGpiTm9JejNFUVJkOXAxb0NuYmRuNlJhbU5TVGc5aXY3TEZBLW1ja1VaVktONFc0RFhJbVY3NnFpZXpnaUJla2tpZVlxM3lJazUzT0paMUczLXl1V1pndDlLY2hoUVppMlJjV29TelB3ajYtNTZWZXdsVFhiRjczYlhTLUdwNFZpOGY4VzVSTWFJMEwtbmYyeGs?oc=5\" target=\"_blank\" rel=\"nofollow noopener\">D\u00e9bord de Loire 2025 : comment visiter le c\u00e9l\u00e8bre Belem ?<\/a>&nbsp;&nbsp;Maville Nantes<\/li>\n<li><a href=\"https:\/\/news.google.com\/rss\/articles\/CBMijgFBVV95cUxNZUxLOHplZ1hkTjJEQThndmZRT1VmU1pBMmVUOF9uYnRnSUF6ZGtpQ1VtLWpQbEtkeTVQSVlRVmtvNmxZRDk4a2R2V05GdW5LaUJ6ZjFXc2lvODdtS3ljYXRxRVVDOUlSV28tUlNsbW1Jdzl5S3lTbHNhb0p0dHduQjl2ajVGRUIzdEpjZHR3?oc=5\" target=\"_blank\" rel=\"nofollow noopener\">Saint-Br\u00e9vin-les-Pins et Paimboeuf accueillent D\u00e9bord de Loire<\/a>&nbsp;&nbsp;Actu44<\/li>\n<li><a href=\"https:\/\/news.google.com\/rss\/articles\/CBMi5gFBVV95cUxQQ2tqY295VWwxVDZOYVYyVFhKLTRiTmVNbGhiUUxnUjVKMGl1c0tQei1GdFVic01SQWFuNmxQOC01SVVFNzFWR3NwSlltZUFibURGV3hpWFhjWTBQelRqV1Q0TktvMkJDbXhhZWxUbFdtYll2SHFqU3FIUHJyNEd0MDNmV1pKcE9ZUEM5Yi1ScUNUTVpoTFpQQzQ3VHNJOVJ0Zko0a3lEWjN0LUxXbE11NkFyZ1o4R3VYeTF5LVgydU81dmFnZjZfTWxvNVZ6bV9vcmh0d0ZEVTdyUXhLMnNyRmNpZGt2Zw?oc=5\" target=\"_blank\" rel=\"nofollow noopener\">Le Belem, star de la grande parade fluviale, de Saint-Nazaire \u00e0 Nantes samedi 14 juin<\/a>&nbsp;&nbsp;Ouest-France<\/li>\n<li><a href=\"https:\/\/news.google.com\/rss\/articles\/CBMiuwFBVV95cUxPaXhxTlZmQW9fd3VKLUJvSlFGSFpoakNDbXZvLWxMNUlnb1lrRjR0VTJxbGcyWUdYeGdnYzJTdXRjZ1FjbjZodERPUHF6ODhSaExZLURZSWlRRE5Qd3dnOW43ODNkbTBWNFhUQXBIZGZKNkUzVU5ialVDMWZpdGhtcVFCT1ZWeEhXU0pJQzJwdWx0V2JhOThGc2FjdFZiRXRGazRiTUY3R1c5elhtWUZHb0M0bE9KbWNaejJ3?oc=5\" target=\"_blank\" rel=\"nofollow noopener\">Du Pont de Saint-Nazaire \u00e0 Nantes : o\u00f9 et quand admirer la parade de D\u00e9bord de Loire<\/a>&nbsp;&nbsp;SaintNazaireNews.fr<\/li>\n<li><a href=\"https:\/\/news.google.com\/rss\/articles\/CBMizAFBVV95cUxOY0Ftby1pMzhkZG42WXBpWkFVSVB2Um1Rckx2WEdjcEQweVNnOWRnYnlMZHRUTEMybGk1dVozdlpvblJuYzE1WnJKbDM0aG9mUDNtd2lKOXd3bjhmNjhjZVpKSExMWlM1Y0huYXV1M3VyaDVIVlVUd25KVlFRUVVMdFROa0ViYTBGbGVnMUhkNHpNNkV6ZDJZWXpYZFVPZUJSUmlkV21OZHR2TmlQaklGTHJlTDNoMkQ3RWg1VGNsak1oQldzN1JHWldybmc?oc=5\" target=\"_blank\" rel=\"nofollow noopener\">Saint-Brevin et Paimb\u0153uf embarquent pour D\u00e9bord de Loire<\/a>&nbsp;&nbsp;Actu.fr<\/li>\n<\/ol>\n","protected":false},"excerpt":{"rendered":"D\u00e9bord de Loire 2025 : comment visiter le c\u00e9l\u00e8bre Belem ?&nbsp;&nbsp;Maville Nantes Saint-Br\u00e9vin-les-Pins et Paimboeuf accueillent D\u00e9bord de&hellip;\n","protected":false},"author":2,"featured_media":163850,"comment_status":"","ping_status":"","sticky":false,"template":"","format":"standard","meta":{"footnotes":""},"categories":[2818],"tags":[17,1111,11,18434,3010,17881,1777,674,1011,27,3367,766,12,2636,25,14560],"class_list":{"0":"post-163849","1":"post","2":"type-post","3":"status-publish","4":"format-standard","5":"has-post-thumbnail","7":"category-nantes","8":"tag-17","9":"tag-actu","10":"tag-actualites","11":"tag-belem","12":"tag-celebre","13":"tag-debord","14":"tag-eu","15":"tag-europe","16":"tag-fr","17":"tag-france","18":"tag-loire","19":"tag-nantes","20":"tag-news","21":"tag-pays-de-la-loire","22":"tag-republique-francaise","23":"tag-visiter"},"share_on_mastodon":{"url":"https:\/\/pubeurope.com\/@fr\/114654877005249502","error":""},"_links":{"self":[{"href":"https:\/\/www.europesays.com\/fr\/wp-json\/wp\/v2\/posts\/163849","targetHints":{"allow":["GET"]}}],"collection":[{"href":"https:\/\/www.europesays.com\/fr\/wp-json\/wp\/v2\/posts"}],"about":[{"href":"https:\/\/www.europesays.com\/fr\/wp-json\/wp\/v2\/types\/post"}],"author":[{"embeddable":true,"href":"https:\/\/www.europesays.com\/fr\/wp-json\/wp\/v2\/users\/2"}],"replies":[{"embeddable":true,"href":"https:\/\/www.europesays.com\/fr\/wp-json\/wp\/v2\/comments?post=163849"}],"version-history":[{"count":0,"href":"https:\/\/www.europesays.com\/fr\/wp-json\/wp\/v2\/posts\/163849\/revisions"}],"wp:featuredmedia":[{"embeddable":true,"href":"https:\/\/www.europesays.com\/fr\/wp-json\/wp\/v2\/media\/163850"}],"wp:attachment":[{"href":"https:\/\/www.europesays.com\/fr\/wp-json\/wp\/v2\/media?parent=163849"}],"wp:term":[{"taxonomy":"category","embeddable":true,"href":"https:\/\/www.europesays.com\/fr\/wp-json\/wp\/v2\/categories?post=163849"},{"taxonomy":"post_tag","embeddable":true,"href":"https:\/\/www.europesays.com\/fr\/wp-json\/wp\/v2\/tags?post=163849"}],"curies":[{"name":"wp","href":"https:\/\/api.w.org\/{rel}","templated":true}]}}