{"id":163857,"date":"2025-06-09T18:45:09","date_gmt":"2025-06-09T18:45:09","guid":{"rendered":"https:\/\/www.europesays.com\/fr\/163857\/"},"modified":"2025-06-09T18:45:09","modified_gmt":"2025-06-09T18:45:09","slug":"interview-rio-loco-kassav-le-legendaire-groupe-de-zouk-revient-a-toulouse-avec-une-formidable-energie-positive","status":"publish","type":"post","link":"https:\/\/www.europesays.com\/fr\/163857\/","title":{"rendered":"Interview. Rio Loco. Kassav, le l\u00e9gendaire groupe de zouk, revient \u00e0 Toulouse avec \u00ab\u00a0une formidable \u00e9nergie positive\u00a0\u00bb"},"content":{"rendered":"<p>            Par<br \/>\n        <strong><br \/>\n            <a href=\"https:\/\/actu.fr\/auteur\/redaction-toulouse\" title=\"Consulter tous les articles de R\u00e9daction de Toulouse\" rel=\"nofollow noopener\" target=\"_blank\">R\u00e9daction de Toulouse<\/a><br \/>\n        <\/strong><\/p>\n<p>        Publi\u00e9 le<\/p>\n<p>            9 juin 2025 \u00e0 20h10        <\/p>\n<p>Ce groupe a dynamit\u00e9 nos soir\u00e9es de f\u00eate avec ses rythmes affolants et ses refrains accrocheurs. Fond\u00e9 en 1979, <strong>Kassav<\/strong> est, \u00e0 juste titre, le groupe de zouk le plus c\u00e9l\u00e8bre au monde. Il sera<strong> mercredi sur la sc\u00e8ne Pont-Neuf de Rio Loco<\/strong> pour rendre hommage \u00e0 son embl\u00e9matique leader, Jacob Desvarieux, disparu en 2021. Jocelyne B\u00e9roard, la chanteuse du groupe, revient pour <a href=\"https:\/\/actu.fr\/occitanie\/toulouse_31555\/artistes-invites-tarifs-tout-savoir-sur-le-festival-rio-loco-qui-fete-ses-30-ans-en-2025_62388862.html\" rel=\"nofollow noopener\" target=\"_blank\">Actu Toulouse<\/a> sur les \u00ab\u00a0ann\u00e9es Kassav\u00a0\u00bb. <strong>Interview<\/strong>.\u00a0<\/p>\n<p>\u00ab\u00a0On est tr\u00e8s heureux de revenir jouer \u00e0 Toulouse !\u00a0\u00bb<\/p>\n<p class=\"ac-article-content__question wall-content\"><strong class=\"color-primary\">Actu : <\/strong>Quel souvenir gardez-vous de ce premier Rio Loco ?\n<\/p>\n<p class=\" wall-content\"><strong class=\"color-primary\">Jocelyne B\u00e9roard : <\/strong>Oh vous savez, nous faisions tant et tant de concerts ! Mais je me souviens d&rsquo;une atmosph\u00e8re tr\u00e8s agr\u00e9able ! Les gens venaient passer un bon moment, et je me rappelle de la Garonne qui coulait pr\u00e8s de la grande sc\u00e8ne\u2026 Nous sommes tr\u00e8s heureux d\u2019y revenir, car nous savons qu\u2019il y a \u00e0 Toulouse beaucoup d\u2019\u00e9tudiants antillais. Cela promet une belle r\u00e9union !<\/p>\n<p>\u00ab\u00a0On voulait cr\u00e9er quelque chose de nouveau !\u00a0\u00bb<\/p>\n<p class=\"ac-article-content__question wall-content\">Comment est n\u00e9 Kassav?\n<\/p>\n<p class=\" wall-content\"><strong class=\"color-primary\">J.B. : <\/strong>Il est n\u00e9 en 1979 \u2013 je ne suis arriv\u00e9e, pour ma part, qu\u2019en 1983. Pierre-Edouard voulait cr\u00e9er quelque chose de nouveau ; il pensait que nous \u00e9tions un peu ignor\u00e9s du reste du monde. Pour un musicien professionnel, il n\u2019y avait que le bal \u00e0 l\u2019\u00e9poque. Mais lui r\u00eavait d\u2019une vie de musicien professionnel qui ferait des concerts, qui voyagerait. Quand nos musiciens voyageaient, ils allaient en Guadeloupe, ils faisaient les \u00eeles, c\u2019est tout. Il n\u2019y avait pas d\u2019\u00e9cole de musique, on n\u2019\u00e9coutait que la musique traditionnelle de chez nous.<\/p>\n<p>\u00ab\u00a0C\u2019est ainsi qu\u2019est n\u00e9 le zouk\u00a0\u00bb<\/p>\n<p class=\"ac-article-content__question wall-content\">Les Antilles sont pourtant un v\u00e9ritable carrefour musical !\n<\/p>\n<p class=\" wall-content\"><strong class=\"color-primary\">J.B. : <\/strong>Tout \u00e0 fait ! Quand on a commenc\u00e9 \u00e0 s\u2019int\u00e9resser \u00e0 la musique, on a \u00e9cout\u00e9 ce qui venait de France et d\u2019Angleterre, mais aussi tout ce qui venait du bassin carib\u00e9en : le calypso, le rocksteady etc. Et puis la musique de Guadeloupe, d\u2019Ha\u00efti, de Guyane. Le jazz et le RnB des Etats-Unis, la salsa d\u2019Am\u00e9rique centrale, les sons br\u00e9siliens, la musique africaine. On se posait mille questions : ce que nous faisions chez nous, le faisions-nous bien ou pas ? Comment les autres arrangeaient-ils leur musique, comme l\u2019enregistraient-ils ? Jacob a voulu changer notre musique, la rendre plus personnelle, prendre le gwo ka traditionnel et lui donner des sonorit\u00e9s guadeloup\u00e9ennes, car il venait de Guadeloupe. Le rythme du Carnaval \u00e9tait important pour nous : il \u00e9voquait la f\u00eate et nous savions que si l\u2019on voulait embarquer les gens avec nous, il fallait leur faire plaisir. C\u2019est ainsi qu\u2019est n\u00e9 le zouk qui est devenu le \u00ab style Kassav \u00bb. Vous savez, le mot \u00ab zouk \u00bb signifie surprise party, soir\u00e9e dansante. C\u2019est devenu un verbe, on allait \u00ab zouker \u00bb !<\/p>\n<p>\u00ab\u00a0Monter sur sc\u00e8ne est un geste politique !\u00a0\u00bb<\/p>\n<p class=\"ac-article-content__question wall-content\">Cette id\u00e9e de f\u00eate est \u00e9troitement li\u00e9e \u00e0 Kassav\u2026\n<\/p>\n<p class=\" wall-content\"><strong class=\"color-primary\">J.B. : <\/strong>Oui, c\u2019est vrai, et pourtant je trouve le terme un peu r\u00e9ducteur. Je pr\u00e9f\u00e8re parler d\u2019\u00e9nergie positive car nos textes parlent de l\u2019histoire de nos \u00eeles, des rapports entre les gens et de plein d\u2019autres choses encore. Monter sur une sc\u00e8ne est un geste politique, \u00e9videmment. Nous avons souvent \u00e9t\u00e9 consid\u00e9r\u00e9s comme des second-class citizens, des citoyens de seconde classe et en France m\u00e9tropolitaine, qui conna\u00eet l\u2019histoire des Antilles ?<\/p>\n<p class=\"ac-article-content__question wall-content\">Ce mercredi \u00e0 Rio Loco, vous rendrez hommage \u00e0 Jacob Desvarieux. Quel homme, quel musicien \u00e9tait-il ?\n<\/p>\n<p class=\" wall-content\"><strong class=\"color-primary\">J.B. : <\/strong>C\u2019\u00e9tait un grand musicien. Il n\u2019y avait pas de chef dans Kassav, mais nous respections tous son avis, sa connaissance de la musique. C\u2019\u00e9tait la t\u00eate pensante du groupe. Il a beaucoup voyag\u00e9, de Guadeloupe o\u00f9 il est n\u00e9, en Martinique, en Afrique et \u00e0 Marseille, \u00e0 Paris et il faisait de la musique partout et savait partager ses exp\u00e9riences musicales. Il avait envie de faire tourner Kassav \u00e0 l\u2019international et, avec Pierre-Edouard, qui est le fr\u00e8re de Georges, notre bassiste, il formait un duo incontournable. Nous avons h\u00e2te de lui rendre hommage en jouant des morceaux qu\u2019il a cr\u00e9\u00e9s ou qu\u2019il a jou\u00e9s, mais aussi d\u2019autres dont, je l\u2019esp\u00e8re, l\u2019\u00e9nergie positive donnera envie aux gens d\u2019oublier leurs probl\u00e8mes ou, mieux encore, d\u2019y faire face plus facilement.<\/p>\n<p class=\" wall-content\"><strong>Propos recueillis par Yves Gabay<\/strong><\/p>\n<p>Kassav, hommage \u00e0 Jacob Desvarieux, mercredi 11 juin 2025 \u00e0 22h30 \u00e0 Rio Loco (Prairie des filtres). Tarif :10\u20ac\/jour. Information et r\u00e9servation sur <a href=\"https:\/\/rio-loco.org\/\" rel=\"nofollow noopener\" target=\"_blank\">rio-loco.org<\/a><\/p>\n<p class=\" wall-content\">Suivez toute l\u2019actualit\u00e9 de vos villes et m\u00e9dias favoris en vous inscrivant \u00e0 <a href=\"https:\/\/moncompte.actu.fr\" title=\"D\u00e9couvez Mon Actu\" rel=\"nofollow noopener\" data-trk=\"{&quot;cta&quot;:{&quot;action&quot;:&quot;https:\\\/\\\/moncompte.actu.fr&quot;,&quot;category&quot;:&quot;mon compte&quot;,&quot;from&quot;:&quot;article footer&quot;,&quot;name&quot;:&quot;Mon actu&quot;,&quot;type&quot;:&quot;cta&quot;}}\" target=\"_blank\">Mon Actu<\/a>.<\/p>\n<ul class=\"ac-article-tag wall-content\">\n<li><a href=\"https:\/\/actu.fr\/tag\/concert\" data-trk=\"{&quot;cta&quot;:{&quot;action&quot;:&quot;Concert&quot;,&quot;category&quot;:&quot;tag&quot;,&quot;from&quot;:&quot;article footer&quot;,&quot;name&quot;:&quot;Concert&quot;,&quot;type&quot;:&quot;cta&quot;}}\" rel=\"nofollow noopener\" target=\"_blank\">#Concert<\/a><\/li>\n<li><a href=\"https:\/\/actu.fr\/tag\/sortir-a-toulouse\" data-trk=\"{&quot;cta&quot;:{&quot;action&quot;:&quot;Sortir \\u00e0 Toulouse&quot;,&quot;category&quot;:&quot;tag&quot;,&quot;from&quot;:&quot;article footer&quot;,&quot;name&quot;:&quot;Sortir \\u00e0 Toulouse&quot;,&quot;type&quot;:&quot;cta&quot;}}\" rel=\"nofollow noopener\" target=\"_blank\">#Sortir \u00e0 Toulouse<\/a><\/li>\n<\/ul>\n","protected":false},"excerpt":{"rendered":"Par R\u00e9daction de Toulouse Publi\u00e9 le 9 juin 2025 \u00e0 20h10 Ce groupe a dynamit\u00e9 nos soir\u00e9es de&hellip;\n","protected":false},"author":2,"featured_media":163858,"comment_status":"","ping_status":"","sticky":false,"template":"","format":"standard","meta":{"footnotes":""},"categories":[2816],"tags":[1111,11,1697,1777,674,1011,27,1652,12,2680,25,1341,2312],"class_list":{"0":"post-163857","1":"post","2":"type-post","3":"status-publish","4":"format-standard","5":"has-post-thumbnail","7":"category-toulouse","8":"tag-actu","9":"tag-actualites","10":"tag-concert","11":"tag-eu","12":"tag-europe","13":"tag-fr","14":"tag-france","15":"tag-loisirs-culture","16":"tag-news","17":"tag-occitanie","18":"tag-republique-francaise","19":"tag-sortir-a-toulouse","20":"tag-toulouse"},"share_on_mastodon":{"url":"https:\/\/pubeurope.com\/@fr\/114654892761160465","error":""},"_links":{"self":[{"href":"https:\/\/www.europesays.com\/fr\/wp-json\/wp\/v2\/posts\/163857","targetHints":{"allow":["GET"]}}],"collection":[{"href":"https:\/\/www.europesays.com\/fr\/wp-json\/wp\/v2\/posts"}],"about":[{"href":"https:\/\/www.europesays.com\/fr\/wp-json\/wp\/v2\/types\/post"}],"author":[{"embeddable":true,"href":"https:\/\/www.europesays.com\/fr\/wp-json\/wp\/v2\/users\/2"}],"replies":[{"embeddable":true,"href":"https:\/\/www.europesays.com\/fr\/wp-json\/wp\/v2\/comments?post=163857"}],"version-history":[{"count":0,"href":"https:\/\/www.europesays.com\/fr\/wp-json\/wp\/v2\/posts\/163857\/revisions"}],"wp:featuredmedia":[{"embeddable":true,"href":"https:\/\/www.europesays.com\/fr\/wp-json\/wp\/v2\/media\/163858"}],"wp:attachment":[{"href":"https:\/\/www.europesays.com\/fr\/wp-json\/wp\/v2\/media?parent=163857"}],"wp:term":[{"taxonomy":"category","embeddable":true,"href":"https:\/\/www.europesays.com\/fr\/wp-json\/wp\/v2\/categories?post=163857"},{"taxonomy":"post_tag","embeddable":true,"href":"https:\/\/www.europesays.com\/fr\/wp-json\/wp\/v2\/tags?post=163857"}],"curies":[{"name":"wp","href":"https:\/\/api.w.org\/{rel}","templated":true}]}}