{"id":163863,"date":"2025-06-09T18:49:08","date_gmt":"2025-06-09T18:49:08","guid":{"rendered":"https:\/\/www.europesays.com\/fr\/163863\/"},"modified":"2025-06-09T18:49:08","modified_gmt":"2025-06-09T18:49:08","slug":"kaley-cuoco-alias-penny-dans-the-big-bang-theory-tourne-la-serie-vanished-a-marseille","status":"publish","type":"post","link":"https:\/\/www.europesays.com\/fr\/163863\/","title":{"rendered":"Kaley Cuoco, alias Penny dans \u00ab\u00a0The Big Bang Theory\u00a0\u00bb, tourne la s\u00e9rie\u00a0 \u00ab\u00a0Vanished\u00a0\u00bb \u00e0 Marseille"},"content":{"rendered":"<p>Jeudi 5\u00a0juin, plusieurs semi-remorques imposants \u00e9taient gar\u00e9s sur la place du kiosque \u00e0 musique des R\u00e9form\u00e9s, devant le cin\u00e9ma L\u2019Artplexe, un signe qui ne trompe pas\u00a0: celui qu\u2019une grosse production est en tournage. Il s\u2019agit de <a href=\"https:\/\/www.laprovence.com\/article\/region\/57464547562989\/kaley-cuoco-alias-penny-dans-the-big-bang-theory-pose-devant-laqueduc-de-roquefavour\" target=\"_blank\" rel=\"noopener\">la s\u00e9rie Vanished<\/a>, un thriller britannique qui sera diffus\u00e9 sur Amazon UK. \u00ab\u00a0On a 38 jours de tournage \u00e0 Marseille, la s\u00e9rie se d\u00e9roulera en grande partie dans la cit\u00e9 phoc\u00e9enne\u00a0\u00bb, nous confie un membre de la production, sans donner davantage de d\u00e9tails, pour cause de confidentialit\u00e9.<\/p>\n","protected":false},"excerpt":{"rendered":"Jeudi 5\u00a0juin, plusieurs semi-remorques imposants \u00e9taient gar\u00e9s sur la place du kiosque \u00e0 musique des R\u00e9form\u00e9s, devant le&hellip;\n","protected":false},"author":2,"featured_media":163864,"comment_status":"","ping_status":"","sticky":false,"template":"","format":"standard","meta":{"footnotes":""},"categories":[2814],"tags":[17,1111,11,29661,27120,251,29660,1446,1777,674,1011,27,29659,884,12,29662,882,25,3989],"class_list":{"0":"post-163863","1":"post","2":"type-post","3":"status-publish","4":"format-standard","5":"has-post-thumbnail","7":"category-marseille","8":"tag-17","9":"tag-actu","10":"tag-actualites","11":"tag-alias","12":"tag-big","13":"tag-culture","14":"tag-cuoco","15":"tag-dans","16":"tag-eu","17":"tag-europe","18":"tag-fr","19":"tag-france","20":"tag-kaley","21":"tag-marseille","22":"tag-news","23":"tag-penny","24":"tag-provence-alpes-cote-dazur","25":"tag-republique-francaise","26":"tag-the"},"share_on_mastodon":{"url":"https:\/\/pubeurope.com\/@fr\/114654908502671996","error":""},"_links":{"self":[{"href":"https:\/\/www.europesays.com\/fr\/wp-json\/wp\/v2\/posts\/163863","targetHints":{"allow":["GET"]}}],"collection":[{"href":"https:\/\/www.europesays.com\/fr\/wp-json\/wp\/v2\/posts"}],"about":[{"href":"https:\/\/www.europesays.com\/fr\/wp-json\/wp\/v2\/types\/post"}],"author":[{"embeddable":true,"href":"https:\/\/www.europesays.com\/fr\/wp-json\/wp\/v2\/users\/2"}],"replies":[{"embeddable":true,"href":"https:\/\/www.europesays.com\/fr\/wp-json\/wp\/v2\/comments?post=163863"}],"version-history":[{"count":0,"href":"https:\/\/www.europesays.com\/fr\/wp-json\/wp\/v2\/posts\/163863\/revisions"}],"wp:featuredmedia":[{"embeddable":true,"href":"https:\/\/www.europesays.com\/fr\/wp-json\/wp\/v2\/media\/163864"}],"wp:attachment":[{"href":"https:\/\/www.europesays.com\/fr\/wp-json\/wp\/v2\/media?parent=163863"}],"wp:term":[{"taxonomy":"category","embeddable":true,"href":"https:\/\/www.europesays.com\/fr\/wp-json\/wp\/v2\/categories?post=163863"},{"taxonomy":"post_tag","embeddable":true,"href":"https:\/\/www.europesays.com\/fr\/wp-json\/wp\/v2\/tags?post=163863"}],"curies":[{"name":"wp","href":"https:\/\/api.w.org\/{rel}","templated":true}]}}