{"id":163869,"date":"2025-06-09T18:52:09","date_gmt":"2025-06-09T18:52:09","guid":{"rendered":"https:\/\/www.europesays.com\/fr\/163869\/"},"modified":"2025-06-09T18:52:09","modified_gmt":"2025-06-09T18:52:09","slug":"lyon-une-place-pleine-en-soutien-a-la-freedom-flotilla-2","status":"publish","type":"post","link":"https:\/\/www.europesays.com\/fr\/163869\/","title":{"rendered":"Lyon. Une place pleine en soutien \u00e0 la Freedom Flotilla"},"content":{"rendered":"<p>D\u00e8s 17h ce lundi entre l\u2019Op\u00e9ra et l\u2019H\u00f4tel de Ville de Lyon, les manifestants scandent\u00a0: \u00ab\u00a0Gaza, Gaza, Lyon est avec toi\u00a0! Qu\u2019est-ce qu\u2019on veut\u00a0? Le cessez-le-feu\u00a0!\u00a0\u00bb Comme ailleurs en France, un rassemblement est organis\u00e9 \u00e0 la suite de l\u2019arrestation de 12 humanitaires et activistes de la \u00ab\u00a0Freedom Flotilla\u00a0\u00bb par les autorit\u00e9s isra\u00e9liennes. Sur le navire humanitaire intercept\u00e9, Greta Thunberg mais aussi Rima Hassan.<\/p>\n<p>Un millier de manifestants<\/p>\n<p>A Lyon, ils sont pr\u00e8s d\u2019un millier (600 selon la Pr\u00e9fecture, plus de 1500 selon les manifestants).<\/p>\n<p>Mila porte un drapeau palestinien sur ses \u00e9paules\u00a0: \u00ab\u00a0Notre seul moyen d\u2019action en tant que citoyen, c\u2019est de montrer qu\u2019on est l\u00e0. Notre gouvernement est complice d\u2019un v\u00e9ritable g\u00e9nocide et ce depuis des ann\u00e9es. Gr\u00e2ce \u00e0 l\u2019action de la Flotille de la libert\u00e9, le monde entier parle de la situation \u00e0 Gaza. On est tr\u00e8s fier d\u2019eux. Il y a six Fran\u00e7ais dans l\u2019\u00e9quipage en plus\u00a0\u00bb, exprime-t-elle.<\/p>\n<p>\u00c0 Lyon, les associations propalestiniennes ont pris la parole une \u00e0 une devant la foule pour rappeler la situation humanitaire d\u00e9sastreuse \u00e0 Gaza et soutenir les membres du navire qui tentaient d\u2019apporter de l\u2019aide humanitaire et de briser le blocus isra\u00eblien avant d\u2019\u00eatre arr\u00eat\u00e9s en pleine mer\u00a0: \u00ab\u00a0Le droit international doit \u00eatre appliqu\u00e9. Merci aux 12 passagers d\u2019avoir ouvert une fen\u00eatre vers l\u2019espoir de la fraternit\u00e9 humaine. Merci d\u2019avoir pass\u00e9 le cap. Ils ont plus de courages que tous nos dirigeants r\u00e9unis\u00a0\u00bb, d\u00e9clare <a href=\"https:\/\/www.leprogres.fr\/societe\/2024\/07\/20\/les-bombardements-sont-quotidiens-le-collectif-69-de-soutien-au-peuple-palestinien-se-mobilise-encore-pour-gaza\" target=\"_blank\" rel=\"nofollow noopener\">J\u00e9r\u00f4me Fa\u00ffnel, pr\u00e9sident du collectif 69 Palestine<\/a>.<\/p>\n<p>Une autre manifestation de soutien est pr\u00e9vue samedi \u00e0 15h place des Terreaux.<\/p>\n","protected":false},"excerpt":{"rendered":"D\u00e8s 17h ce lundi entre l\u2019Op\u00e9ra et l\u2019H\u00f4tel de Ville de Lyon, les manifestants scandent\u00a0: \u00ab\u00a0Gaza, Gaza, Lyon&hellip;\n","protected":false},"author":2,"featured_media":163868,"comment_status":"","ping_status":"","sticky":false,"template":"","format":"standard","meta":{"footnotes":""},"categories":[1889],"tags":[1111,11,2430,3206,2757,1777,674,1011,27,2428,2756,12,316,25,2429],"class_list":{"0":"post-163869","1":"post","2":"type-post","3":"status-publish","4":"format-standard","5":"has-post-thumbnail","7":"category-lyon","8":"tag-actu","9":"tag-actualites","10":"tag-auvergne-rhone-alpes","11":"tag-defense-guerre-conflit","12":"tag-edition-lyon-villeurbanne","13":"tag-eu","14":"tag-europe","15":"tag-fr","16":"tag-france","17":"tag-lyon","18":"tag-lyon-bassin","19":"tag-news","20":"tag-politique","21":"tag-republique-francaise","22":"tag-rhone"},"share_on_mastodon":{"url":"https:\/\/pubeurope.com\/@fr\/114654920293307542","error":""},"_links":{"self":[{"href":"https:\/\/www.europesays.com\/fr\/wp-json\/wp\/v2\/posts\/163869","targetHints":{"allow":["GET"]}}],"collection":[{"href":"https:\/\/www.europesays.com\/fr\/wp-json\/wp\/v2\/posts"}],"about":[{"href":"https:\/\/www.europesays.com\/fr\/wp-json\/wp\/v2\/types\/post"}],"author":[{"embeddable":true,"href":"https:\/\/www.europesays.com\/fr\/wp-json\/wp\/v2\/users\/2"}],"replies":[{"embeddable":true,"href":"https:\/\/www.europesays.com\/fr\/wp-json\/wp\/v2\/comments?post=163869"}],"version-history":[{"count":0,"href":"https:\/\/www.europesays.com\/fr\/wp-json\/wp\/v2\/posts\/163869\/revisions"}],"wp:featuredmedia":[{"embeddable":true,"href":"https:\/\/www.europesays.com\/fr\/wp-json\/wp\/v2\/media\/163868"}],"wp:attachment":[{"href":"https:\/\/www.europesays.com\/fr\/wp-json\/wp\/v2\/media?parent=163869"}],"wp:term":[{"taxonomy":"category","embeddable":true,"href":"https:\/\/www.europesays.com\/fr\/wp-json\/wp\/v2\/categories?post=163869"},{"taxonomy":"post_tag","embeddable":true,"href":"https:\/\/www.europesays.com\/fr\/wp-json\/wp\/v2\/tags?post=163869"}],"curies":[{"name":"wp","href":"https:\/\/api.w.org\/{rel}","templated":true}]}}