{"id":163874,"date":"2025-06-09T18:56:11","date_gmt":"2025-06-09T18:56:11","guid":{"rendered":"https:\/\/www.europesays.com\/fr\/163874\/"},"modified":"2025-06-09T18:56:11","modified_gmt":"2025-06-09T18:56:11","slug":"paris-2024-recettes-billetterie-vente-de-produits-un-excedent-budgetaire-plus-important-que-prevu-pour-les-jo","status":"publish","type":"post","link":"https:\/\/www.europesays.com\/fr\/163874\/","title":{"rendered":"Paris 2024. Recettes billetterie, vente de produits&#8230; Un exc\u00e9dent budg\u00e9taire plus important que pr\u00e9vu pour les JO"},"content":{"rendered":"<p>Une bonne nouvelle c\u00f4t\u00e9 finances apr\u00e8s les <a href=\"https:\/\/www.ledauphine.com\/jeux-olympiques\/2024\/08\/12\/avec-64-medailles-le-contingent-francais-a-realise-des-jeux-historiques\" target=\"_blank\" rel=\"noopener\">Jeux olympiques et paralympiques de Paris 2024<\/a>. Initialement annonc\u00e9 en d\u00e9cembre \u00e0 hauteur de 27 millions d&rsquo;euros, l&rsquo;exc\u00e9dent budg\u00e9taire du Comit\u00e9 d&rsquo;organisation des Jeux olympiqueo (Cojo) sera finalement de 76 millions d&rsquo;euros.<\/p>\n<p>\u00ab Les \u00e9volutions ont permis de pr\u00e9senter une am\u00e9lioration, avec un chiffre consolid\u00e9 autour de 76 millions d&rsquo;euros d&rsquo;exc\u00e9dent pour Paris 2024 \u00bb, a d\u00e9clar\u00e9 <a href=\"https:\/\/www.ledauphine.com\/p\/tony-estanguet\" target=\"_blank\" rel=\"noopener\">Tony Estanguet<\/a>, pr\u00e9sident du Comit\u00e9 d&rsquo;organisation, \u00e0 quelques journalistes, dont l&rsquo;AFP.<\/p>\n<p>Un budget de 4,5 milliards d&rsquo;euros<\/p>\n<p>Selon Fabrice Lacroix, directeur financier de Paris 2024, le budget de l&rsquo;organisation des Jeux s&rsquo;\u00e9tablit \u00e0 4,494 milliards d&rsquo;euros pour la partie recettes et 4,418 mds pour les d\u00e9pense (dans le dossier de candidature, le budget \u00e9tait estim\u00e9 \u00e0 3,2 milliards et avait \u00e9t\u00e9 revu \u00e0 3,8 milliards en 2018). Les recettes budg\u00e9taires du Cojo sont quasi enti\u00e8rement priv\u00e9es, reposant sur les sponsors, la dotation vers\u00e9e par le Comit\u00e9 international olympique (CIO) et la billetterie.<\/p>\n<p>L&rsquo;annonce de la hausse de l&rsquo;exc\u00e9dent intervient quelques jours avant la r\u00e9union du conseil d&rsquo;administration du Cojo, le 17 juin, qui cl\u00f4turera les comptes et laissera la place \u00e0 un liquidateur en vue de la dissolution du comit\u00e9 organisateur. Selon Tony Estanguet, l&rsquo;exc\u00e9dent final sera m\u00eame \u00ab au-del\u00e0 \u00bb des 76 millions d&rsquo;euros.<\/p>\n<p>Pourquoi de tels r\u00e9sultats\u00a0?<\/p>\n<p>Le directeur financier a pr\u00e9cis\u00e9 que le passage de 27 \u00e0 76 millions d&rsquo;euros d&rsquo;exc\u00e9dent \u00e9tait due \u00e0 des cl\u00f4tures de n\u00e9gociations et autres ajustements de contrats avec des fournisseurs, ainsi qu&rsquo;\u00e0 quelques \u00ab bonnes nouvelles \u00bb comme des \u00e9volutions de taux de changes, des r\u00e9sultats de placements, des recettes de billetterie et de produits licenci\u00e9s.<\/p>\n<p>Tony Estanguet a soulign\u00e9 que les 76 millions d&rsquo;euros d&rsquo;exc\u00e9dent, \u00ab c&rsquo;est de l&rsquo;argent qui va au sport \u00bb : 20% seront revers\u00e9s au Comit\u00e9 olympique fran\u00e7ais (CNOSF), 60% au fonds de dotation de Paris 2024, g\u00e9r\u00e9 entre autres par le CNOSF, le Comit\u00e9 paralympique, la Ville de Paris et la r\u00e9gion Ile de France. Les derniers 20% reviennent au Comit\u00e9 international olympique (CIO).<\/p>\n<p>Le COJO a \u00e9galement pr\u00e9vu de contribuer \u00e0 hauteur de 5 millions d&rsquo;euros au <a href=\"https:\/\/www.ledauphine.com\/culture-loisirs\/2025\/05\/15\/la-vasque-olympique-accessible-a-tous-a-partir-du-21-juin\" target=\"_blank\" rel=\"noopener\">retour de la vasque olympique dans les jardins des Tuileries, \u00e0 Paris<\/a>, pendant les trois prochains \u00e9t\u00e9s.<\/p>\n<p>Combien d&rsquo;argent public a \u00e9t\u00e9 d\u00e9pens\u00e9\u00a0?<\/p>\n<p>C\u00f4t\u00e9 argent public (Etat et collectivit\u00e9s), le montant encore incomplet des co\u00fbts publics, couvrant notamment une partie de la construction des ouvrages olympiques, figure \u00e0 hauteur de 2,46 milliards d&rsquo;euros dans un document du budget 2025.<\/p>\n<p>Mais le premier pr\u00e9sident de la Cour des comptes, <a href=\"https:\/\/www.ledauphine.com\/p\/pierre-moscovici\" target=\"_blank\" rel=\"noopener\">Pierre Moscovici<\/a>, avait \u00e9voqu\u00e9 en mars 2024 un co\u00fbt public \u00ab entre 3 et 5 milliards \u00bb.<\/p>\n","protected":false},"excerpt":{"rendered":"Une bonne nouvelle c\u00f4t\u00e9 finances apr\u00e8s les Jeux olympiques et paralympiques de Paris 2024. Initialement annonc\u00e9 en d\u00e9cembre&hellip;\n","protected":false},"author":2,"featured_media":163875,"comment_status":"","ping_status":"","sticky":false,"template":"","format":"standard","meta":{"footnotes":""},"categories":[1888],"tags":[1111,1928,11,1927,33,1777,674,107,1701,3183,1011,27,329,21244,28367,3996,12,1926,626,1925,25,273,517,1947],"class_list":{"0":"post-163874","1":"post","2":"type-post","3":"status-publish","4":"format-standard","5":"has-post-thumbnail","7":"category-paris","8":"tag-actu","9":"tag-actu-paris","10":"tag-actualites","11":"tag-actualites-paris","12":"tag-economie","13":"tag-eu","14":"tag-europe","15":"tag-fil-info","16":"tag-fil-info-sport","17":"tag-finance-et-fiscalite","18":"tag-fr","19":"tag-france","20":"tag-france-monde","21":"tag-jeux-olympiques-dete","22":"tag-jeux-paralympiques","23":"tag-jeux-olympiques","24":"tag-news","25":"tag-news-paris","26":"tag-paris","27":"tag-paris-news","28":"tag-republique-francaise","29":"tag-selection-de-la-redaction","30":"tag-sport","31":"tag-sport-national"},"share_on_mastodon":{"url":"https:\/\/pubeurope.com\/@fr\/114654936201051951","error":""},"_links":{"self":[{"href":"https:\/\/www.europesays.com\/fr\/wp-json\/wp\/v2\/posts\/163874","targetHints":{"allow":["GET"]}}],"collection":[{"href":"https:\/\/www.europesays.com\/fr\/wp-json\/wp\/v2\/posts"}],"about":[{"href":"https:\/\/www.europesays.com\/fr\/wp-json\/wp\/v2\/types\/post"}],"author":[{"embeddable":true,"href":"https:\/\/www.europesays.com\/fr\/wp-json\/wp\/v2\/users\/2"}],"replies":[{"embeddable":true,"href":"https:\/\/www.europesays.com\/fr\/wp-json\/wp\/v2\/comments?post=163874"}],"version-history":[{"count":0,"href":"https:\/\/www.europesays.com\/fr\/wp-json\/wp\/v2\/posts\/163874\/revisions"}],"wp:featuredmedia":[{"embeddable":true,"href":"https:\/\/www.europesays.com\/fr\/wp-json\/wp\/v2\/media\/163875"}],"wp:attachment":[{"href":"https:\/\/www.europesays.com\/fr\/wp-json\/wp\/v2\/media?parent=163874"}],"wp:term":[{"taxonomy":"category","embeddable":true,"href":"https:\/\/www.europesays.com\/fr\/wp-json\/wp\/v2\/categories?post=163874"},{"taxonomy":"post_tag","embeddable":true,"href":"https:\/\/www.europesays.com\/fr\/wp-json\/wp\/v2\/tags?post=163874"}],"curies":[{"name":"wp","href":"https:\/\/api.w.org\/{rel}","templated":true}]}}