{"id":163886,"date":"2025-06-09T19:02:13","date_gmt":"2025-06-09T19:02:13","guid":{"rendered":"https:\/\/www.europesays.com\/fr\/163886\/"},"modified":"2025-06-09T19:02:13","modified_gmt":"2025-06-09T19:02:13","slug":"cest-quoi-le-scandale-des-postiers-lune-des-plus-grandes-erreurs-judiciaires-britannique","status":"publish","type":"post","link":"https:\/\/www.europesays.com\/fr\/163886\/","title":{"rendered":"C\u2019est quoi le scandale des postiers, l\u2019une des \u00ab\u00a0plus grandes erreurs judiciaires\u00a0\u00bb britannique\u00a0?"},"content":{"rendered":"<p>C\u2019est <a href=\"https:\/\/www.20minutes.fr\/monde\/royaume-uni\/4069771-20240110-royaume-uni-quoi-histoire-postiers-accuses-tort\" class=\"color-ultramarine c-link\" target=\"_blank\" rel=\"noopener\">un scandale<\/a> d\u2019une telle ampleur que le gouvernement britannique reconna\u00eet aujourd\u2019hui qu\u2019il s\u2019agit de l\u2019une des plus grandes erreurs judiciaires du pays. Entre\u00a01999 et\u00a02015, <a href=\"https:\/\/www.20minutes.fr\/monde\/royaume-uni\/4053610-20230918-royaume-uni-pres-700-000-euros-compensation-postiers-condamnes-tort\" class=\"color-ultramarine c-link\" target=\"_blank\" rel=\"noopener\">pr\u00e8s de 1.000 chefs de bureau de poste ont \u00e9t\u00e9 poursuivis<\/a> pour des d\u00e9tournements d\u2019argent\u2026 qu\u2019ils n\u2019avaient pas commis.<\/p>\n<p>En r\u00e9alit\u00e9, les anomalies comptables venaient d\u2019un logiciel de comptabilit\u00e9 d\u00e9fectueux, Horizon, fourni par le groupe japonais Fujitsu. Mis en place par le Post Office, l\u2019op\u00e9rateur public postal, le logiciel g\u00e9n\u00e9rait de faux d\u00e9ficits dans les comptes des agences, que les employ\u00e9s devaient alors ensuite justifier et rembourser \u00e0 leurs d\u00e9pens.<\/p>\n<\/p>\n<p>Ruine, prison\u2026<\/p>\n<p>Les cons\u00e9quences ont \u00e9t\u00e9 dramatiques\u00a0: certains postiers ont \u00e9t\u00e9 emprisonn\u00e9s, des centaines d\u2019entre eux ont d\u00fb rembourser des sommes qu\u2019ils n\u2019avaient jamais vol\u00e9es, d\u2019autres ont perdu leur emploi et leur r\u00e9putation. Des milliers de personnes ont \u00e9t\u00e9 touch\u00e9es par les erreurs du syst\u00e8me.<\/p>\n<p>En janvier\u00a02024, <a href=\"https:\/\/www.itv.com\/watch\/mr-bates-vs-the-post-office\/10a0469\/10a0469a0001\" rel=\"nofollow noopener\" target=\"_blank\" class=\"color-ultramarine c-link\">une mini-s\u00e9rie diffus\u00e9e par ITV<\/a>, retra\u00e7ant le combat judiciaire d\u2019Alan Bates, l\u2019un des premiers \u00e0 d\u00e9noncer le scandale, a raviv\u00e9 l\u2019int\u00e9r\u00eat pour cette affaire. L\u2019ancien Premier ministre <a href=\"https:\/\/www.20minutes.fr\/monde\/rishi-sunak\/\" class=\"color-ultramarine c-link\" target=\"_blank\" rel=\"noopener\">Rishi Sunak<\/a> a parl\u00e9 de cette affaire comme de \u00ab\u00a0l\u2019une de plus grandes erreurs judiciaires de l\u2019histoire du <a href=\"https:\/\/www.20minutes.fr\/monde\/royaume-uni\/\" class=\"color-ultramarine c-link\" target=\"_blank\" rel=\"noopener\">Royaume-Uni<\/a>\u00a0\u00bb.<\/p>\n<p class=\"mb-m@xs text-l@xs\">En cliquant sur\u00ab J\u2019accepte \u00bb, vous acceptez le d\u00e9p\u00f4t de cookies par des services externes et aurez ainsi acc\u00e8s aux contenus de nos partenaires.<\/p>\n<p class=\"mb-xl@xs text-s@xs\">Plus d\u2019informations sur la page<a href=\"https:\/\/www.20minutes.fr\/gestion-cookies\" class=\"mx-xxs@xs color-ultramarine\" target=\"_blank\" rel=\"noopener\">Politique de gestion des cookies<\/a><\/p>\n<p>J\u2019accepteUn milliard de livres d\u2019indemnit\u00e9s vers\u00e9es<\/p>\n<p>Depuis, plusieurs condamnations ont \u00e9t\u00e9 annul\u00e9es et une commission d\u2019enqu\u00eate publique a \u00e9t\u00e9 lanc\u00e9e. D\u2019apr\u00e8s des chiffres publi\u00e9s ce lundi par le gouvernement britannique, plus d\u2019un milliard de livres (soit pr\u00e8s de 1,2\u00a0milliard d\u2019euros) ont \u00e9t\u00e9 vers\u00e9s en guise d\u2019indemnisation \u00ab\u00a0\u00e0 plus de 7.300 victimes\u00a0\u00bb (sur plus de 11.000 r\u00e9clamations).<\/p>\n<p>Parmi elles, quelque 416 anciens employ\u00e9s comme Alan Bates qui ont per\u00e7u 167\u00a0millions de livres apr\u00e8s avoir poursuivi le Post Office. Aussi, 463 autres personnes condamn\u00e9es \u00e0 tort et blanchies ont re\u00e7u 245\u00a0millions de livres, et 68\u00a0millions de livres ont \u00e9t\u00e9 vers\u00e9es \u00e0 71 personnes condamn\u00e9es puis innocent\u00e9es par la justice.<\/p>\n<p><a href=\"https:\/\/www.20minutes.fr\/dossier\/erreur_judiciaire\" class=\"c-link c-btn c-btn--primary\" target=\"_blank\" rel=\"noopener\">Notre dossier sur les erreurs judiciaires<\/a>Un dispositif encore critiqu\u00e9<\/p>\n<p>Malgr\u00e9 les indemnisations, de nombreuses critiques persistent. Alan Bates, anobli en janvier dernier par le roi <a href=\"https:\/\/www.20minutes.fr\/dossier\/prince_charles\" class=\"color-ultramarine c-link\" target=\"_blank\" rel=\"noopener\">Charles III<\/a>, a jug\u00e9 que la somme qu\u2019on lui proposait ne couvrait m\u00eame pas la moiti\u00e9 de ses pertes. Une commission parlementaire a point\u00e9 la lenteur et la complexit\u00e9 du dispositif de r\u00e9paration.<\/p>\n<p>Le Post Office qui salue ces paiements, assure quant \u00e0 lui que \u00ab\u00a0chaque semaine, de plus en plus de personnes re\u00e7oivent leur r\u00e8glement final et peuvent commencer \u00e0 regarder au-del\u00e0 de ce chapitre douloureux de leur vie.\u00a0\u00bb<\/p>\n","protected":false},"excerpt":{"rendered":"C\u2019est un scandale d\u2019une telle ampleur que le gouvernement britannique reconna\u00eet aujourd\u2019hui qu\u2019il s\u2019agit de l\u2019une des plus&hellip;\n","protected":false},"author":2,"featured_media":163887,"comment_status":"","ping_status":"","sticky":false,"template":"","format":"standard","meta":{"footnotes":""},"categories":[1588],"tags":[47,11,581,21057,1777,674,303,3316,74,12,29664,473,1853,1851,1850,1852],"class_list":{"0":"post-163886","1":"post","2":"type-post","3":"status-publish","4":"format-standard","5":"has-post-thumbnail","7":"category-royaume-uni","8":"tag-actualite","9":"tag-actualites","10":"tag-charles-iii","11":"tag-erreur-judiciaire","12":"tag-eu","13":"tag-europe","14":"tag-justice","15":"tag-la-poste","16":"tag-monde","17":"tag-news","18":"tag-rishi-sunak","19":"tag-royaume-uni","20":"tag-royaume-uni-de-grande-bretagne-et-dirlande-du-nord","21":"tag-uk","22":"tag-united-kingdom","23":"tag-united-kingdom-of-great-britain-and-northern-ireland"},"share_on_mastodon":{"url":"https:\/\/pubeurope.com\/@fr\/114654959672451033","error":""},"_links":{"self":[{"href":"https:\/\/www.europesays.com\/fr\/wp-json\/wp\/v2\/posts\/163886","targetHints":{"allow":["GET"]}}],"collection":[{"href":"https:\/\/www.europesays.com\/fr\/wp-json\/wp\/v2\/posts"}],"about":[{"href":"https:\/\/www.europesays.com\/fr\/wp-json\/wp\/v2\/types\/post"}],"author":[{"embeddable":true,"href":"https:\/\/www.europesays.com\/fr\/wp-json\/wp\/v2\/users\/2"}],"replies":[{"embeddable":true,"href":"https:\/\/www.europesays.com\/fr\/wp-json\/wp\/v2\/comments?post=163886"}],"version-history":[{"count":0,"href":"https:\/\/www.europesays.com\/fr\/wp-json\/wp\/v2\/posts\/163886\/revisions"}],"wp:featuredmedia":[{"embeddable":true,"href":"https:\/\/www.europesays.com\/fr\/wp-json\/wp\/v2\/media\/163887"}],"wp:attachment":[{"href":"https:\/\/www.europesays.com\/fr\/wp-json\/wp\/v2\/media?parent=163886"}],"wp:term":[{"taxonomy":"category","embeddable":true,"href":"https:\/\/www.europesays.com\/fr\/wp-json\/wp\/v2\/categories?post=163886"},{"taxonomy":"post_tag","embeddable":true,"href":"https:\/\/www.europesays.com\/fr\/wp-json\/wp\/v2\/tags?post=163886"}],"curies":[{"name":"wp","href":"https:\/\/api.w.org\/{rel}","templated":true}]}}