{"id":163890,"date":"2025-06-09T19:04:11","date_gmt":"2025-06-09T19:04:11","guid":{"rendered":"https:\/\/www.europesays.com\/fr\/163890\/"},"modified":"2025-06-09T19:04:11","modified_gmt":"2025-06-09T19:04:11","slug":"la-crise-de-la-peche-alimente-lexode-vers-leurope-2","status":"publish","type":"post","link":"https:\/\/www.europesays.com\/fr\/163890\/","title":{"rendered":"la crise de la p\u00eache alimente l\u2019exode vers l\u2019Europe"},"content":{"rendered":"<p><img decoding=\"async\" class=\"caas-img\" alt=\"Sur cette photo prise le lundi 15 juin 2015 \u00e0 Thiaroye, au S\u00e9n\u00e9gal, des p\u00eacheurs r\u00e9parent leurs filets avant de partir en mer. Il y a pr\u00e8s de dix ans, Mor Mar, p\u00eacheur s\u00e9n\u00e9galais, avait tent\u00e9 la travers\u00e9e ill\u00e9gale vers l\u2019Espagne dans l\u2019espoir d\u2019une vie meilleure en Europe. Mais des vagues violentes ont contraint son embarcation \u00e0 rebrousser chemin.\u00a0  - Credit:Babacar Dione\/AP\/SIPA\" bad-src=\"https:\/\/www.europesays.com\/fr\/wp-content\/uploads\/2025\/06\/a867d7e17adbf88c845b72d1b48dd13c.jpeg\" fetchpriority=\"high\" src=\"https:\/\/www.europesays.com\/fr\/wp-content\/uploads\/2025\/06\/a867d7e17adbf88c845b72d1b48dd13c.jpeg\"\/><\/p>\n<p>Sur cette photo prise le lundi 15 juin 2015 \u00e0 Thiaroye, au S\u00e9n\u00e9gal, des p\u00eacheurs r\u00e9parent leurs filets avant de partir en mer. Il y a pr\u00e8s de dix ans, Mor Mar, p\u00eacheur s\u00e9n\u00e9galais, avait tent\u00e9 la travers\u00e9e ill\u00e9gale vers l\u2019Espagne dans l\u2019espoir d\u2019une vie meilleure en Europe. Mais des vagues violentes ont contraint son embarcation \u00e0 rebrousser chemin. &#8211; Credit:Babacar Dione\/AP\/SIPA<\/p>\n<p>Si la distance qui s\u00e9pare le S\u00e9n\u00e9gal des \u00eeles espagnoles des Canaries n&rsquo;est que d&rsquo;environ 1\u00a0700\u00a0kilom\u00e8tres, cette route migratoire reste l&rsquo;une des plus meurtri\u00e8res au monde. Selon l&rsquo;ONG espagnole Caminando Fronteras, <a class=\"link \" href=\"https:\/\/www.lepoint.fr\/afrique\/migrants-et-si-des-assises-africaines-s-imposaient-24-11-2022-2499066_3826.php\" rel=\"nofollow noopener\" target=\"_blank\" data-ylk=\"slk:plus de 3\u00a0000 migrants;elm:context_link;itc:0;sec:content-canvas\">plus de 3\u00a0000 migrants <\/a>sont morts dans cette travers\u00e9e en 2023. Un chiffre qui reste sous-estim\u00e9 compte tenu des nombreuses embarcations port\u00e9es disparues et des corps \u00e0 jamais engloutis par les eaux. La trag\u00e9die qui a frapp\u00e9 le village de p\u00eacheurs de Fass Boye (140\u00a0kilom\u00e8tres au nord de Dakar) en ao\u00fbt\u00a02023 avait jet\u00e9 une lumi\u00e8re crue sur un ph\u00e9nom\u00e8ne dramatique au S\u00e9n\u00e9gal\u00a0: celui de la crise de la p\u00eache traditionnelle qui pousse depuis une dizaine d&rsquo;ann\u00e9es les p\u00eacheurs \u00e0 prendre la pirogue pour tenter d&rsquo;entrer ill\u00e9galement en Europe. En 2024, 63\u00a0970 migrants sont entr\u00e9s de mani\u00e8re irr\u00e9guli\u00e8re en Espagne, plus du double par rapport \u00e0 2022. Une grande partie d&rsquo;entre eux ont d\u00e9barqu\u00e9 sur les \u00eeles Canaries o\u00f9 le nombre de migrants a, lui, augment\u00e9 de 200\u00a0% entre\u00a02022 et\u00a02024.<\/p>\n<p>La majorit\u00e9 des\u00a0101\u00a0passagers de la pirogue partie de Fass Boye \u00e9tait constitu\u00e9e de jeunes p\u00eacheurs dont l&rsquo;activit\u00e9 ne leur permettait plus de subvenir \u00e0 leurs besoins. La mort de\u00a063\u00a0d&rsquo;entre eux dans ce naufrage a endeuill\u00e9 toute une communaut\u00e9. Comme dans d&rsquo;autres villages c\u00f4tiers o\u00f9 la p\u00eache \u00e9tait la principale activit\u00e9, cette localit\u00e9 a subi de plein fouet le d\u00e9clin du secteur de la p\u00eache, qui autrefois faisait vivre de nombreuses familles. Dans son rapport sorti le 13\u00a0mai [&#8230;] <a href=\"https:\/\/www.lepoint.fr\/afrique\/senegal-la-crise-de-la-peche-alimente-l-exode-vers-l-europe-09-06-2025-2591596_3826.php\" rel=\"nofollow noopener\" target=\"_blank\" data-ylk=\"slk:Lire la suite;elm:context_link;itc:0;sec:content-canvas\" class=\"link \">Lire la suite<\/a><\/p>\n","protected":false},"excerpt":{"rendered":"Sur cette photo prise le lundi 15 juin 2015 \u00e0 Thiaroye, au S\u00e9n\u00e9gal, des p\u00eacheurs r\u00e9parent leurs filets&hellip;\n","protected":false},"author":2,"featured_media":163891,"comment_status":"","ping_status":"","sticky":false,"template":"","format":"standard","meta":{"footnotes":""},"categories":[1586],"tags":[11,1777,674,29666,1011,27,29667,29665,12,25,880],"class_list":{"0":"post-163890","1":"post","2":"type-post","3":"status-publish","4":"format-standard","5":"has-post-thumbnail","7":"category-europe","8":"tag-actualites","9":"tag-eu","10":"tag-europe","11":"tag-fass-boye","12":"tag-fr","13":"tag-france","14":"tag-la-peche","15":"tag-les-iles-canaries","16":"tag-news","17":"tag-republique-francaise","18":"tag-senegal"},"share_on_mastodon":{"url":"https:\/\/pubeurope.com\/@fr\/114654967570824527","error":""},"_links":{"self":[{"href":"https:\/\/www.europesays.com\/fr\/wp-json\/wp\/v2\/posts\/163890","targetHints":{"allow":["GET"]}}],"collection":[{"href":"https:\/\/www.europesays.com\/fr\/wp-json\/wp\/v2\/posts"}],"about":[{"href":"https:\/\/www.europesays.com\/fr\/wp-json\/wp\/v2\/types\/post"}],"author":[{"embeddable":true,"href":"https:\/\/www.europesays.com\/fr\/wp-json\/wp\/v2\/users\/2"}],"replies":[{"embeddable":true,"href":"https:\/\/www.europesays.com\/fr\/wp-json\/wp\/v2\/comments?post=163890"}],"version-history":[{"count":0,"href":"https:\/\/www.europesays.com\/fr\/wp-json\/wp\/v2\/posts\/163890\/revisions"}],"wp:featuredmedia":[{"embeddable":true,"href":"https:\/\/www.europesays.com\/fr\/wp-json\/wp\/v2\/media\/163891"}],"wp:attachment":[{"href":"https:\/\/www.europesays.com\/fr\/wp-json\/wp\/v2\/media?parent=163890"}],"wp:term":[{"taxonomy":"category","embeddable":true,"href":"https:\/\/www.europesays.com\/fr\/wp-json\/wp\/v2\/categories?post=163890"},{"taxonomy":"post_tag","embeddable":true,"href":"https:\/\/www.europesays.com\/fr\/wp-json\/wp\/v2\/tags?post=163890"}],"curies":[{"name":"wp","href":"https:\/\/api.w.org\/{rel}","templated":true}]}}