{"id":163898,"date":"2025-06-09T19:08:09","date_gmt":"2025-06-09T19:08:09","guid":{"rendered":"https:\/\/www.europesays.com\/fr\/163898\/"},"modified":"2025-06-09T19:08:09","modified_gmt":"2025-06-09T19:08:09","slug":"le-silence-serait-une-faute-en-france-des-milliers-de-personnes-se-levent-contre-linterception-dun-bateau-humanitaire-par-israel","status":"publish","type":"post","link":"https:\/\/www.europesays.com\/fr\/163898\/","title":{"rendered":"\u00ab\u00a0Le silence serait une faute\u00a0\u00bb\u00a0: en France, des milliers de personnes se l\u00e8vent contre l\u2019interception d\u2019un bateau humanitaire par Isra\u00ebl"},"content":{"rendered":"<p>Lille, Lyon, Marseille, Bordeaux, Nice, ou encore place de la R\u00e9publique \u00e0 Paris\u2026 \u00c9quip\u00e9s de drapeaux palestiniens, de banderoles et au son de chants comme \u00ab Lib\u00e9rez la Palestine \u00bb ou \u00ab Gaza, Gaza, on est tous avec toi \u00bb, ces manifestants ont appel\u00e9 \u00e0 la \u00ab lib\u00e9ration \u00bb des douze militants du voilier \u00ab Madleen \u00bb et \u00e0 la poursuite de leur mission humanitaire, ont constat\u00e9 plusieurs \u00e9quipes de l\u2019AFP \u00e0 travers la France.<\/p>\n<p>\u00c0 Lille, autour de 2 000 personnes \u00e9taient \u00e9galement rassembl\u00e9es dans la soir\u00e9e, selon une estimation d\u2019un journaliste de l\u2019AFP. \u00ab La France des lumi\u00e8res \u00e9teintes en Palestine \u00bb, \u00ab halte au massacre en Palestine \u00bb, pouvait-on lire sur des panonceaux. Au micro, une porte-parole de l\u2019Association France Palestine Solidarit\u00e9 (AFPS) a exprim\u00e9 sa \u00ab solidarit\u00e9 inconditionnelle \u00bb aux militants du \u00ab Madleen \u00bb.<\/p>\n<p>Un \u00ab silence complice \u00bb d\u00e9nonc\u00e9 en Bretagne<\/p>\n<p>Plusieurs rassemblements de soutien \u00e9taient \u00e9galement organis\u00e9s en Bretagne. Ils \u00e9taient <a href=\"https:\/\/www.letelegramme.fr\/finistere\/morlaix-29600\/a-morlaix-plus-de-150-personnes-exigent-larret-du-genocide-a-gaza-6833103.php\" target=\"_blank\" rel=\"noopener\">pr\u00e8s de 150 \u00e0 Morlaix<\/a>, <a href=\"https:\/\/www.letelegramme.fr\/finistere\/concarneau-29900\/a-concarneau-un-rassemblement-de-soutien-a-gaza-et-au-voilier-madleen-ce-lundi-soir-6832926.php\" target=\"_blank\" rel=\"noopener\">plus de 200 \u00e0 Concarneau<\/a> et <a href=\"https:\/\/www.letelegramme.fr\/cotes-d-armor\/saint-brieuc-22000\/lappel-a-la-liberation-immediate-de-lequipage-de-la-flottille-de-la-liberte-pour-gaza-resonne-jusqua-saint-brieuc-6833114.php\" target=\"_blank\" rel=\"noopener\">au moins autant \u00e0 Saint-Brieuc<\/a>, d\u00e8s 18 h. Les intervenants de ces mobilisation organis\u00e9es au pied lev\u00e9 ont, pour certains, d\u00e9plor\u00e9 le \u00ab silence complice \u00bb du gouvernement fran\u00e7ais. \u00ab Cette flottille a \u00e9t\u00e9 arr\u00eat\u00e9e au m\u00e9pris de toutes les r\u00e8gles maritimes et internationales \u00bb, a, par ailleurs, soulev\u00e9 un membre du collectif Paix Palestine. \u00ab On ne peut pas regarder ce qui se passe l\u00e0-bas et faire comme si de rien n\u2019\u00e9tait \u00bb, s\u2019est confi\u00e9 une jeune manifestante de 19 ans.<\/p>\n<p>\u00ab Faciliter le retour rapide \u00bb des Fran\u00e7ais \u00e0 bord<\/p>\n<p>Le voilier avec \u00e0 son bord 12 militants fran\u00e7ais, allemand, br\u00e9silien, turc, su\u00e9dois, espagnol et n\u00e9erlandais, est parti d\u2019Italie le 1er juin pour \u00ab briser le blocus isra\u00e9lien \u00bb \u00e0 Gaza, en proie \u00e0 une situation humanitaire d\u00e9sastreuse apr\u00e8s plus de dix-huit mois de guerre. Il transporte notamment la militante \u00e9cologiste su\u00e9doise Greta Thunberg et l\u2019eurod\u00e9put\u00e9e franco-palestinienne Insoumise Rima Hassan, ainsi que de l\u2019aide humanitaire.<\/p>\n<p>Il \u00ab fait route en toute s\u00e9curit\u00e9 vers les c\u00f4tes d\u2019Isra\u00ebl. Il est pr\u00e9vu que les passagers retournent dans leurs pays \u00bb, a indiqu\u00e9, dimanche, le minist\u00e8re isra\u00e9lien des Affaires \u00e9trang\u00e8res, qui a publi\u00e9 des images montrant une distribution de sandwiches et d\u2019eau aux passagers du bateau, \u00e9quip\u00e9s de gilets de sauvetage. Peu avant 20 h, le navire arrivait au port d\u2019Ashdod<\/p>\n<p>Les communications ont \u00e9t\u00e9 coup\u00e9es depuis avec l\u2019\u00e9quipage, selon La France insoumise, parti dont Rima Hassan est issue.<\/p>\n<p>Pr\u00e9sent place de la R\u00e9publique \u00e0 Paris aux c\u00f4t\u00e9s d\u2019autres repr\u00e9sentants de partis de gauche, le leader du mouvement <a href=\"https:\/\/www.letelegramme.fr\/france\/bateau-pour-gaza-intercepte-jean-luc-melenchon-denonce-un-acte-de-piraterie-6833084.php\" target=\"_blank\" rel=\"noopener\">Jean-Luc M\u00e9lenchon a qualifi\u00e9 la man\u0153uvre isra\u00e9lienne \u00ab d\u2019acte de piraterie internationale \u00bb<\/a>. Il a \u00e9galement appel\u00e9 \u00e0 un nouveau \u00ab grand rassemblement du peuple fran\u00e7ais au service des Palestiniens \u00bb, samedi.<\/p>\n<p>Le pr\u00e9sident fran\u00e7ais Emmanuel Macron avait de son c\u00f4t\u00e9 \u00ab demand\u00e9 de permettre, dans les plus brefs d\u00e9lais, le retour en France \u00bb des six ressortissants fran\u00e7ais, selon l\u2019\u00c9lys\u00e9e.<\/p>\n<p>\u00ab D\u00e8s l\u2019arraisonnement du navire, nous avons demand\u00e9 \u00e0 pouvoir exercer notre protection consulaire \u00e0 leur \u00e9gard \u00bb et \u00e0 leur \u00ab rendre visite \u00bb d\u00e8s qu\u2019ils auront rejoint le territoire isra\u00e9lien, \u00ab en vue de s\u2019assurer de leur situation et de faciliter leur retour rapide en France \u00bb, a dit le chef de la diplomatie, Jean-No\u00ebl Barrot.<\/p>\n<p>\u00ab L\u2019\u00e9quipage a atteint son but. Il doit maintenant faire l\u2019objet d\u2019un soutien des \u00c9tats europ\u00e9ens. Le silence des gouvernements serait une faute \u00bb, a r\u00e9agi le premier secr\u00e9taire du Parti socialiste, Olivier Faure, sur X.<\/p>\n<blockquote class=\"twitter-tweet\">\n<p lang=\"fr\" dir=\"ltr\">La flottille de la libert\u00e9 a \u00e9t\u00e9 intercept\u00e9e ill\u00e9galement dans les eaux internationales. La m\u00e9diatisation de cette travers\u00e9e avait pour vocation de jeter une lumi\u00e8re crue sur ce qui se passe loin des journalistes, interdits d\u2019entr\u00e9e \u00e0 Gaza. L\u2019\u00e9quipage a atteint son but. Il doit\u2026<\/p>\n<p>\u2014 Olivier Faure (@faureolivier) <a href=\"https:\/\/twitter.com\/faureolivier\/status\/1932001259722100783?ref_src=twsrc%5Etfw\" target=\"_blank\" rel=\"noopener\">June 9, 2025<\/a><\/p><\/blockquote>\n<p>Les partis de la gauche fran\u00e7aise, comme Amnesty International, estiment que l\u2019interception du bateau s\u2019est produite en \u00ab bafouant \u00bb le droit international.<\/p>\n<p><script async src=\"https:\/\/platform.twitter.com\/widgets.js\" charset=\"utf-8\"><\/script><\/p>\n","protected":false},"excerpt":{"rendered":"Lille, Lyon, Marseille, Bordeaux, Nice, ou encore place de la R\u00e9publique \u00e0 Paris\u2026 \u00c9quip\u00e9s de drapeaux palestiniens, de&hellip;\n","protected":false},"author":2,"featured_media":163899,"comment_status":"","ping_status":"","sticky":false,"template":"","format":"standard","meta":{"footnotes":""},"categories":[4],"tags":[11,765,1011,27,665,12736,2088,12,25,801],"class_list":{"0":"post-163898","1":"post","2":"type-post","3":"status-publish","4":"format-standard","5":"has-post-thumbnail","7":"category-france","8":"tag-actualites","9":"tag-en-continu","10":"tag-fr","11":"tag-france","12":"tag-gaza","13":"tag-israel-palestine","14":"tag-manifestation","15":"tag-news","16":"tag-republique-francaise","17":"tag-social"},"share_on_mastodon":{"url":"https:\/\/pubeurope.com\/@fr\/114654983297893788","error":""},"_links":{"self":[{"href":"https:\/\/www.europesays.com\/fr\/wp-json\/wp\/v2\/posts\/163898","targetHints":{"allow":["GET"]}}],"collection":[{"href":"https:\/\/www.europesays.com\/fr\/wp-json\/wp\/v2\/posts"}],"about":[{"href":"https:\/\/www.europesays.com\/fr\/wp-json\/wp\/v2\/types\/post"}],"author":[{"embeddable":true,"href":"https:\/\/www.europesays.com\/fr\/wp-json\/wp\/v2\/users\/2"}],"replies":[{"embeddable":true,"href":"https:\/\/www.europesays.com\/fr\/wp-json\/wp\/v2\/comments?post=163898"}],"version-history":[{"count":0,"href":"https:\/\/www.europesays.com\/fr\/wp-json\/wp\/v2\/posts\/163898\/revisions"}],"wp:featuredmedia":[{"embeddable":true,"href":"https:\/\/www.europesays.com\/fr\/wp-json\/wp\/v2\/media\/163899"}],"wp:attachment":[{"href":"https:\/\/www.europesays.com\/fr\/wp-json\/wp\/v2\/media?parent=163898"}],"wp:term":[{"taxonomy":"category","embeddable":true,"href":"https:\/\/www.europesays.com\/fr\/wp-json\/wp\/v2\/categories?post=163898"},{"taxonomy":"post_tag","embeddable":true,"href":"https:\/\/www.europesays.com\/fr\/wp-json\/wp\/v2\/tags?post=163898"}],"curies":[{"name":"wp","href":"https:\/\/api.w.org\/{rel}","templated":true}]}}